{"id":46085,"date":"2017-11-17T10:56:56","date_gmt":"2017-11-17T10:56:56","guid":{"rendered":"http:\/\/folhadosudeste.com\/site\/?p=46085"},"modified":"2017-11-17T10:56:56","modified_gmt":"2017-11-17T10:56:56","slug":"radio-catedral-comemora-tres-anos-e-recebe-visita-do-bispo-dom-jose-eudes","status":"publish","type":"post","link":"http:\/\/folhadosudeste.com\/site\/?p=46085","title":{"rendered":"R\u00c1DIO CATEDRAL COMEMORA TR\u00caS ANOS E RECEBE VISITA DO BISPO DOM JOS\u00c9 EUDES"},"content":{"rendered":"<p style=\"text-align: justify;\"><a href=\"http:\/\/folhadosudeste.com\/site\/wp-content\/uploads\/2017\/11\/RADIO-CATEDRAL.jpg\"><img loading=\"lazy\" decoding=\"async\" class=\"aligncenter size-full wp-image-46086\" src=\"http:\/\/folhadosudeste.com\/site\/wp-content\/uploads\/2017\/11\/RADIO-CATEDRAL.jpg\" alt=\"\" width=\"620\" height=\"241\" srcset=\"http:\/\/folhadosudeste.com\/site\/wp-content\/uploads\/2017\/11\/RADIO-CATEDRAL.jpg 620w, http:\/\/folhadosudeste.com\/site\/wp-content\/uploads\/2017\/11\/RADIO-CATEDRAL-300x117.jpg 300w\" sizes=\"auto, (max-width: 620px) 100vw, 620px\" \/><\/a><\/p>\n<p style=\"text-align: justify;\">A R\u00e1dio Catedral completa, neste m\u00eas de novembro, tr\u00eas anos de hist\u00f3ria em Muria\u00e9. Na sexta-feira (10), a equipe da r\u00e1dio recebeu, em sua sede, na Matriz S\u00e3o Paulo, a visita do Bispo Dom Jos\u00e9 Eudes, da Diocese de Leopoldina, acompanhado do Pe. C\u00edcero, que concedeu sua b\u00ean\u00e7\u00e3o sobre os equipamentos, funcion\u00e1rios, volunt\u00e1rios e colaboradores do meio de comunica\u00e7\u00e3o. Ele participou de um caf\u00e9 da manh\u00e3 de confraterniza\u00e7\u00e3o. Pe. Adilson Jos\u00e9 Dias Nery, presidente da R\u00e1dio Catedral, come\u00e7ou a participar sob dire\u00e7\u00e3o do Pe. Silas e com a transfer\u00eancia dele, assumiu a frente da r\u00e1dio. <em>\u201cAo longo desses anos, demos um passo muito grande na \u00e1rea da comunica\u00e7\u00e3o, com profissionais muito bons, evoluindo, ganhando audi\u00eancia a cada dia, seja dos cat\u00f3licos ou dos evang\u00e9licos, porque temos nossa responsabilidade de passar a mensagem religiosa e a ideia de que a educa\u00e7\u00e3o cidad\u00e3 pode ser melhorada com a evangeliza\u00e7\u00e3o e os valores do Evangelho\u201d,<\/em> explica.<\/p>\n<p style=\"text-align: justify;\">Segundo Almir de Andrade, diretor administrativo e financeiro da r\u00e1dio, \u00e9 uma alegria muito grande ver a evolu\u00e7\u00e3o, principalmente no contato com o p\u00fablico. <em>\u201cNossa diretoria atual, com apenas um ano de trabalho vem dando sequ\u00eancia a essa hist\u00f3ria. Agradecemos todos os colaboradores, pois a r\u00e1dio \u00e9 um segmento da igreja, de evangeliza\u00e7\u00e3o, e vem a cada dia conquistando o p\u00fablico. Temos um site em formato de portal com os programas que temos e ficamos muito felizes em ver que os apoiadores acreditam em nosso trabalho. Tentamos fazer algo pr\u00f3ximo do povo. Nossa programa\u00e7\u00e3o come\u00e7a \u00e0s 5 da manh\u00e3 e vai at\u00e9 a meia noite, com muita participa\u00e7\u00e3o e interatividade. Ao longo da semana, temos programas com missas, a palavra de nossos padres, divulga\u00e7\u00e3o de projetos da Igreja, informa\u00e7\u00e3o, divulga\u00e7\u00e3o do esporte local e regional e muito mais. Agradecemos a audi\u00eancia e respaldo e todas as pessoas que fazem suas doa\u00e7\u00f5es para manuten\u00e7\u00e3o das atividades. Todos fazem parte dessa hist\u00f3ria\u201d,<\/em> completa.<\/p>\n<p>[ngg_images source=&#8221;galleries&#8221; container_ids=&#8221;1193&#8243; display_type=&#8221;photocrati-nextgen_basic_thumbnails&#8221; override_thumbnail_settings=&#8221;0&#8243; thumbnail_width=&#8221;100&#8243; thumbnail_height=&#8221;75&#8243; thumbnail_crop=&#8221;1&#8243; images_per_page=&#8221;0&#8243; number_of_columns=&#8221;0&#8243; ajax_pagination=&#8221;0&#8243; show_all_in_lightbox=&#8221;0&#8243; use_imagebrowser_effect=&#8221;0&#8243; show_slideshow_link=&#8221;1&#8243; slideshow_link_text=&#8221;[Show as slideshow]&#8221; order_by=&#8221;sortorder&#8221; order_direction=&#8221;ASC&#8221; returns=&#8221;included&#8221; maximum_entity_count=&#8221;500&#8243;]<\/p>\n","protected":false},"excerpt":{"rendered":"<p>A R\u00e1dio Catedral completa, neste m\u00eas de novembro, tr\u00eas anos de hist\u00f3ria em Muria\u00e9. Na sexta-feira (10), a equipe da r\u00e1dio recebeu, em sua sede, na Matriz S\u00e3o Paulo, a visita do Bispo Dom Jos\u00e9 Eudes, da Diocese de Leopoldina, acompanhado do Pe. C\u00edcero, que concedeu sua b\u00ean\u00e7\u00e3o sobre os equipamentos, funcion\u00e1rios, volunt\u00e1rios e colaboradores [&hellip;]<\/p>\n","protected":false},"author":2,"featured_media":46086,"comment_status":"open","ping_status":"closed","sticky":false,"template":"","format":"standard","meta":{"_joinchat":[],"footnotes":""},"categories":[1],"tags":[],"class_list":["post-46085","post","type-post","status-publish","format-standard","has-post-thumbnail","hentry","category-sem-categoria"],"_links":{"self":[{"href":"http:\/\/folhadosudeste.com\/site\/index.php?rest_route=\/wp\/v2\/posts\/46085","targetHints":{"allow":["GET"]}}],"collection":[{"href":"http:\/\/folhadosudeste.com\/site\/index.php?rest_route=\/wp\/v2\/posts"}],"about":[{"href":"http:\/\/folhadosudeste.com\/site\/index.php?rest_route=\/wp\/v2\/types\/post"}],"author":[{"embeddable":true,"href":"http:\/\/folhadosudeste.com\/site\/index.php?rest_route=\/wp\/v2\/users\/2"}],"replies":[{"embeddable":true,"href":"http:\/\/folhadosudeste.com\/site\/index.php?rest_route=%2Fwp%2Fv2%2Fcomments&post=46085"}],"version-history":[{"count":1,"href":"http:\/\/folhadosudeste.com\/site\/index.php?rest_route=\/wp\/v2\/posts\/46085\/revisions"}],"predecessor-version":[{"id":46103,"href":"http:\/\/folhadosudeste.com\/site\/index.php?rest_route=\/wp\/v2\/posts\/46085\/revisions\/46103"}],"wp:featuredmedia":[{"embeddable":true,"href":"http:\/\/folhadosudeste.com\/site\/index.php?rest_route=\/wp\/v2\/media\/46086"}],"wp:attachment":[{"href":"http:\/\/folhadosudeste.com\/site\/index.php?rest_route=%2Fwp%2Fv2%2Fmedia&parent=46085"}],"wp:term":[{"taxonomy":"category","embeddable":true,"href":"http:\/\/folhadosudeste.com\/site\/index.php?rest_route=%2Fwp%2Fv2%2Fcategories&post=46085"},{"taxonomy":"post_tag","embeddable":true,"href":"http:\/\/folhadosudeste.com\/site\/index.php?rest_route=%2Fwp%2Fv2%2Ftags&post=46085"}],"curies":[{"name":"wp","href":"https:\/\/api.w.org\/{rel}","templated":true}]}}