{"id":46104,"date":"2017-11-17T10:59:59","date_gmt":"2017-11-17T10:59:59","guid":{"rendered":"http:\/\/folhadosudeste.com\/site\/?p=46104"},"modified":"2017-11-17T10:59:59","modified_gmt":"2017-11-17T10:59:59","slug":"prefeitura-inaugura-nova-ubs-no-planalto-para-ampliar-atendimentos","status":"publish","type":"post","link":"http:\/\/folhadosudeste.com\/site\/?p=46104","title":{"rendered":"PREFEITURA INAUGURA NOVA\u00a0UBS\u00a0NO\u00a0PLANALTO\u00a0PARA AMPLIAR ATENDIMENTOS"},"content":{"rendered":"<p style=\"text-align: justify;\"><a href=\"http:\/\/folhadosudeste.com\/site\/wp-content\/uploads\/2017\/11\/UBS.jpg\"><img loading=\"lazy\" decoding=\"async\" class=\"aligncenter size-full wp-image-46105\" src=\"http:\/\/folhadosudeste.com\/site\/wp-content\/uploads\/2017\/11\/UBS.jpg\" alt=\"\" width=\"620\" height=\"253\" srcset=\"http:\/\/folhadosudeste.com\/site\/wp-content\/uploads\/2017\/11\/UBS.jpg 620w, http:\/\/folhadosudeste.com\/site\/wp-content\/uploads\/2017\/11\/UBS-300x122.jpg 300w\" sizes=\"auto, (max-width: 620px) 100vw, 620px\" \/><\/a><\/p>\n<p style=\"text-align: justify;\"><strong><em>Benef\u00edcio permitir\u00e1 aumento no n\u00famero de atendimentos para muriaeenses, oferecer\u00e1 mais conforto e estacionamento para ve\u00edculos<\/em><\/strong><\/p>\n<p style=\"text-align: justify;\">A nova Unidade B\u00e1sica de Sa\u00fade do&nbsp;Planalto&nbsp;foi inaugurada na \u00faltima sexta-feira (10). A&nbsp;UBS, que antes funcionava em espa\u00e7o alugado pela Prefeitura, passa a ter sede pr\u00f3pria. O benef\u00edcio ir\u00e1 permitir o aumento nos atendimentos, oferecendo depend\u00eancias mais confort\u00e1veis, espa\u00e7o adequado para cada tipo de servi\u00e7o, al\u00e9m de promover o acesso de ve\u00edculos por duas ruas e contar com estacionamento pr\u00f3prio.<\/p>\n<p style=\"text-align: justify;\">O evento de inaugura\u00e7\u00e3o reuniu autoridades municipais, secret\u00e1rios, vereadores, moradores, al\u00e9m de parentes da homenageada que deu nome \u00e0 nova institui\u00e7\u00e3o, Irm\u00e3 Gl\u00f3ria Abreu. A&nbsp;UBS&nbsp;contar\u00e1 com cl\u00ednico geral,&nbsp;equipe de Programa de Sa\u00fade da Fam\u00edlia, servi\u00e7o odontol\u00f3gico, sala para curativos, vacina\u00e7\u00e3o,&nbsp;exames e demais a\u00e7\u00f5es, assim como disponibilizar\u00e1 de&nbsp;N\u00facleo de Apoio \u00e0 Sa\u00fade Familiar (NASF), formada por psic\u00f3logo, nutricionista, fisioterapeuta, terapeuta ocupacional e preparador f\u00edsico, que auxiliar\u00e3o nos acompanhamentos familiares e na qualidade de vida dos idosos.<\/p>\n<p style=\"text-align: justify;\">O&nbsp;morador da localidade, tamb\u00e9m integrante da Associa\u00e7\u00e3o de bairro,&nbsp;Abr\u00e3o Jos\u00e9 de Paula, lembra que o antigo posto era insalubre e com depend\u00eancias limitadas para atendimento. \u201cO antigo local era pequeno, alugado, sem estrutura para receber a popula\u00e7\u00e3o do&nbsp;Planalto, que est\u00e1 crescendo muito. Agradecemos ao prefeito Grego e ao secret\u00e1rio de Obras, Aderbal Fernandes, pela unidade de excelente padr\u00e3o que nos entregaram e pela cria\u00e7\u00e3o das ruas de acesso, que permitir\u00e3o o tr\u00e2nsito adequado para os moradores\u201d, ressaltou.<\/p>\n<p style=\"text-align: justify;\"><strong>Unidade beneficiar\u00e1 moradores com mais conforto e espa\u00e7o para novas especialidades<\/strong><\/p>\n<p style=\"text-align: justify;\">Segundo o secret\u00e1rio de Sa\u00fade, Paulo C\u00e9sar de Oliveira, as novas depend\u00eancias oferecer\u00e3o espa\u00e7o para contrata\u00e7\u00e3o de mais m\u00e9dicos especialistas. \u201cA nova unidade vai promover um \u00f3timo n\u00edvel de atendimento. Em um momento em que v\u00e1rios estabelecimentos de sa\u00fade est\u00e3o sendo fechados, n\u00f3s estamos inaugurando a terceira unidade neste ano e a constru\u00edmos com um padr\u00e3o nota 10. Com a nova sede, economizaremos em aluguel e poderemos investir em mais profissionais especializados\u201d, lembrou o secret\u00e1rio.<\/p>\n<p style=\"text-align: justify;\">O prefeito Grego comemorou as novas instala\u00e7\u00f5es, e ressaltou os investimentos na sa\u00fade mesmo com as dificuldades financeiras que o pa\u00eds e as prefeituras passam. \u201cA popula\u00e7\u00e3o, que \u00e9 o que mais nos importa, ser\u00e1 beneficiada com esta nova Unidade de Sa\u00fade. Estamos passando por per\u00edodos dif\u00edceis, com poucos recursos, e, mesmo assim, fizemos uma importante obra com pouco dinheiro. Estamos entregando uma&nbsp;UBS&nbsp;constru\u00edda com o mais alto padr\u00e3o de acabamento, localizada em um belo local, com estacionamento pr\u00f3prio e ambiente de alt\u00edssimo conforto. \u00c9 assim que vamos construir uma nova realidade para a sa\u00fade de nossa cidade\u201d, informou o prefeito Grego.<\/p>\n<p style=\"text-align: justify;\">A UBS (Unidade B\u00e1sica de Sa\u00fade) Planalto oficializada pela lei n 5545\/2017 com denomina\u00e7\u00e3o \u201dIrm\u00e3 Gl\u00f3ria de Abreu\u201d.<\/p>\n<p style=\"text-align: justify;\">\u201dIrm\u00e3 Gl\u00f3ria de Abreu\u201d nasceu em Muria\u00e9 no dia 7 de janeiro de 1922, filha do casal Augusto Jos\u00e9 de Abreu Xavier e Izaltina Souza Abreu, propriet\u00e1rios da antiga fazenda Desengano, exatamente neste local da UBS.<\/p>\n<p style=\"text-align: justify;\">Ainda muito jovem, foi para o convento das irm\u00e3s Marcelinas, em Botucatu-SP, onde j\u00e1 se encontrava sua Irm\u00e3, Alexandra Abreu, quando juntas fizeram noviciado e se tornaram irm\u00e3s da congrega\u00e7\u00e3o Marcelina.<\/p>\n<p style=\"text-align: justify;\">Retornou para Muria\u00e9 em 1950, juntamente com outras irm\u00e3s, foi prestar servi\u00e7os no Hospital S\u00e3o Paulo, onde trabalhou durante longos anos de sua vida, doando-se aos cuidados dos mais necessitados, permanecendo nesta atividade at\u00e9 o&nbsp; final do S\u00e9culo XX.<\/p>\n<p style=\"text-align: justify;\">Trabalhou em v\u00e1rios setores do Hospital S\u00e3o Paulo, sempre com muita dedica\u00e7\u00e3o e carinho, at\u00e9 que, muito debilitada, mudou-se para cidade de S\u00e3o Paulo, para Casa de Repouso das Irm\u00e3s Marcelinas, anexo ao Hospital Santa Marcelina, em Itaquera \u2013 SP, onde faleceu no m\u00eas de julho de 2009. Foi velada e sepultada em Muria\u00e9, sua terra natal.<\/p>\n<p style=\"text-align: justify;\">A homenagem prestada \u00e0 Irma Gl\u00f3ria de Abreu, \u201cIrma Glorinha\u201d, como era carinhosamente conhecida, \u00e9 justa e merecida, pela sua total dedica\u00e7\u00e3o \u00e0 sa\u00fade, a qual nunca mediu esfor\u00e7os, principalmente aos menos favorecidos no HSP para recupera\u00e7\u00e3o de sua sa\u00fade.<\/p>\n<p>[ngg_images source=&#8221;galleries&#8221; container_ids=&#8221;1194&#8243; display_type=&#8221;photocrati-nextgen_basic_thumbnails&#8221; override_thumbnail_settings=&#8221;0&#8243; thumbnail_width=&#8221;100&#8243; thumbnail_height=&#8221;75&#8243; thumbnail_crop=&#8221;1&#8243; images_per_page=&#8221;0&#8243; number_of_columns=&#8221;0&#8243; ajax_pagination=&#8221;0&#8243; show_all_in_lightbox=&#8221;0&#8243; use_imagebrowser_effect=&#8221;0&#8243; show_slideshow_link=&#8221;1&#8243; slideshow_link_text=&#8221;[Show as slideshow]&#8221; order_by=&#8221;sortorder&#8221; order_direction=&#8221;ASC&#8221; returns=&#8221;included&#8221; maximum_entity_count=&#8221;500&#8243;]<\/p>\n","protected":false},"excerpt":{"rendered":"<p>Benef\u00edcio permitir\u00e1 aumento no n\u00famero de atendimentos para muriaeenses, oferecer\u00e1 mais conforto e estacionamento para ve\u00edculos A nova Unidade B\u00e1sica de Sa\u00fade do&nbsp;Planalto&nbsp;foi inaugurada na \u00faltima sexta-feira (10). A&nbsp;UBS, que antes funcionava em espa\u00e7o alugado pela Prefeitura, passa a ter sede pr\u00f3pria. O benef\u00edcio ir\u00e1 permitir o aumento nos atendimentos, oferecendo depend\u00eancias mais confort\u00e1veis, espa\u00e7o [&hellip;]<\/p>\n","protected":false},"author":2,"featured_media":46105,"comment_status":"open","ping_status":"closed","sticky":false,"template":"","format":"standard","meta":{"_joinchat":[],"footnotes":""},"categories":[1],"tags":[],"class_list":["post-46104","post","type-post","status-publish","format-standard","has-post-thumbnail","hentry","category-sem-categoria"],"_links":{"self":[{"href":"http:\/\/folhadosudeste.com\/site\/index.php?rest_route=\/wp\/v2\/posts\/46104","targetHints":{"allow":["GET"]}}],"collection":[{"href":"http:\/\/folhadosudeste.com\/site\/index.php?rest_route=\/wp\/v2\/posts"}],"about":[{"href":"http:\/\/folhadosudeste.com\/site\/index.php?rest_route=\/wp\/v2\/types\/post"}],"author":[{"embeddable":true,"href":"http:\/\/folhadosudeste.com\/site\/index.php?rest_route=\/wp\/v2\/users\/2"}],"replies":[{"embeddable":true,"href":"http:\/\/folhadosudeste.com\/site\/index.php?rest_route=%2Fwp%2Fv2%2Fcomments&post=46104"}],"version-history":[{"count":1,"href":"http:\/\/folhadosudeste.com\/site\/index.php?rest_route=\/wp\/v2\/posts\/46104\/revisions"}],"predecessor-version":[{"id":46122,"href":"http:\/\/folhadosudeste.com\/site\/index.php?rest_route=\/wp\/v2\/posts\/46104\/revisions\/46122"}],"wp:featuredmedia":[{"embeddable":true,"href":"http:\/\/folhadosudeste.com\/site\/index.php?rest_route=\/wp\/v2\/media\/46105"}],"wp:attachment":[{"href":"http:\/\/folhadosudeste.com\/site\/index.php?rest_route=%2Fwp%2Fv2%2Fmedia&parent=46104"}],"wp:term":[{"taxonomy":"category","embeddable":true,"href":"http:\/\/folhadosudeste.com\/site\/index.php?rest_route=%2Fwp%2Fv2%2Fcategories&post=46104"},{"taxonomy":"post_tag","embeddable":true,"href":"http:\/\/folhadosudeste.com\/site\/index.php?rest_route=%2Fwp%2Fv2%2Ftags&post=46104"}],"curies":[{"name":"wp","href":"https:\/\/api.w.org\/{rel}","templated":true}]}}