{"id":46201,"date":"2017-11-24T11:12:40","date_gmt":"2017-11-24T11:12:40","guid":{"rendered":"http:\/\/folhadosudeste.com\/site\/?p=46201"},"modified":"2017-11-24T11:12:40","modified_gmt":"2017-11-24T11:12:40","slug":"2a-feira-regional-de-ciencias-2017","status":"publish","type":"post","link":"http:\/\/folhadosudeste.com\/site\/?p=46201","title":{"rendered":"2\u00aa FEIRA REGIONAL DE CI\u00caNCIAS 2017"},"content":{"rendered":"<p style=\"text-align: justify;\"><a href=\"http:\/\/folhadosudeste.com\/site\/wp-content\/uploads\/2017\/11\/FEIRA-DE-CI\u00caNCIAS.jpg\"><img loading=\"lazy\" decoding=\"async\" class=\"aligncenter size-full wp-image-46202\" src=\"http:\/\/folhadosudeste.com\/site\/wp-content\/uploads\/2017\/11\/FEIRA-DE-CI\u00caNCIAS.jpg\" alt=\"\" width=\"620\" height=\"246\" srcset=\"http:\/\/folhadosudeste.com\/site\/wp-content\/uploads\/2017\/11\/FEIRA-DE-CI\u00caNCIAS.jpg 620w, http:\/\/folhadosudeste.com\/site\/wp-content\/uploads\/2017\/11\/FEIRA-DE-CI\u00caNCIAS-300x119.jpg 300w\" sizes=\"auto, (max-width: 620px) 100vw, 620px\" \/><\/a><\/p>\n<p style=\"text-align: justify;\">As escolas estaduais de Muria\u00e9, distritos e regi\u00e3o foram um verdadeiro sucesso na 2\u00aa Feira de Ci\u00eancias Regional, realizada no s\u00e1bado (18) na Escola E. Prof\u00b0 Gon\u00e7alves Couto em Muria\u00e9. Grandes projetos foram apresentados, eles mostraram na pr\u00e1tica o que aprenderam na teoria em sala de aula, demonstrando muita criatividade e compreens\u00e3o dos trabalhos propostos pelos v\u00e1rios segmentos do conhecimento humano.<\/p>\n<p style=\"text-align: justify;\">Magaly Netto de Almeida Castro, diretora da E. E. Cel. Francisco Gomes Campos (Itamuri), declarou que, numa \u00e9poca em que a educa\u00e7\u00e3o est\u00e1 em processo de reformula\u00e7\u00e3o em todo territ\u00f3rio nacional, eventos educativos como este s\u00e3o de extrema import\u00e2ncia e uma iniciativa que deve ser valorizada por todas as institui\u00e7\u00f5es escolares, pois motivam bastante os estudantes e os estimulam \u00e0 pesquisa cient\u00edfica. <em>\u201cEsse evento oferece aos nossos alunos a oportunidade do exerc\u00edcio do protagonismo juvenil, quando os mesmos escolhem seus projetos e buscam, al\u00e9m das informa\u00e7\u00f5es, os materiais de que necessitar\u00e3o para execut\u00e1-los. Na nossa escola foram trinta projetos nos diversos campos da Ci\u00eancia. Pudemos perceber o entusiasmo dos alunos e essa alegria tamb\u00e9m pude perceber em todos os alunos das demais escolas aqui na Feira Regional. Independente de premia\u00e7\u00e3o, todos que participaram s\u00e3o vencedores e est\u00e3o de parab\u00e9ns! Valeu muito \u00e0 pena todo empenho e dedica\u00e7\u00e3o das equipes escolares! Essa \u00e9 a ess\u00eancia da Educa\u00e7\u00e3o: promover autonomia de nossos educandos e a plena concretiza\u00e7\u00e3o da aprendizagem\u201d.<\/em><\/p>\n<p style=\"text-align: justify;\">Mateus Rosa Campbell, aluno do 2\u00ba ano do Ensino M\u00e9dio da E. E. Am\u00e9rico Lopes (Eugen\u00f3polis), junto a seu grupo, mostrou um rob\u00f4 aut\u00f4nomo controlado por comando de vozes. <em>\u201cEle at\u00e9 dan\u00e7a. Fizemos pensando nas pessoas que ficam sozinhas em casa, para entretenimento e seguran\u00e7a, pois ele pode detectar gases, aciona os bombeiros, detecta a viol\u00eancia contra a mulher, faz piadas, tudo com comando pelo celular, um aplicativo para Android. Foram muitos dias sem dormir direito para conseguir. J\u00e1 podemos patentear. Os outros trabalhos que visitei tamb\u00e9m ficaram excelentes\u201d,<\/em> destaca.<\/p>\n<p style=\"text-align: justify;\">Laura Costa de Castro, professora de Qu\u00edmica da E. E. Am\u00e9rico Lopes (Eugen\u00f3polis), e Rosilaine Martins Costa, professora de Ci\u00eancias no Ensino Fundamental e Biologia no Ensino M\u00e9dio, acreditam que esse projeto cientifico \u00e9 muito interessante. <em>\u201cTemos que incentivar, orientar e sempre procurar resultados melhores. Ficamos felizes em ver que os alunos vibram com isso. Eles fizeram um projeto excelente. S\u00e3o alunos novos que tiveram a capacidade de mostrar algo diferente para a popula\u00e7\u00e3o\u201d, <\/em>refor\u00e7am.<\/p>\n<p>[ngg_images source=&#8221;galleries&#8221; container_ids=&#8221;1197&#8243; display_type=&#8221;photocrati-nextgen_basic_thumbnails&#8221; override_thumbnail_settings=&#8221;0&#8243; thumbnail_width=&#8221;100&#8243; thumbnail_height=&#8221;75&#8243; thumbnail_crop=&#8221;1&#8243; images_per_page=&#8221;0&#8243; number_of_columns=&#8221;0&#8243; ajax_pagination=&#8221;0&#8243; show_all_in_lightbox=&#8221;0&#8243; use_imagebrowser_effect=&#8221;0&#8243; show_slideshow_link=&#8221;1&#8243; slideshow_link_text=&#8221;[Show as slideshow]&#8221; order_by=&#8221;sortorder&#8221; order_direction=&#8221;ASC&#8221; returns=&#8221;included&#8221; maximum_entity_count=&#8221;500&#8243;]<\/p>\n","protected":false},"excerpt":{"rendered":"<p>As escolas estaduais de Muria\u00e9, distritos e regi\u00e3o foram um verdadeiro sucesso na 2\u00aa Feira de Ci\u00eancias Regional, realizada no s\u00e1bado (18) na Escola E. Prof\u00b0 Gon\u00e7alves Couto em Muria\u00e9. Grandes projetos foram apresentados, eles mostraram na pr\u00e1tica o que aprenderam na teoria em sala de aula, demonstrando muita criatividade e compreens\u00e3o dos trabalhos propostos [&hellip;]<\/p>\n","protected":false},"author":2,"featured_media":46202,"comment_status":"open","ping_status":"closed","sticky":false,"template":"","format":"standard","meta":{"_joinchat":[],"footnotes":""},"categories":[1],"tags":[],"class_list":["post-46201","post","type-post","status-publish","format-standard","has-post-thumbnail","hentry","category-sem-categoria"],"_links":{"self":[{"href":"http:\/\/folhadosudeste.com\/site\/index.php?rest_route=\/wp\/v2\/posts\/46201","targetHints":{"allow":["GET"]}}],"collection":[{"href":"http:\/\/folhadosudeste.com\/site\/index.php?rest_route=\/wp\/v2\/posts"}],"about":[{"href":"http:\/\/folhadosudeste.com\/site\/index.php?rest_route=\/wp\/v2\/types\/post"}],"author":[{"embeddable":true,"href":"http:\/\/folhadosudeste.com\/site\/index.php?rest_route=\/wp\/v2\/users\/2"}],"replies":[{"embeddable":true,"href":"http:\/\/folhadosudeste.com\/site\/index.php?rest_route=%2Fwp%2Fv2%2Fcomments&post=46201"}],"version-history":[{"count":1,"href":"http:\/\/folhadosudeste.com\/site\/index.php?rest_route=\/wp\/v2\/posts\/46201\/revisions"}],"predecessor-version":[{"id":46227,"href":"http:\/\/folhadosudeste.com\/site\/index.php?rest_route=\/wp\/v2\/posts\/46201\/revisions\/46227"}],"wp:featuredmedia":[{"embeddable":true,"href":"http:\/\/folhadosudeste.com\/site\/index.php?rest_route=\/wp\/v2\/media\/46202"}],"wp:attachment":[{"href":"http:\/\/folhadosudeste.com\/site\/index.php?rest_route=%2Fwp%2Fv2%2Fmedia&parent=46201"}],"wp:term":[{"taxonomy":"category","embeddable":true,"href":"http:\/\/folhadosudeste.com\/site\/index.php?rest_route=%2Fwp%2Fv2%2Fcategories&post=46201"},{"taxonomy":"post_tag","embeddable":true,"href":"http:\/\/folhadosudeste.com\/site\/index.php?rest_route=%2Fwp%2Fv2%2Ftags&post=46201"}],"curies":[{"name":"wp","href":"https:\/\/api.w.org\/{rel}","templated":true}]}}