{"id":46286,"date":"2017-11-24T11:24:16","date_gmt":"2017-11-24T11:24:16","guid":{"rendered":"http:\/\/folhadosudeste.com\/site\/?p=46286"},"modified":"2017-11-24T11:24:16","modified_gmt":"2017-11-24T11:24:16","slug":"e-professor-goncalves-couto-sedia-feira-regional-de-ciencias-e-conquista-1o-lugar","status":"publish","type":"post","link":"http:\/\/folhadosudeste.com\/site\/?p=46286","title":{"rendered":"E. PROFESSOR GON\u00c7ALVES COUTO SEDIA FEIRA REGIONAL DE CI\u00caNCIAS E CONQUISTA 1\u00ba LUGAR"},"content":{"rendered":"<p style=\"text-align: justify;\"><a href=\"http:\/\/folhadosudeste.com\/site\/wp-content\/uploads\/2017\/11\/GON\u00c7ALVES-COUTO.jpg\"><img loading=\"lazy\" decoding=\"async\" class=\"aligncenter size-full wp-image-46287\" src=\"http:\/\/folhadosudeste.com\/site\/wp-content\/uploads\/2017\/11\/GON\u00c7ALVES-COUTO.jpg\" alt=\"\" width=\"620\" height=\"237\" srcset=\"http:\/\/folhadosudeste.com\/site\/wp-content\/uploads\/2017\/11\/GON\u00c7ALVES-COUTO.jpg 620w, http:\/\/folhadosudeste.com\/site\/wp-content\/uploads\/2017\/11\/GON\u00c7ALVES-COUTO-300x115.jpg 300w\" sizes=\"auto, (max-width: 620px) 100vw, 620px\" \/><\/a><\/p>\n<p style=\"text-align: justify;\">A Escola Estadual Professor Gon\u00e7alves Couto deu um verdadeiro show na Feira Regional de Ci\u00eancias, realizada no s\u00e1bado 18 de novembro de 2017, com a participa\u00e7\u00e3o de 23 escolas, entre Muria\u00e9 e 8 munic\u00edpios da jurisdi\u00e7\u00e3o.<\/p>\n<p style=\"text-align: justify;\">&nbsp;Al\u00e9m de sediar o evento, os alunos da institui\u00e7\u00e3o de ensino ficaram com o 1\u00ba lugar com o projeto \u2018Sistema de Capta\u00e7\u00e3o de \u00c1gua da Chuva\u2019, ap\u00f3s an\u00e1lise dos avaliadores. Os estudantes mostraram empenho, dedica\u00e7\u00e3o e muita intelig\u00eancia, utilizando seus conhecimentos para promover algo relevante para a sociedade.<\/p>\n<p style=\"text-align: justify;\">Segundo Paulo Marcelo Bianki, bi\u00f3logo, professor da E. E. Professor Gon\u00e7alves Couto, a proposta do trabalho apresentado pelos alunos da escola partiu deles mesmo, querendo fazer algo diferente. <em>\u201cEles pensaram na reutiliza\u00e7\u00e3o da \u00e1gua e usamos a da chuva. Fizeram um c\u00e1lculo da superf\u00edcie, de reutilizar \u00e1gua da escola, t\u00e9cnicas simples e baratas, usando \u00e1gua para todos os fins: jardim, a pr\u00f3pria escola e um pouco de \u00e1gua pot\u00e1vel. A ideia foi muito boa e nosso pr\u00f3ximo passo \u00e9 concretizar isso, aplicando na escola. Esse ano viemos mesmo para ganhar e eu fico orgulhoso, realizado com isso, pois competimos com outros excelentes projetos das escolas de Muria\u00e9 e regi\u00e3o\u201d,<\/em> explica.<\/p>\n<p style=\"text-align: justify;\">Sandro Areal Carrizo, diretor da Superintend\u00eancia Regional de Ensino, refor\u00e7ou que a Feira Regional de Ci\u00eancias, visa estimular a inicia\u00e7\u00e3o cientifica de todos os n\u00edveis da escola. <em>\u201c\u00c9 uma oportunidade para os alunos e profissionais da educa\u00e7\u00e3o. Notamos grande envolvimento dos professores, colaboradores das escolas, pais, enfim, todos acompanhando a evolu\u00e7\u00e3o cientifica. Muitos trabalhos apresentados na Feira podem gerar at\u00e9 patentes. \u00c9 um motivo de muita alegria ver a ci\u00eancia em nossas escolas\u201d,<\/em> completa.<\/p>\n<p>[ngg_images source=&#8221;galleries&#8221; container_ids=&#8221;1200&#8243; display_type=&#8221;photocrati-nextgen_basic_thumbnails&#8221; override_thumbnail_settings=&#8221;0&#8243; thumbnail_width=&#8221;100&#8243; thumbnail_height=&#8221;75&#8243; thumbnail_crop=&#8221;1&#8243; images_per_page=&#8221;0&#8243; number_of_columns=&#8221;0&#8243; ajax_pagination=&#8221;0&#8243; show_all_in_lightbox=&#8221;0&#8243; use_imagebrowser_effect=&#8221;0&#8243; show_slideshow_link=&#8221;1&#8243; slideshow_link_text=&#8221;[Show as slideshow]&#8221; order_by=&#8221;sortorder&#8221; order_direction=&#8221;ASC&#8221; returns=&#8221;included&#8221; maximum_entity_count=&#8221;500&#8243;]<\/p>\n","protected":false},"excerpt":{"rendered":"<p>A Escola Estadual Professor Gon\u00e7alves Couto deu um verdadeiro show na Feira Regional de Ci\u00eancias, realizada no s\u00e1bado 18 de novembro de 2017, com a participa\u00e7\u00e3o de 23 escolas, entre Muria\u00e9 e 8 munic\u00edpios da jurisdi\u00e7\u00e3o. &nbsp;Al\u00e9m de sediar o evento, os alunos da institui\u00e7\u00e3o de ensino ficaram com o 1\u00ba lugar com o projeto [&hellip;]<\/p>\n","protected":false},"author":2,"featured_media":46287,"comment_status":"open","ping_status":"closed","sticky":false,"template":"","format":"standard","meta":{"_joinchat":[],"footnotes":""},"categories":[1],"tags":[],"class_list":["post-46286","post","type-post","status-publish","format-standard","has-post-thumbnail","hentry","category-sem-categoria"],"_links":{"self":[{"href":"http:\/\/folhadosudeste.com\/site\/index.php?rest_route=\/wp\/v2\/posts\/46286","targetHints":{"allow":["GET"]}}],"collection":[{"href":"http:\/\/folhadosudeste.com\/site\/index.php?rest_route=\/wp\/v2\/posts"}],"about":[{"href":"http:\/\/folhadosudeste.com\/site\/index.php?rest_route=\/wp\/v2\/types\/post"}],"author":[{"embeddable":true,"href":"http:\/\/folhadosudeste.com\/site\/index.php?rest_route=\/wp\/v2\/users\/2"}],"replies":[{"embeddable":true,"href":"http:\/\/folhadosudeste.com\/site\/index.php?rest_route=%2Fwp%2Fv2%2Fcomments&post=46286"}],"version-history":[{"count":1,"href":"http:\/\/folhadosudeste.com\/site\/index.php?rest_route=\/wp\/v2\/posts\/46286\/revisions"}],"predecessor-version":[{"id":46300,"href":"http:\/\/folhadosudeste.com\/site\/index.php?rest_route=\/wp\/v2\/posts\/46286\/revisions\/46300"}],"wp:featuredmedia":[{"embeddable":true,"href":"http:\/\/folhadosudeste.com\/site\/index.php?rest_route=\/wp\/v2\/media\/46287"}],"wp:attachment":[{"href":"http:\/\/folhadosudeste.com\/site\/index.php?rest_route=%2Fwp%2Fv2%2Fmedia&parent=46286"}],"wp:term":[{"taxonomy":"category","embeddable":true,"href":"http:\/\/folhadosudeste.com\/site\/index.php?rest_route=%2Fwp%2Fv2%2Fcategories&post=46286"},{"taxonomy":"post_tag","embeddable":true,"href":"http:\/\/folhadosudeste.com\/site\/index.php?rest_route=%2Fwp%2Fv2%2Ftags&post=46286"}],"curies":[{"name":"wp","href":"https:\/\/api.w.org\/{rel}","templated":true}]}}