{"id":46597,"date":"2017-12-01T12:23:54","date_gmt":"2017-12-01T12:23:54","guid":{"rendered":"http:\/\/folhadosudeste.com\/site\/?p=46597"},"modified":"2017-12-01T12:23:54","modified_gmt":"2017-12-01T12:23:54","slug":"helena-motos-comemora-3-anos-confraternizando-com-clientes-e-sorteando-premios","status":"publish","type":"post","link":"http:\/\/folhadosudeste.com\/site\/?p=46597","title":{"rendered":"HELENA MOTOS COMEMORA 3 ANOS CONFRATERNIZANDO COM CLIENTES E SORTEANDO PR\u00caMIOS"},"content":{"rendered":"<p style=\"text-align: justify;\"><a href=\"http:\/\/folhadosudeste.com\/site\/wp-content\/uploads\/2017\/12\/HELENA-MOTOS.jpg\"><img loading=\"lazy\" decoding=\"async\" class=\"aligncenter size-full wp-image-46598\" src=\"http:\/\/folhadosudeste.com\/site\/wp-content\/uploads\/2017\/12\/HELENA-MOTOS.jpg\" alt=\"\" width=\"620\" height=\"209\" srcset=\"http:\/\/folhadosudeste.com\/site\/wp-content\/uploads\/2017\/12\/HELENA-MOTOS.jpg 620w, http:\/\/folhadosudeste.com\/site\/wp-content\/uploads\/2017\/12\/HELENA-MOTOS-300x101.jpg 300w\" sizes=\"auto, (max-width: 620px) 100vw, 620px\" \/><\/a><\/p>\n<p style=\"text-align: justify;\">A&nbsp;empresa Helena Motos&nbsp;comemorou seu anivers\u00e1rio de 3 anos no \u00faltimo s\u00e1bado (25) com a loja em festa, ocasi\u00e3o em que os propriet\u00e1rios e colaboradores receberam os clientes, amigos e parceiros para um saboroso caf\u00e9 da manh\u00e3 de confraterniza\u00e7\u00e3o. Foram feitos v\u00e1rios sorteios de pr\u00eamios e as 30 primeiras motos tiveram desconto de 30% na troca de \u00f3leo. J\u00e1 no in\u00edcio da tarde, aconteceu uma carreata comemorativa.<\/p>\n<p style=\"text-align: justify;\">Segundo o propriet\u00e1rio Anderson Machado Leite, a Helena Motos funciona h\u00e1 3 anos no mesmo local: Rua Jos\u00e9 M\u00e1ximo Ribeiro, Jo\u00e3o XXIII. O nome \u00e9 uma homenagem \u00e0 sua filha que est\u00e1 quase completando 3 anos. <em>\u201cGostamos de trabalhar com pe\u00e7as boas, uma competente equipe de trabalho, aparelhos bons e com garantia de servi\u00e7os. Trabalhamos com Yamaha, Honda e pe\u00e7as paralelas. Ficamos felizes em receber nossos clientes, que tomaram um caf\u00e9 conosco e concorreram a brindes. Foram 3 capacetes, 1 bota e outros. Todos podem vir e comparar com qualquer pre\u00e7o da cidade. Temos garantia, na loja completa, todas as marcas. Contamos atualmente com 7 funcion\u00e1rios. Agrade\u00e7o a todos que acompanham nosso trabalho e convido quem &nbsp;ainda n\u00e3o conhece, para vir fazer conosco um or\u00e7amento. Desejo um Feliz Natal e um Pr\u00f3spero Ano Novo a todos que nos ajudaram a construir um 2017 maravilhoso\u201d,<\/em> destaca.<\/p>\n<p style=\"text-align: justify;\">Charles dos Santos Correia trabalha na Helena Motos h\u00e1 aproximadamente 1 ano e meio. Titulado como um dos melhores mec\u00e2nicos, quando trabalhava na empresa Yamaha, foi convidado para participar como melhor mec\u00e2nico do Brasil. Ganhou e, no ano de 2007, participou como um dos melhores mec\u00e2nicos do mundo, no Jap\u00e3o, ficando em 8\u00b0 lugar na categoria 600 cc. <em>\u201cHoje estou trabalhando aqui, com uma estrutura muito boa. \u00c9 muito gratificante fazer parte dessa equipe, em uma empresa que tem credibilidade, pensando sempre em investir em melhorias\u201d,<\/em> avalia.<\/p>\n<p style=\"text-align: justify;\">Carlos Roberto da Silva, trabalha como porteiro no expediente noturno, e foi premiado na Helena Motos com um Kit, contendo v\u00e1rios brindes.<em>\u201cEstou sempre participando de sorteios e sou cliente h\u00e1 muito tempo. O propriet\u00e1rio Anderson e sua esposa Larissa, s\u00e3o pessoas muito bacanas, atendimento de qualidade, oferecem prazos, entregam r\u00e1pido o servi\u00e7o e a oficina \u00e9 muito completa, com mec\u00e2nicos profissionais, pessoas batalhadoras e corretas. Parabenizo pelo \u00f3timo trabalho desempenhado\u201d,<\/em> destaca.<\/p>\n<p style=\"text-align: justify;\">Jean Carlos de Laia, funcion\u00e1rio da Rede Opa Supermercado Levate Centro, foi contemplado com dois capacetes. <em>\u201cSou cliente h\u00e1 1 ano e eles t\u00eam uma diferen\u00e7a enorme no atendimento, muito eficiente o servi\u00e7o, excelente\u201d,<\/em> revela.<\/p>\n<p style=\"text-align: justify;\">A sorte estava favorecendo mesmo o Levate Centro, Erivaldo dos Santos Matos, tamb\u00e9m funcion\u00e1rio do Supermercado, foi contemplado com uma bota.<em>\u201cTamb\u00e9m sou cliente h\u00e1 1 ano. Parab\u00e9ns \u00e0 equipe pelo excelente atendimento. Estou muito feliz com o pr\u00eamio\u201d,<\/em> completa.<\/p>\n<p>[ngg_images source=&#8221;galleries&#8221; container_ids=&#8221;1205&#8243; display_type=&#8221;photocrati-nextgen_basic_thumbnails&#8221; override_thumbnail_settings=&#8221;0&#8243; thumbnail_width=&#8221;100&#8243; thumbnail_height=&#8221;75&#8243; thumbnail_crop=&#8221;1&#8243; images_per_page=&#8221;0&#8243; number_of_columns=&#8221;0&#8243; ajax_pagination=&#8221;0&#8243; show_all_in_lightbox=&#8221;0&#8243; use_imagebrowser_effect=&#8221;0&#8243; show_slideshow_link=&#8221;1&#8243; slideshow_link_text=&#8221;[Show as slideshow]&#8221; order_by=&#8221;sortorder&#8221; order_direction=&#8221;ASC&#8221; returns=&#8221;included&#8221; maximum_entity_count=&#8221;500&#8243;]<\/p>\n","protected":false},"excerpt":{"rendered":"<p>A&nbsp;empresa Helena Motos&nbsp;comemorou seu anivers\u00e1rio de 3 anos no \u00faltimo s\u00e1bado (25) com a loja em festa, ocasi\u00e3o em que os propriet\u00e1rios e colaboradores receberam os clientes, amigos e parceiros para um saboroso caf\u00e9 da manh\u00e3 de confraterniza\u00e7\u00e3o. Foram feitos v\u00e1rios sorteios de pr\u00eamios e as 30 primeiras motos tiveram desconto de 30% na troca [&hellip;]<\/p>\n","protected":false},"author":2,"featured_media":46598,"comment_status":"open","ping_status":"closed","sticky":false,"template":"","format":"standard","meta":{"_joinchat":[],"footnotes":""},"categories":[1],"tags":[],"class_list":["post-46597","post","type-post","status-publish","format-standard","has-post-thumbnail","hentry","category-sem-categoria"],"_links":{"self":[{"href":"http:\/\/folhadosudeste.com\/site\/index.php?rest_route=\/wp\/v2\/posts\/46597","targetHints":{"allow":["GET"]}}],"collection":[{"href":"http:\/\/folhadosudeste.com\/site\/index.php?rest_route=\/wp\/v2\/posts"}],"about":[{"href":"http:\/\/folhadosudeste.com\/site\/index.php?rest_route=\/wp\/v2\/types\/post"}],"author":[{"embeddable":true,"href":"http:\/\/folhadosudeste.com\/site\/index.php?rest_route=\/wp\/v2\/users\/2"}],"replies":[{"embeddable":true,"href":"http:\/\/folhadosudeste.com\/site\/index.php?rest_route=%2Fwp%2Fv2%2Fcomments&post=46597"}],"version-history":[{"count":1,"href":"http:\/\/folhadosudeste.com\/site\/index.php?rest_route=\/wp\/v2\/posts\/46597\/revisions"}],"predecessor-version":[{"id":46599,"href":"http:\/\/folhadosudeste.com\/site\/index.php?rest_route=\/wp\/v2\/posts\/46597\/revisions\/46599"}],"wp:featuredmedia":[{"embeddable":true,"href":"http:\/\/folhadosudeste.com\/site\/index.php?rest_route=\/wp\/v2\/media\/46598"}],"wp:attachment":[{"href":"http:\/\/folhadosudeste.com\/site\/index.php?rest_route=%2Fwp%2Fv2%2Fmedia&parent=46597"}],"wp:term":[{"taxonomy":"category","embeddable":true,"href":"http:\/\/folhadosudeste.com\/site\/index.php?rest_route=%2Fwp%2Fv2%2Fcategories&post=46597"},{"taxonomy":"post_tag","embeddable":true,"href":"http:\/\/folhadosudeste.com\/site\/index.php?rest_route=%2Fwp%2Fv2%2Ftags&post=46597"}],"curies":[{"name":"wp","href":"https:\/\/api.w.org\/{rel}","templated":true}]}}