{"id":46600,"date":"2017-12-01T12:25:34","date_gmt":"2017-12-01T12:25:34","guid":{"rendered":"http:\/\/folhadosudeste.com\/site\/?p=46600"},"modified":"2017-12-01T12:25:34","modified_gmt":"2017-12-01T12:25:34","slug":"muriae-recebe-o-circuito-dos-foruns-regionais-do-governo-de-minas","status":"publish","type":"post","link":"http:\/\/folhadosudeste.com\/site\/?p=46600","title":{"rendered":"MURIA\u00c9 RECEBE O CIRCUITO DOS F\u00d3RUNS REGIONAIS DO GOVERNO DE MINAS"},"content":{"rendered":"<p style=\"text-align: justify;\"><a href=\"http:\/\/folhadosudeste.com\/site\/wp-content\/uploads\/2017\/12\/F\u00d3RUNS-REGIONAIS.jpg\"><img loading=\"lazy\" decoding=\"async\" class=\"aligncenter size-full wp-image-46601\" src=\"http:\/\/folhadosudeste.com\/site\/wp-content\/uploads\/2017\/12\/F\u00d3RUNS-REGIONAIS.jpg\" alt=\"\" width=\"620\" height=\"228\" srcset=\"http:\/\/folhadosudeste.com\/site\/wp-content\/uploads\/2017\/12\/F\u00d3RUNS-REGIONAIS.jpg 620w, http:\/\/folhadosudeste.com\/site\/wp-content\/uploads\/2017\/12\/F\u00d3RUNS-REGIONAIS-300x110.jpg 300w\" sizes=\"auto, (max-width: 620px) 100vw, 620px\" \/><\/a><\/p>\n<p style=\"text-align: justify;\">Na \u00faltima ter\u00e7a-feira (28), aconteceu a reuni\u00e3o bimestral do colegiado executivo, agenda do Circuito dos F\u00f3runs Regionais do Governo de Minas, na C\u00e2mara de Vereadores de Muria\u00e9. O evento contou com prefeitos e representantes das c\u00e2maras municipais da regi\u00e3o e da sociedade civil organizada do territ\u00f3rio. Os F\u00f3runs Regionais s\u00e3o espa\u00e7os abertos pelo Governo do Estado de Minas para garantir um melhor di\u00e1logo e aproxima\u00e7\u00e3o entre a comunidade e seus representantes de Estado.<\/p>\n<p style=\"text-align: justify;\">Adriana Aparecida de Moraes Ribeiro, membro do Colegiado Executivo, representante da Sociedade Civil da Micro Regi\u00e3o de Muria\u00e9, no Territ\u00f3rio Mata do F\u00f3rum de Governo, explica um pouco sobre a din\u00e2mica do evento: <em>\u201cCada microterrit\u00f3rio tem uma representa\u00e7\u00e3o da sociedade civil e do poder p\u00fablico que se re\u00fane bimestralmente com as pautas das demandas da regi\u00e3o e apresentam aos representantes do governo do Estado, a fim de estabelecer uma aproxima\u00e7\u00e3o\u201d. <\/em>Ainda segundo Adriana, o evento, antes centralizado em Juiz de Fora, agora ocorre de forma itinerante, fortalecendo o debate. Desta forma, a participa\u00e7\u00e3o popular se transformou em uma pol\u00edtica de Estado.<\/p>\n<p style=\"text-align: justify;\">O Secret\u00e1rio Executivo do Territ\u00f3rio Mata dos F\u00f3runs Regionais da Regi\u00e3o, Labenert Mendes Ribeiro, ressalta que as reuni\u00f5es t\u00eam como objetivo inserir a popula\u00e7\u00e3o do interior em discuss\u00f5es e debates de interesse p\u00fablico, al\u00e9m de <em>\u201ccumprir uma determina\u00e7\u00e3o do governador do Estado, Fernando Pimentel, que procurou fazer uma gest\u00e3o mais participativa e descentralizada\u201d.<\/em> O encontro em Muria\u00e9, que reuniu diferentes segmentos e entidades, discutiu tr\u00eas pautas centrais, entre elas: recursos h\u00eddricos, licenciamento ambiental e inspe\u00e7\u00f5es municipais e estaduais de certifica\u00e7\u00e3o de produtos.<\/p>\n<p style=\"text-align: justify;\">Para o vereador e presidente da C\u00e2mara de Al\u00e9m Para\u00edba, Gerson Barreto, \u00e9 de fundamental import\u00e2ncia a participa\u00e7\u00e3o de todos nos F\u00f3runs Regionais, pois h\u00e1 uma possibilidade de aproxima\u00e7\u00e3o entre o cidad\u00e3o e as autoridades que constituem o Estado.<\/p>\n<p style=\"text-align: justify;\">Voc\u00ea pode acompanhar a agenda completa dos F\u00f3runs no site: http:\/\/www.forunsregionais.mg.gov.br.<\/p>\n<p>[ngg_images source=&#8221;galleries&#8221; container_ids=&#8221;1204&#8243; display_type=&#8221;photocrati-nextgen_basic_thumbnails&#8221; override_thumbnail_settings=&#8221;0&#8243; thumbnail_width=&#8221;100&#8243; thumbnail_height=&#8221;75&#8243; thumbnail_crop=&#8221;1&#8243; images_per_page=&#8221;0&#8243; number_of_columns=&#8221;0&#8243; ajax_pagination=&#8221;0&#8243; show_all_in_lightbox=&#8221;0&#8243; use_imagebrowser_effect=&#8221;0&#8243; show_slideshow_link=&#8221;1&#8243; slideshow_link_text=&#8221;[Show as slideshow]&#8221; order_by=&#8221;sortorder&#8221; order_direction=&#8221;ASC&#8221; returns=&#8221;included&#8221; maximum_entity_count=&#8221;500&#8243;]<\/p>\n","protected":false},"excerpt":{"rendered":"<p>Na \u00faltima ter\u00e7a-feira (28), aconteceu a reuni\u00e3o bimestral do colegiado executivo, agenda do Circuito dos F\u00f3runs Regionais do Governo de Minas, na C\u00e2mara de Vereadores de Muria\u00e9. O evento contou com prefeitos e representantes das c\u00e2maras municipais da regi\u00e3o e da sociedade civil organizada do territ\u00f3rio. Os F\u00f3runs Regionais s\u00e3o espa\u00e7os abertos pelo Governo do [&hellip;]<\/p>\n","protected":false},"author":2,"featured_media":46601,"comment_status":"open","ping_status":"closed","sticky":false,"template":"","format":"standard","meta":{"_joinchat":[],"footnotes":""},"categories":[1],"tags":[],"class_list":["post-46600","post","type-post","status-publish","format-standard","has-post-thumbnail","hentry","category-sem-categoria"],"_links":{"self":[{"href":"http:\/\/folhadosudeste.com\/site\/index.php?rest_route=\/wp\/v2\/posts\/46600","targetHints":{"allow":["GET"]}}],"collection":[{"href":"http:\/\/folhadosudeste.com\/site\/index.php?rest_route=\/wp\/v2\/posts"}],"about":[{"href":"http:\/\/folhadosudeste.com\/site\/index.php?rest_route=\/wp\/v2\/types\/post"}],"author":[{"embeddable":true,"href":"http:\/\/folhadosudeste.com\/site\/index.php?rest_route=\/wp\/v2\/users\/2"}],"replies":[{"embeddable":true,"href":"http:\/\/folhadosudeste.com\/site\/index.php?rest_route=%2Fwp%2Fv2%2Fcomments&post=46600"}],"version-history":[{"count":1,"href":"http:\/\/folhadosudeste.com\/site\/index.php?rest_route=\/wp\/v2\/posts\/46600\/revisions"}],"predecessor-version":[{"id":46602,"href":"http:\/\/folhadosudeste.com\/site\/index.php?rest_route=\/wp\/v2\/posts\/46600\/revisions\/46602"}],"wp:featuredmedia":[{"embeddable":true,"href":"http:\/\/folhadosudeste.com\/site\/index.php?rest_route=\/wp\/v2\/media\/46601"}],"wp:attachment":[{"href":"http:\/\/folhadosudeste.com\/site\/index.php?rest_route=%2Fwp%2Fv2%2Fmedia&parent=46600"}],"wp:term":[{"taxonomy":"category","embeddable":true,"href":"http:\/\/folhadosudeste.com\/site\/index.php?rest_route=%2Fwp%2Fv2%2Fcategories&post=46600"},{"taxonomy":"post_tag","embeddable":true,"href":"http:\/\/folhadosudeste.com\/site\/index.php?rest_route=%2Fwp%2Fv2%2Ftags&post=46600"}],"curies":[{"name":"wp","href":"https:\/\/api.w.org\/{rel}","templated":true}]}}