{"id":46603,"date":"2017-12-01T12:27:08","date_gmt":"2017-12-01T12:27:08","guid":{"rendered":"http:\/\/folhadosudeste.com\/site\/?p=46603"},"modified":"2017-12-01T12:27:08","modified_gmt":"2017-12-01T12:27:08","slug":"inauguracao-da-sede-da-camara-municipal-de-rosario-da-limeira-e-solenidade-de-entrega-de-titulos-cidadao-honorario","status":"publish","type":"post","link":"http:\/\/folhadosudeste.com\/site\/?p=46603","title":{"rendered":"INAUGURA\u00c7\u00c3O DA SEDE DA C\u00c2MARA MUNICIPAL DE ROS\u00c1RIO DA LIMEIRA E SOLENIDADE\u00a0 DE ENTREGA DE T\u00cdTULOS \u201cCIDAD\u00c3O HONOR\u00c1RIO\u201d"},"content":{"rendered":"<p style=\"text-align: justify;\"><a href=\"http:\/\/folhadosudeste.com\/site\/wp-content\/uploads\/2017\/12\/LIMEIRA.jpg\"><img loading=\"lazy\" decoding=\"async\" class=\"aligncenter size-full wp-image-46604\" src=\"http:\/\/folhadosudeste.com\/site\/wp-content\/uploads\/2017\/12\/LIMEIRA.jpg\" alt=\"\" width=\"620\" height=\"242\" srcset=\"http:\/\/folhadosudeste.com\/site\/wp-content\/uploads\/2017\/12\/LIMEIRA.jpg 620w, http:\/\/folhadosudeste.com\/site\/wp-content\/uploads\/2017\/12\/LIMEIRA-300x117.jpg 300w\" sizes=\"auto, (max-width: 620px) 100vw, 620px\" \/><\/a><\/p>\n<p style=\"text-align: justify;\">Na noite de sexta-feira (24), foi inaugurada a sede pr\u00f3pria da C\u00e2mara Municipal de Ros\u00e1rio da Limeira, que leva o nome do \u2018Vereador Joaquim Braga Neto\u2019. A placa inaugural foi descerrada pelo presidente da C\u00e2mara, Wanderlei Ferreira Dias e pelo limeirense Amado.&nbsp;O corte da fita foi feito por Wanderlei, pelo prefeito Jos\u00e9 Maria e o vice, Davi Maciel.&nbsp;O presidente da Casa chamou para dar os devidos cr\u00e9ditos e m\u00e9ritos aos demais presidentes que ajudaram nas etapas anteriores da obra, reconhecendo seus esfor\u00e7os: Valdeci do Eloim, Alexandre Braga e Davi Maciel (atual vice).&nbsp;O pr\u00e9dio constru\u00eddo com recursos pr\u00f3prios do Legislativo. Em comemora\u00e7\u00e3o aos 20 anos de autonomia administrativa de Ros\u00e1rio da Limeira, na ocasi\u00e3o tamb\u00e9m foi realizada a Solenidade de Entrega de T\u00edtulos de \u2018Cidad\u00e3o Honor\u00e1rio\u2019 a nove limeirenses que prestaram relevantes servi\u00e7os ao munic\u00edpio ou nele se destacaram pela atua\u00e7\u00e3o na vida p\u00fablica e particular: Geralda Aparecida Vital Alves; Jo\u00e3o Paulo Dias da Fonseca; Paulo Roberto Braga; Almir Jos\u00e9 da Silva; Sidney Cristino; Elv\u00e9cio Geraldo Gon\u00e7alves da Silva; Olavo Rodrigues do Carmo; Jos\u00e9 Lopes de Faria e Amado Peixoto de Assis. Depois da solenidade, teve apresenta\u00e7\u00e3o da Banda Marcial de Guidoval e, na pra\u00e7a principal da cidade, o show da dupla J\u00fanior &amp; Gustavo.&nbsp;<\/p>\n<p style=\"text-align: justify;\">De acordo com o prefeito de Ros\u00e1rio da Limeira, Jos\u00e9 Maria Pinto da Silva, \u00e9 uma satisfa\u00e7\u00e3o imensa participar de uma gest\u00e3o em que, no primeiro ano, conseguiram unificar e, diante de tantas dificuldades vivenciadas pelos munic\u00edpios do pa\u00eds, realizar o t\u00e9rmino de uma obra que come\u00e7ou sua hist\u00f3ria em 2009, com a aquisi\u00e7\u00e3o do terreno pelo ent\u00e3o prefeito Edson Curi. Depois disso, com o ent\u00e3o presidente da C\u00e2mara na \u00e9poca, Valdeci do Eloim, foi dado um passo inicial na obra, seguido de Alexandre Braga, que fez outra parte, o atual vice-prefeito Davi Maciel tamb\u00e9m deu grande contribui\u00e7\u00e3o e o atual presidente da casa, Wanderlei Dias, que conseguiu finalizar essa grande aquisi\u00e7\u00e3o da cidade. <em>\u201c\u00c9 um grupo que administra Ros\u00e1rio da Limeira. Todos os presidentes que passaram pela Casa Legislativa colaboraram nesta obra que conseguimos realizar, ent\u00e3o estamos unificados em prol das melhorias objetivadas. Essa \u00e9 uma obra muito importante e significa simbolicamente um esfor\u00e7o coletivo de um grupo que busca solu\u00e7\u00f5es para construir um munic\u00edpio com uma estrutura mais completa, uma independ\u00eancia e uma economia financeira mais efetiva. Gostaria de agradecer aos vereadores que buscaram e buscam o entendimento para construirmos algo novo, com uma integra\u00e7\u00e3o e participa\u00e7\u00e3o de todos. Terminemos o ano em paz, com a popula\u00e7\u00e3o nos apoiando, e desejo um feliz natal e pr\u00f3spero ano novo a todos. Para 2018, estamos prontos para cumprir as expectativas, resolver parte dos problemas vivenciados e sermos bem-sucedidos\u201d, <\/em>explica.<\/p>\n<p style=\"text-align: justify;\">Segundo o vice-prefeito Davi Maciel, esse era um sonho muito antigo compartilhado por v\u00e1rias pessoas, inclusive ele, que, antes de ser vereador, observava a C\u00e2mara ser mudada constantemente de lugar: quando um novo presidente assumia, ele mudava a Casa Legislativa, para agradar algum colega de partido. Isso era um gasto desnecess\u00e1rio do munic\u00edpio, pois s\u00e3o recursos que iam se desperdi\u00e7ando a cada 2-4 anos. Quando se elegeu, Davi reuniu com os colegas no in\u00edcio do Governo, e chegaram \u00e0 conclus\u00e3o que, se tivesse a uni\u00e3o de v\u00e1rios presidentes em sequ\u00eancia, e fosse feito um compromisso entre eles, conseguiriam juntar um pouco de dinheiro e concretizar esse, que era o \u2018Sonho da Casa Pr\u00f3pria\u2019, consolidando uma sede fixa e sem aluguel para a C\u00e2mara. <em>\u201cCome\u00e7amos com um pacto entre n\u00f3s, pois, se cada um fizesse sua parte, um dia ir\u00edamos terminar. Aproveitamos que j\u00e1 tinha uma obra parada, constru\u00edda pela administra\u00e7\u00e3o anterior, que poderia ser a solu\u00e7\u00e3o, ent\u00e3o come\u00e7amos a investir nela. Cada um dos colegas come\u00e7ou a reservar uma parte dos recursos e agora, nas m\u00e3os do Wanderlei, conseguimos terminar a obra. Tive o prazer de ser um dos colaboradores, junto aos outros vereadores, que conseguiram economizar. Com essa proposta, cortamos alguns gastos para diminuir as despesas e trabalhamos com transpar\u00eancia, mostrando que \u00e9 poss\u00edvel construir. Felizmente conseguimos. Trata-se de um sonho realizado, j\u00e1 que tamb\u00e9m fui presidente, e fiz as economias, comprando bastante material, deixando as contas quitadas e as licita\u00e7\u00f5es finalizadas. O prefeito Z\u00e9 Maria colaborou com a m\u00e3o de obra nesta \u00faltima etapa conseguimos a parte de recursos humanos qualificada para fazer os acabamentos, at\u00e9 ent\u00e3o n\u00e3o dispon\u00edvel. Vejo a grandeza deste momento e a popula\u00e7\u00e3o est\u00e1 ciente disso. As homenagens que fizemos aos Cidad\u00e3os Honor\u00e1rios os valorizam e engrandecem a cidade. O povo come\u00e7a a respeitar mais o Legislativo e o Executivo, a analisar o dinheiro p\u00fablico e a clareza com que conseguimos trabalhar. Acreditamos nos cidad\u00e3os e eles perceberam que ainda h\u00e1 pessoas com seriedade na pol\u00edtica, pessoas de bem buscando solu\u00e7\u00f5es para sair da crise e crescer\u201d,<\/em> avalia.<\/p>\n<p style=\"text-align: justify;\">Para Wanderlei Ferreira Dias (Wanderlei do Nena), presidente da C\u00e2mara, \u00e9 uma satisfa\u00e7\u00e3o pessoal como vereador, junto a tantos outros que passaram pela Casa, concretizar esse sonho. <em>\u201cRestou a mim a incumb\u00eancia de deixar a sede pronta, em um im\u00f3vel pr\u00f3prio, sem ter que pagar aluguel. Agora podemos conseguir recursos para investir em outras \u00e1reas. \u00c9 um espa\u00e7o que pode ser utilizado para v\u00e1rios encontros, com o objetivo de discutir projetos e muitas coisas de interesse do munic\u00edpio. A sede pr\u00f3pria facilita muito o direcionamento das discuss\u00f5es, pois anteriormente t\u00ednhamos que ficar deslocando. Quando uma obra come\u00e7a, as pessoas ficam na d\u00favida, mas quando finaliza, ficam tranquilas e v\u00eaem que valeu a pena votar, apostar nas pessoas que eles colocaram \u00e0 frente da pol\u00edtica. Passaram por aqui muitos vereadores bons, mas foi reservado a mim o t\u00e9rmino, a oportunidade de deixar meu nome cravado nesse pr\u00e9dio como uma pessoa que colaborou para essa obra. Agrade\u00e7o todos que ajudaram direta ou indiretamente, colaboradores, vereadores, prefeito e vice, desde o eletricista at\u00e9 o engenheiro, enfim, pessoas que tiveram sua parcela de contribui\u00e7\u00e3o. O m\u00e9rito n\u00e3o \u00e9 s\u00f3 meu, mas de todos eles. Escolhi homenagear o senhor Amado Peixoto que, quando eu ainda era crian\u00e7a, com mais ou menos 13 anos, contribuiu para meu primeiro emprego, teve a paci\u00eancia de me tolerar, ensinar e dar for\u00e7a para desenvolver. Hoje estou aqui como presidente da C\u00e2mara e parte disso devo a ele e \u00e0 minha fam\u00edlia, que contribu\u00edram para minha forma\u00e7\u00e3o. Cada pessoa agraciada com o t\u00edtulo \u00e9 merecedor dele\u201d,<\/em> explica.<\/p>\n<p style=\"text-align: justify;\">Alex da Silva Carvalho, assessor do Deputado Federal Wadson Ribeiro, secret\u00e1rio dos F\u00f3runs Regionais e ouvidor do Estado, lembra que o vice-prefeito de Ros\u00e1rio da Limeira, Davi Maciel, tamb\u00e9m pertence ao partido PCdoB, e, logo no in\u00edcio da gest\u00e3o, o deputado j\u00e1 conseguiu liberar um \u00f4nibus para a cidade. <em>\u201cRos\u00e1rio da Limeira \u00e9 um munic\u00edpio muito importante para a regi\u00e3o e para o estado de Minas Gerais, tendo muita evolu\u00e7\u00e3o nesses \u00faltimos 20 anos. Agora, ao contr\u00e1rio de muitas cidades com mais tempo de hist\u00f3ria pol\u00edtico-administrativa, j\u00e1 tem seu espa\u00e7o para o povo, a sede da C\u00e2mara Municipal. Isso mostra que, quando queremos, fazemos diferente. Com recursos pequenos poucos anos de mandatos dos presidentes da Casa Legislativa, e a colabora\u00e7\u00e3o de cada um, chegaram \u00e0 conclus\u00e3o da obra. Isso mostra que a uni\u00e3o do Executivo com o Legislativo construir\u00e1 uma cidade melhor\u201d,<\/em> destaca.<\/p>\n<p style=\"text-align: justify;\">A \u00e1rea administrativa funciona na parte superior do pr\u00e9dio e o Plen\u00e1rio no t\u00e9rreo. O hor\u00e1rio de funcionamento para o p\u00fablico, inicialmente, \u00e9 das 8h \u00e0s 11h e das 13h \u00e0s 17h, mas, na atual administra\u00e7\u00e3o, funcionar\u00e1 em um hor\u00e1rio mais amplo: 7h \u00e0s 12h e 13h \u00e0s 17h30.<\/p>\n<p>[ngg_images source=&#8221;galleries&#8221; container_ids=&#8221;1206&#8243; display_type=&#8221;photocrati-nextgen_basic_thumbnails&#8221; override_thumbnail_settings=&#8221;0&#8243; thumbnail_width=&#8221;100&#8243; thumbnail_height=&#8221;75&#8243; thumbnail_crop=&#8221;1&#8243; images_per_page=&#8221;0&#8243; number_of_columns=&#8221;0&#8243; ajax_pagination=&#8221;0&#8243; show_all_in_lightbox=&#8221;0&#8243; use_imagebrowser_effect=&#8221;0&#8243; show_slideshow_link=&#8221;1&#8243; slideshow_link_text=&#8221;[Show as slideshow]&#8221; order_by=&#8221;sortorder&#8221; order_direction=&#8221;ASC&#8221; returns=&#8221;included&#8221; maximum_entity_count=&#8221;500&#8243;]<\/p>\n","protected":false},"excerpt":{"rendered":"<p>Na noite de sexta-feira (24), foi inaugurada a sede pr\u00f3pria da C\u00e2mara Municipal de Ros\u00e1rio da Limeira, que leva o nome do \u2018Vereador Joaquim Braga Neto\u2019. A placa inaugural foi descerrada pelo presidente da C\u00e2mara, Wanderlei Ferreira Dias e pelo limeirense Amado.&nbsp;O corte da fita foi feito por Wanderlei, pelo prefeito Jos\u00e9 Maria e o [&hellip;]<\/p>\n","protected":false},"author":2,"featured_media":46604,"comment_status":"open","ping_status":"closed","sticky":false,"template":"","format":"standard","meta":{"_joinchat":[],"footnotes":""},"categories":[1],"tags":[],"class_list":["post-46603","post","type-post","status-publish","format-standard","has-post-thumbnail","hentry","category-sem-categoria"],"_links":{"self":[{"href":"http:\/\/folhadosudeste.com\/site\/index.php?rest_route=\/wp\/v2\/posts\/46603","targetHints":{"allow":["GET"]}}],"collection":[{"href":"http:\/\/folhadosudeste.com\/site\/index.php?rest_route=\/wp\/v2\/posts"}],"about":[{"href":"http:\/\/folhadosudeste.com\/site\/index.php?rest_route=\/wp\/v2\/types\/post"}],"author":[{"embeddable":true,"href":"http:\/\/folhadosudeste.com\/site\/index.php?rest_route=\/wp\/v2\/users\/2"}],"replies":[{"embeddable":true,"href":"http:\/\/folhadosudeste.com\/site\/index.php?rest_route=%2Fwp%2Fv2%2Fcomments&post=46603"}],"version-history":[{"count":1,"href":"http:\/\/folhadosudeste.com\/site\/index.php?rest_route=\/wp\/v2\/posts\/46603\/revisions"}],"predecessor-version":[{"id":46605,"href":"http:\/\/folhadosudeste.com\/site\/index.php?rest_route=\/wp\/v2\/posts\/46603\/revisions\/46605"}],"wp:featuredmedia":[{"embeddable":true,"href":"http:\/\/folhadosudeste.com\/site\/index.php?rest_route=\/wp\/v2\/media\/46604"}],"wp:attachment":[{"href":"http:\/\/folhadosudeste.com\/site\/index.php?rest_route=%2Fwp%2Fv2%2Fmedia&parent=46603"}],"wp:term":[{"taxonomy":"category","embeddable":true,"href":"http:\/\/folhadosudeste.com\/site\/index.php?rest_route=%2Fwp%2Fv2%2Fcategories&post=46603"},{"taxonomy":"post_tag","embeddable":true,"href":"http:\/\/folhadosudeste.com\/site\/index.php?rest_route=%2Fwp%2Fv2%2Ftags&post=46603"}],"curies":[{"name":"wp","href":"https:\/\/api.w.org\/{rel}","templated":true}]}}