{"id":46606,"date":"2017-12-01T12:28:33","date_gmt":"2017-12-01T12:28:33","guid":{"rendered":"http:\/\/folhadosudeste.com\/site\/?p=46606"},"modified":"2017-12-01T12:28:33","modified_gmt":"2017-12-01T12:28:33","slug":"sucesso-no-1o-festival-de-gastronomia-rural-de-mirai","status":"publish","type":"post","link":"http:\/\/folhadosudeste.com\/site\/?p=46606","title":{"rendered":"SUCESSO NO 1\u00ba FESTIVAL DE GASTRONOMIA RURAL DE MIRA\u00cd"},"content":{"rendered":"<p style=\"text-align: justify;\"><a href=\"http:\/\/folhadosudeste.com\/site\/wp-content\/uploads\/2017\/12\/MIRA\u00cd.jpg\"><img loading=\"lazy\" decoding=\"async\" class=\"aligncenter size-full wp-image-46607\" src=\"http:\/\/folhadosudeste.com\/site\/wp-content\/uploads\/2017\/12\/MIRA\u00cd.jpg\" alt=\"\" width=\"620\" height=\"264\" srcset=\"http:\/\/folhadosudeste.com\/site\/wp-content\/uploads\/2017\/12\/MIRA\u00cd.jpg 620w, http:\/\/folhadosudeste.com\/site\/wp-content\/uploads\/2017\/12\/MIRA\u00cd-300x128.jpg 300w\" sizes=\"auto, (max-width: 620px) 100vw, 620px\" \/><\/a><\/p>\n<p style=\"text-align: justify;\">Foi realizado o 1\u00ba Festival de Gastronomia Rural de Mira\u00ed. O evento aconteceu nos dias 24, 25 e 26 de novembro, na Pra\u00e7a Dr. Miguel Pereira, no centro da cidade, levando ao p\u00fablico uma mostra gastron\u00f4mica com o melhor da culin\u00e1ria rural do munic\u00edpio. Um grande p\u00fablico de toda a cidade e regi\u00e3o se divertiu com bons shows, visitaram as barracas, conheceram o artesanato local e muitas \u2018coisas da ro\u00e7a\u2019.<strong>&nbsp;<\/strong><\/p>\n<p style=\"text-align: justify;\"><strong>Prefeito Luiz Fortuce afirma: festa far\u00e1 parte do calend\u00e1rio oficial de eventos<\/strong><\/p>\n<p style=\"text-align: justify;\">De acordo com o prefeito Luiz Fortuce, em toda festividade realizada em Mira\u00ed, o povo da regi\u00e3o comparece em grande n\u00famero. <em>\u201cNossas festas s\u00e3o muito boas, com muita participa\u00e7\u00e3o e esse foi mais um evento de sucesso. Al\u00e9m de movimentar o com\u00e9rcio, proporcionando melhorias para a economia local, leva divers\u00e3o para o povo. Tivemos expositores da Zona Rural de Mira\u00ed, o apoio da Emater, Sindicato Rural e Associa\u00e7\u00e3o de Agricultores Familiares, com o patroc\u00ednio do Governo do Estado (CODEMIG). Desenvolvemos o festival, o povo acolheu e ficou muito satisfeito, agora far\u00e1 parte de nosso calend\u00e1rio de eventos, um atrativo a mais para desenvolver nossa \u00e1rea cultural, valorizando a Zona Rural e apresentando \u00e0 cidade o que eles t\u00eam de melhor. Agradecemos tamb\u00e9m aos visitantes e todos que nos prestigiaram\u201d,<\/em> acrescenta.<\/p>\n<p style=\"text-align: justify;\">Marcos Paulo Albuini, secret\u00e1rio municipal de Cultura e Turismo, explica que a ideia para unir a Gastronomia &#8211; uma tend\u00eancia atual &#8211; \u00e0 Cultura, trouxe bons resultados. &nbsp;O projeto que recebeu patroc\u00ednio da CODEMIG<em> visa aproximar do p\u00fablico essa Gastronomia e a Cultura Rural. Trouxemos o produtor da Feira da Agricultura Familiar para fazer essa mostra gastron\u00f4mica e eles abra\u00e7aram a ideia\u201d. Foi um sucesso!!.<\/em><\/p>\n<p style=\"text-align: justify;\">Segundo Osvaldo Alves Felipe (mais conhecido como Sap\u00e9), presidente da C\u00e2mara Municipal de Mira\u00ed, a festa foi uma iniciativa muito importante para a cidade. <em>\u201cDesejo que o prefeito possa continuar esse grande trabalho. A festa resgata a cultura gastron\u00f4mica rural do nosso munic\u00edpio. Quero agradecer o povo, que sempre nos prestigia. Nossa festa proporcionou algo que o povo gosta. Que aconte\u00e7a sempre, para alegr\u00e1-los, pois eles merecem\u201d,<\/em> destaca.<\/p>\n<p style=\"text-align: justify;\"><strong>Expositores e moradores elogiam Festival<\/strong><\/p>\n<p style=\"text-align: justify;\">Segundo Tia Celinha, da Fazenda S\u00e3o Jo\u00e3o, que estava com sua barraca, servindo a carne de porco na lata, como prato principal. O festival foi muito bom, uma novidade, com todos participando ativamente. <em>\u201cTudo aconteceu com muita alegria. J\u00e1 aguardamos outras edi\u00e7\u00f5es, pois gostamos muito. Pudemos voltar \u00e0s tradi\u00e7\u00f5es antigas, com destaque para a comida t\u00edpica rural. Sempre participo de tudo, dentro do poss\u00edvel. Agradecemos ao prefeito Luiz Fortuce e todos que apoiaram a iniciativa\u201d,<\/em> avalia.<\/p>\n<p style=\"text-align: justify;\">&nbsp;Paulo S\u00e9rgio Costa de Oliveira (Paulinho Construtor), Presidente do Sindicato Rural de Mira\u00ed, afirmou que a festa ficou maravilhosa e tem tudo para continuar sendo um sucesso. Essas parcerias, como a realizada com a <em>Emater sempre traz bons resultados. \u201cParabenizo a todos que disponibilizaram seus esfor\u00e7os para que esta festa acontecesse da melhor forma poss\u00edvel, e foi tudo muito animado\u201d,<\/em> analisa.<\/p>\n<p style=\"text-align: justify;\">Alexandre Alc\u00e2ntara Pacheco, morador de Mira\u00ed, afirma que a festa foi maravilhosa, mesmo planejada em pouco tempo. <em>\u201cParab\u00e9ns aos organizadores e o povo que acolheu. Tenho certeza de que outras festividades vir\u00e3o e contaremos com a presen\u00e7a de todos\u201d, <\/em>acrescenta.<\/p>\n<p style=\"text-align: justify;\">Maria Cristina Silva, tamb\u00e9m moradora de Mira\u00ed, destacou que gostou muito dessa 1\u00aa edi\u00e7\u00e3o. <em>\u201cQuando se fala em festa em Mira\u00ed, o povo vem mesmo. Foi tudo muito bem organizado, em um ambiente familiar e com excelentes shows. Eventos como esse precisam ter continuidade\u201d,<\/em> finaliza.<\/p>\n<p style=\"text-align: justify;\">As atra\u00e7\u00f5es musicais ficaram por conta de H\u00e1lvaro &amp; Rodrigues, Lukas Lima, Max Rodrigues e Lucas &amp; Vin\u00edcius. No domingo tamb\u00e9m aconteceu um Encontro de Carros Antigos.<\/p>\n<p>[ngg_images source=&#8221;galleries&#8221; container_ids=&#8221;1207&#8243; display_type=&#8221;photocrati-nextgen_basic_thumbnails&#8221; override_thumbnail_settings=&#8221;0&#8243; thumbnail_width=&#8221;100&#8243; thumbnail_height=&#8221;75&#8243; thumbnail_crop=&#8221;1&#8243; images_per_page=&#8221;0&#8243; number_of_columns=&#8221;0&#8243; ajax_pagination=&#8221;0&#8243; show_all_in_lightbox=&#8221;0&#8243; use_imagebrowser_effect=&#8221;0&#8243; show_slideshow_link=&#8221;1&#8243; slideshow_link_text=&#8221;[Show as slideshow]&#8221; order_by=&#8221;sortorder&#8221; order_direction=&#8221;ASC&#8221; returns=&#8221;included&#8221; maximum_entity_count=&#8221;500&#8243;]<\/p>\n","protected":false},"excerpt":{"rendered":"<p>Foi realizado o 1\u00ba Festival de Gastronomia Rural de Mira\u00ed. O evento aconteceu nos dias 24, 25 e 26 de novembro, na Pra\u00e7a Dr. Miguel Pereira, no centro da cidade, levando ao p\u00fablico uma mostra gastron\u00f4mica com o melhor da culin\u00e1ria rural do munic\u00edpio. Um grande p\u00fablico de toda a cidade e regi\u00e3o se divertiu [&hellip;]<\/p>\n","protected":false},"author":2,"featured_media":46607,"comment_status":"open","ping_status":"closed","sticky":false,"template":"","format":"standard","meta":{"_joinchat":[],"footnotes":""},"categories":[1],"tags":[],"class_list":["post-46606","post","type-post","status-publish","format-standard","has-post-thumbnail","hentry","category-sem-categoria"],"_links":{"self":[{"href":"http:\/\/folhadosudeste.com\/site\/index.php?rest_route=\/wp\/v2\/posts\/46606","targetHints":{"allow":["GET"]}}],"collection":[{"href":"http:\/\/folhadosudeste.com\/site\/index.php?rest_route=\/wp\/v2\/posts"}],"about":[{"href":"http:\/\/folhadosudeste.com\/site\/index.php?rest_route=\/wp\/v2\/types\/post"}],"author":[{"embeddable":true,"href":"http:\/\/folhadosudeste.com\/site\/index.php?rest_route=\/wp\/v2\/users\/2"}],"replies":[{"embeddable":true,"href":"http:\/\/folhadosudeste.com\/site\/index.php?rest_route=%2Fwp%2Fv2%2Fcomments&post=46606"}],"version-history":[{"count":1,"href":"http:\/\/folhadosudeste.com\/site\/index.php?rest_route=\/wp\/v2\/posts\/46606\/revisions"}],"predecessor-version":[{"id":46608,"href":"http:\/\/folhadosudeste.com\/site\/index.php?rest_route=\/wp\/v2\/posts\/46606\/revisions\/46608"}],"wp:featuredmedia":[{"embeddable":true,"href":"http:\/\/folhadosudeste.com\/site\/index.php?rest_route=\/wp\/v2\/media\/46607"}],"wp:attachment":[{"href":"http:\/\/folhadosudeste.com\/site\/index.php?rest_route=%2Fwp%2Fv2%2Fmedia&parent=46606"}],"wp:term":[{"taxonomy":"category","embeddable":true,"href":"http:\/\/folhadosudeste.com\/site\/index.php?rest_route=%2Fwp%2Fv2%2Fcategories&post=46606"},{"taxonomy":"post_tag","embeddable":true,"href":"http:\/\/folhadosudeste.com\/site\/index.php?rest_route=%2Fwp%2Fv2%2Ftags&post=46606"}],"curies":[{"name":"wp","href":"https:\/\/api.w.org\/{rel}","templated":true}]}}