{"id":46612,"date":"2017-12-01T12:31:23","date_gmt":"2017-12-01T12:31:23","guid":{"rendered":"http:\/\/folhadosudeste.com\/site\/?p=46612"},"modified":"2017-12-01T12:31:23","modified_gmt":"2017-12-01T12:31:23","slug":"sindicato-rural-de-mirai-recebe-trator-agricola","status":"publish","type":"post","link":"http:\/\/folhadosudeste.com\/site\/?p=46612","title":{"rendered":"SINDICATO RURAL DE MIRA\u00cd RECEBE TRATOR AGR\u00cdCOLA"},"content":{"rendered":"<p style=\"text-align: justify;\"><a href=\"http:\/\/folhadosudeste.com\/site\/wp-content\/uploads\/2017\/12\/PAULINHO-CONSTRUTOR.jpeg\"><img loading=\"lazy\" decoding=\"async\" class=\"aligncenter size-full wp-image-46613\" src=\"http:\/\/folhadosudeste.com\/site\/wp-content\/uploads\/2017\/12\/PAULINHO-CONSTRUTOR.jpeg\" alt=\"\" width=\"620\" height=\"218\" srcset=\"http:\/\/folhadosudeste.com\/site\/wp-content\/uploads\/2017\/12\/PAULINHO-CONSTRUTOR.jpeg 620w, http:\/\/folhadosudeste.com\/site\/wp-content\/uploads\/2017\/12\/PAULINHO-CONSTRUTOR-300x105.jpeg 300w\" sizes=\"auto, (max-width: 620px) 100vw, 620px\" \/><\/a><\/p>\n<p style=\"text-align: justify;\">No \u00faltimo dia 24 de novembro, O Sindicato Rural de Mira\u00ed recebeu um trator agr\u00edcola Massey Ferguson 4283 para atender aos produtores rurais de Mira\u00ed, em especial \u00e0 agricultura familiar. Em entrevista ao nosso jornal, o vice-prefeito Jos\u00e9 Augusto Resende Cumani \u2013 Guto Cumani \u2013 falou da import\u00e2ncia do trator para os agricultores: <em>\u201c\u00c9 um sonho antigo que todos os agropecuaristas sempre desejaram e agora foi poss\u00edvel, gra\u00e7as \u00e0 parceria que estamos tendo: Prefeitura, Deputado Isauro Calais e C\u00e2mara de Vereadores\u201d.<\/em><\/p>\n<p style=\"text-align: justify;\">Guto Cumani aproveitou para agradecer a todos que contribu\u00edram para o sucesso dessa empreitada: Temos muito a agradecer ao Deputado Isauro Calais, autor da emenda que destinou R$ 80 mil para a compra do equipamento. Agradecemos ao Prefeito Luiz Fortuce, porque destinou o restante dos recursos necess\u00e1rios para que o trator fosse adquirido. E finalmente, aos vereadores de Mira\u00ed, em especial ao Presidente Osvaldo Felipe (Sap\u00e9) que devolveu recursos financeiros para a Prefeitura.<\/p>\n<p style=\"text-align: justify;\">Um vice-prefeito n\u00e3o tem fun\u00e7\u00e3o definida numa cidade pequena, mas Guto Cumani exerce v\u00e1rias fun\u00e7\u00f5es: ora trabalha na Secretaria de Obras, ora ajuda a administra\u00e7\u00e3o, outra hora est\u00e1 na Secretaria de Agricultura, como no caso da aquisi\u00e7\u00e3o do trator.<\/p>\n<p style=\"text-align: justify;\">Em entrevista, o Presidente do Sindicato Rural de Mira\u00ed, Paulinho Construtor falou:<em>\u201cFoi um repasse que o Deputado Estadual Isauro Calais (PMDB) fez e o presidente da C\u00e2mara de Vereadores de Mira\u00ed, Sap\u00e9, complementou fazendo uma emenda de repasse \u00e0 Prefeitura com recursos economizado, assim foi poss\u00edvel juntar o montante do valor do maquin\u00e1rio. Gostaria de agradecer generosamente ao deputado Isauro Calais, que est\u00e1 sempre ajudando Mira\u00ed, o Sap\u00e9 e os demais vereadores, o prefeito Luiz Fortuce e seu vice Jos\u00e9 Augusto Cumani (Guto), os secret\u00e1rios municipais (principalmente Fazenda e Planejamento), que ajudaram na compra, e todos que, direta ou indiretamente n\u00e3o mediram esfor\u00e7os para que concretiz\u00e1ssemos este sonho. Agrade\u00e7o tamb\u00e9m a contribui\u00e7\u00e3o ao munic\u00edpio dada pelos presidentes anteriores da C\u00e2mara Municipal, que vieram sempre lutando por conquistas. Agora, o trator est\u00e1 \u00e0 disposi\u00e7\u00e3o e fica mais f\u00e1cil trabalharmos, atendendo o produtor da melhor forma, do jeito que eles merecem. Fico muito grato por receber um investimento alto como esse\u201d,<\/em> afirma.<\/p>\n<p>[ngg_images source=&#8221;galleries&#8221; container_ids=&#8221;1208&#8243; display_type=&#8221;photocrati-nextgen_basic_thumbnails&#8221; override_thumbnail_settings=&#8221;0&#8243; thumbnail_width=&#8221;100&#8243; thumbnail_height=&#8221;75&#8243; thumbnail_crop=&#8221;1&#8243; images_per_page=&#8221;0&#8243; number_of_columns=&#8221;0&#8243; ajax_pagination=&#8221;0&#8243; show_all_in_lightbox=&#8221;0&#8243; use_imagebrowser_effect=&#8221;0&#8243; show_slideshow_link=&#8221;1&#8243; slideshow_link_text=&#8221;[Show as slideshow]&#8221; order_by=&#8221;sortorder&#8221; order_direction=&#8221;ASC&#8221; returns=&#8221;included&#8221; maximum_entity_count=&#8221;500&#8243;]<\/p>\n","protected":false},"excerpt":{"rendered":"<p>No \u00faltimo dia 24 de novembro, O Sindicato Rural de Mira\u00ed recebeu um trator agr\u00edcola Massey Ferguson 4283 para atender aos produtores rurais de Mira\u00ed, em especial \u00e0 agricultura familiar. Em entrevista ao nosso jornal, o vice-prefeito Jos\u00e9 Augusto Resende Cumani \u2013 Guto Cumani \u2013 falou da import\u00e2ncia do trator para os agricultores: \u201c\u00c9 um [&hellip;]<\/p>\n","protected":false},"author":2,"featured_media":46613,"comment_status":"open","ping_status":"closed","sticky":false,"template":"","format":"standard","meta":{"_joinchat":[],"footnotes":""},"categories":[1],"tags":[],"class_list":["post-46612","post","type-post","status-publish","format-standard","has-post-thumbnail","hentry","category-sem-categoria"],"_links":{"self":[{"href":"http:\/\/folhadosudeste.com\/site\/index.php?rest_route=\/wp\/v2\/posts\/46612","targetHints":{"allow":["GET"]}}],"collection":[{"href":"http:\/\/folhadosudeste.com\/site\/index.php?rest_route=\/wp\/v2\/posts"}],"about":[{"href":"http:\/\/folhadosudeste.com\/site\/index.php?rest_route=\/wp\/v2\/types\/post"}],"author":[{"embeddable":true,"href":"http:\/\/folhadosudeste.com\/site\/index.php?rest_route=\/wp\/v2\/users\/2"}],"replies":[{"embeddable":true,"href":"http:\/\/folhadosudeste.com\/site\/index.php?rest_route=%2Fwp%2Fv2%2Fcomments&post=46612"}],"version-history":[{"count":1,"href":"http:\/\/folhadosudeste.com\/site\/index.php?rest_route=\/wp\/v2\/posts\/46612\/revisions"}],"predecessor-version":[{"id":46614,"href":"http:\/\/folhadosudeste.com\/site\/index.php?rest_route=\/wp\/v2\/posts\/46612\/revisions\/46614"}],"wp:featuredmedia":[{"embeddable":true,"href":"http:\/\/folhadosudeste.com\/site\/index.php?rest_route=\/wp\/v2\/media\/46613"}],"wp:attachment":[{"href":"http:\/\/folhadosudeste.com\/site\/index.php?rest_route=%2Fwp%2Fv2%2Fmedia&parent=46612"}],"wp:term":[{"taxonomy":"category","embeddable":true,"href":"http:\/\/folhadosudeste.com\/site\/index.php?rest_route=%2Fwp%2Fv2%2Fcategories&post=46612"},{"taxonomy":"post_tag","embeddable":true,"href":"http:\/\/folhadosudeste.com\/site\/index.php?rest_route=%2Fwp%2Fv2%2Ftags&post=46612"}],"curies":[{"name":"wp","href":"https:\/\/api.w.org\/{rel}","templated":true}]}}