{"id":46636,"date":"2017-12-05T19:18:34","date_gmt":"2017-12-05T19:18:34","guid":{"rendered":"http:\/\/folhadosudeste.com\/site\/?p=46636"},"modified":"2017-12-05T19:18:34","modified_gmt":"2017-12-05T19:18:34","slug":"inscricoes-para-seminario-sobre-programa-de-erradicacao-do-trabalho-infantil-estao-abertas","status":"publish","type":"post","link":"http:\/\/folhadosudeste.com\/site\/?p=46636","title":{"rendered":"Inscri\u00e7\u00f5es para semin\u00e1rio sobre Programa de Erradica\u00e7\u00e3o do Trabalho Infantil est\u00e3o abertas"},"content":{"rendered":"<p align=\"center\"><a href=\"http:\/\/folhadosudeste.com\/site\/wp-content\/uploads\/2017\/12\/Semin\u00e1rio-PETI.jpg\"><img loading=\"lazy\" decoding=\"async\" class=\"aligncenter wp-image-46637 size-large\" src=\"http:\/\/folhadosudeste.com\/site\/wp-content\/uploads\/2017\/12\/Semin\u00e1rio-PETI-1024x624.jpg\" alt=\"\" width=\"620\" height=\"378\" srcset=\"http:\/\/folhadosudeste.com\/site\/wp-content\/uploads\/2017\/12\/Semin\u00e1rio-PETI-1024x624.jpg 1024w, http:\/\/folhadosudeste.com\/site\/wp-content\/uploads\/2017\/12\/Semin\u00e1rio-PETI-300x183.jpg 300w, http:\/\/folhadosudeste.com\/site\/wp-content\/uploads\/2017\/12\/Semin\u00e1rio-PETI-768x468.jpg 768w, http:\/\/folhadosudeste.com\/site\/wp-content\/uploads\/2017\/12\/Semin\u00e1rio-PETI.jpg 1778w\" sizes=\"auto, (max-width: 620px) 100vw, 620px\" \/><\/a><\/p>\n<p class=\"m_-8280660031245900805gmail-MsoNoSpacing\" style=\"text-align: justify;\" align=\"center\"><em>Cadastro pode ser feito pela internet at\u00e9 dia do evento, em 19 de dezembro; a\u00e7\u00e3o tem objetivo de reduzir explora\u00e7\u00e3o de crian\u00e7as na cidade<\/em><\/p>\n<p class=\"m_-8280660031245900805gmail-MsoNoSpacing\" style=\"text-align: justify;\">Est\u00e3o abertas as inscri\u00e7\u00f5es para o 1\u00ba Semin\u00e1rio Municipal das A\u00e7\u00f5es Estrat\u00e9gias do Programa de Erradica\u00e7\u00e3o do Trabalho Infantil. Realizado pela Prefeitura, o evento acontecer\u00e1 no dia 19 deste m\u00eas, de 7h30min \u00e0s 12h, no audit\u00f3rio do Senai. O semin\u00e1rio tem objetivo de conscientizar sobre o problema e trabalhar em novas a\u00e7\u00f5es para reduzir a explora\u00e7\u00e3o de crian\u00e7as na cidade, oferecendo a elas um futuro mais digno.<\/p>\n<p class=\"m_-8280660031245900805gmail-MsoNoSpacing\" style=\"text-align: justify;\">O cadastro \u00e9 gratuito, assim como a participa\u00e7\u00e3o no semin\u00e1rio, e pode ser feito at\u00e9 o dia do evento pela internet, atrav\u00e9s do link&nbsp;<a href=\"https:\/\/goo.gl\/forms\/GA8PLkDnDsYyFAIY2\" target=\"_blank\" rel=\"noopener\" data-saferedirecturl=\"https:\/\/www.google.com\/url?hl=pt-BR&amp;q=https:\/\/goo.gl\/forms\/GA8PLkDnDsYyFAIY2&amp;source=gmail&amp;ust=1512577013660000&amp;usg=AFQjCNF1dG7wlKOlntfjU8J7ybDy7wJVQg\">https:\/\/goo.gl\/forms\/<wbr>GA8PLkDnDsYyFAIY2<\/a>\u200b. A programa\u00e7\u00e3o inclui a palestra \u201cTrabalho infantil: caminhos da vigil\u00e2ncia socioassistencial e dos servi\u00e7os de prote\u00e7\u00e3o no SUAS\u201d<i>&nbsp;<\/i>e<i>&nbsp;<\/i>mesas tem\u00e1ticas. O p\u00fablico-alvo s\u00e3o profissionais da assist\u00eancia social e a popula\u00e7\u00e3o.<\/p>\n<p class=\"m_-8280660031245900805gmail-MsoNoSpacing\" style=\"text-align: justify;\">O prefeito Grego afirma que este evento \u00e9 importante para debater, a n\u00edvel municipal, a erradica\u00e7\u00e3o do trabalho infantil. \u201cO trabalho infantil \u00e9 considerado uma viola\u00e7\u00e3o aos direitos das crian\u00e7as e adolescentes. Por isso, \u00e9 de extrema import\u00e2ncia discutirmos, juntos, a\u00e7\u00f5es para prevenir e combater este mal \u00e0 inf\u00e2ncia e ao futuro dos nossos pequenos\u201d, diz.<\/p>\n<p class=\"m_-8280660031245900805gmail-MsoNoSpacing\" style=\"text-align: justify;\">&nbsp;<\/p>\n<p class=\"m_-8280660031245900805gmail-MsoNoSpacing\" style=\"text-align: justify;\"><b>SERVI\u00c7O:<\/b><\/p>\n<p class=\"m_-8280660031245900805gmail-MsoNoSpacing\" style=\"text-align: justify;\"><b>Inscri\u00e7\u00f5es para 1\u00ba Semin\u00e1rio Municipal das A\u00e7\u00f5es Estrat\u00e9gias do Programa de Erradica\u00e7\u00e3o do Trabalho Infantil:<\/b><\/p>\n<p class=\"m_-8280660031245900805gmail-MsoNoSpacing\" style=\"text-align: justify;\">Data: at\u00e9 19 de dezembro<\/p>\n<p class=\"m_-8280660031245900805gmail-MsoNoSpacing\" style=\"text-align: justify;\">Link para inscri\u00e7\u00e3o:&nbsp;<a href=\"https:\/\/goo.gl\/forms\/GA8PLkDnDsYyFAIY2\" target=\"_blank\" rel=\"noopener\" data-saferedirecturl=\"https:\/\/www.google.com\/url?hl=pt-BR&amp;q=https:\/\/goo.gl\/forms\/GA8PLkDnDsYyFAIY2&amp;source=gmail&amp;ust=1512577013660000&amp;usg=AFQjCNF1dG7wlKOlntfjU8J7ybDy7wJVQg\">https:\/\/goo.gl\/forms\/<wbr>GA8PLkDnDsYyFAIY2<\/a>\u200b<\/p>\n<p class=\"m_-8280660031245900805gmail-MsoNoSpacing\" style=\"text-align: justify;\">Telefone para mais informa\u00e7\u00f5es: 3696-3386<\/p>\n<p class=\"m_-8280660031245900805gmail-MsoNoSpacing\" style=\"text-align: justify;\"><b>&nbsp;<\/b><\/p>\n<p class=\"m_-8280660031245900805gmail-MsoNoSpacing\" style=\"text-align: justify;\"><b>1\u00ba Semin\u00e1rio Municipal das A\u00e7\u00f5es Estrat\u00e9gias do Programa de Erradica\u00e7\u00e3o do Trabalho Infantil:<\/b><\/p>\n<p class=\"m_-8280660031245900805gmail-MsoNoSpacing\" style=\"text-align: justify;\">Data: 19 de dezembro<\/p>\n<p class=\"m_-8280660031245900805gmail-MsoNoSpacing\" style=\"text-align: justify;\">Hor\u00e1rio: 7h30min \u00e0s 12h<\/p>\n<p class=\"m_-8280660031245900805gmail-MsoNoSpacing\" style=\"text-align: justify;\">Local: Audit\u00f3rio do Senai (Rua Sinval Flor\u00eancio da Silva, 2, Centro)<\/p>\n<p class=\"m_-8280660031245900805gmail-MsoNoSpacing\" style=\"text-align: justify;\">\u200b*<i>Inscri\u00e7\u00e3o e evento gratuitos<\/i><\/p>\n","protected":false},"excerpt":{"rendered":"<p>Cadastro pode ser feito pela internet at\u00e9 dia do evento, em 19 de dezembro; a\u00e7\u00e3o tem objetivo de reduzir explora\u00e7\u00e3o de crian\u00e7as na cidade Est\u00e3o abertas as inscri\u00e7\u00f5es para o 1\u00ba Semin\u00e1rio Municipal das A\u00e7\u00f5es Estrat\u00e9gias do Programa de Erradica\u00e7\u00e3o do Trabalho Infantil. Realizado pela Prefeitura, o evento acontecer\u00e1 no dia 19 deste m\u00eas, de [&hellip;]<\/p>\n","protected":false},"author":6,"featured_media":46637,"comment_status":"open","ping_status":"closed","sticky":false,"template":"","format":"standard","meta":{"_joinchat":[],"footnotes":""},"categories":[1],"tags":[],"class_list":["post-46636","post","type-post","status-publish","format-standard","has-post-thumbnail","hentry","category-sem-categoria"],"_links":{"self":[{"href":"http:\/\/folhadosudeste.com\/site\/index.php?rest_route=\/wp\/v2\/posts\/46636","targetHints":{"allow":["GET"]}}],"collection":[{"href":"http:\/\/folhadosudeste.com\/site\/index.php?rest_route=\/wp\/v2\/posts"}],"about":[{"href":"http:\/\/folhadosudeste.com\/site\/index.php?rest_route=\/wp\/v2\/types\/post"}],"author":[{"embeddable":true,"href":"http:\/\/folhadosudeste.com\/site\/index.php?rest_route=\/wp\/v2\/users\/6"}],"replies":[{"embeddable":true,"href":"http:\/\/folhadosudeste.com\/site\/index.php?rest_route=%2Fwp%2Fv2%2Fcomments&post=46636"}],"version-history":[{"count":1,"href":"http:\/\/folhadosudeste.com\/site\/index.php?rest_route=\/wp\/v2\/posts\/46636\/revisions"}],"predecessor-version":[{"id":46638,"href":"http:\/\/folhadosudeste.com\/site\/index.php?rest_route=\/wp\/v2\/posts\/46636\/revisions\/46638"}],"wp:featuredmedia":[{"embeddable":true,"href":"http:\/\/folhadosudeste.com\/site\/index.php?rest_route=\/wp\/v2\/media\/46637"}],"wp:attachment":[{"href":"http:\/\/folhadosudeste.com\/site\/index.php?rest_route=%2Fwp%2Fv2%2Fmedia&parent=46636"}],"wp:term":[{"taxonomy":"category","embeddable":true,"href":"http:\/\/folhadosudeste.com\/site\/index.php?rest_route=%2Fwp%2Fv2%2Fcategories&post=46636"},{"taxonomy":"post_tag","embeddable":true,"href":"http:\/\/folhadosudeste.com\/site\/index.php?rest_route=%2Fwp%2Fv2%2Ftags&post=46636"}],"curies":[{"name":"wp","href":"https:\/\/api.w.org\/{rel}","templated":true}]}}