{"id":46639,"date":"2017-12-06T17:50:10","date_gmt":"2017-12-06T17:50:10","guid":{"rendered":"http:\/\/folhadosudeste.com\/site\/?p=46639"},"modified":"2017-12-06T17:50:10","modified_gmt":"2017-12-06T17:50:10","slug":"menos-uma-rota-esta-decretado-veiculos-pesados-e-ate-onibus-desviados-da-br-116-proibidos-de-passar-por-mirai","status":"publish","type":"post","link":"http:\/\/folhadosudeste.com\/site\/?p=46639","title":{"rendered":"Menos Uma Rota: Est\u00e1 Decretado, Ve\u00edculos Pesados E At\u00e9 \u00d4nibus Desviados Da BR-116 Proibidos De Passar Por Mira\u00ed"},"content":{"rendered":"<p><a href=\"http:\/\/folhadosudeste.com\/site\/wp-content\/uploads\/2017\/12\/DSC00236_640x480-1.jpg\"><img loading=\"lazy\" decoding=\"async\" class=\"aligncenter wp-image-46640 size-full\" src=\"http:\/\/folhadosudeste.com\/site\/wp-content\/uploads\/2017\/12\/DSC00236_640x480-1.jpg\" alt=\"\" width=\"640\" height=\"480\" srcset=\"http:\/\/folhadosudeste.com\/site\/wp-content\/uploads\/2017\/12\/DSC00236_640x480-1.jpg 640w, http:\/\/folhadosudeste.com\/site\/wp-content\/uploads\/2017\/12\/DSC00236_640x480-1-300x225.jpg 300w\" sizes=\"auto, (max-width: 640px) 100vw, 640px\" \/><\/a><\/p>\n<p style=\"text-align: justify;\">Foi cumprido no final da manh\u00e3 desta quarta-feira (06), o Decreto da Prefeitura Municipal de Mira\u00ed (30 Km de Muria\u00e9) que pro\u00edbe ve\u00edculos de carga pesados e at\u00e9 \u00f4nibus especiais (com rela\u00e7\u00e3o a altura) de passar pelas ruas da cidade e pela ponte urbana sobre o Rio Fub\u00e1, a qual n\u00e3o estaria resistindo ao tr\u00e1fego intenso e muito pesado dia e noite.&nbsp;<\/p>\n<p style=\"text-align: justify;\">O secret\u00e1rio de Turismo e Cultura de Mira\u00ed, Marcos Paulo Albuini, recebeu nossa reportagem em seu gabinete e disse que sua secretaria e o Gabinete do Prefeito, al\u00e9m de uma grande equipe, inclusive o apoio da Pol\u00edcia Militar, est\u00e3o desde esta ter\u00e7a-feira (05) engajados na organiza\u00e7\u00e3o da cidade para o cumprimento do Decreto.&nbsp;<\/p>\n<p style=\"text-align: justify;\">O prefeito, Luiz Fortuci, tamb\u00e9m falou com nossa reportagem sobre grandes transtornos trazidos pelo fechamento da BR-116, e a fragilidade da ponte que teve um laudo do Departamento de Engenharia.<\/p>\n<p style=\"text-align: justify;\">Nesta tarde de quarta-feira (05) ser\u00e1 feita uma barreira na entrada da cidade avisando da proibi\u00e7\u00e3o, e onde tamb\u00e9m o motorista ter\u00e1 como fazer o retorno, voltando para Muria\u00e9 ou Cataguases.<\/p>\n<p style=\"text-align: justify;\">Neste primeiro momento a Pol\u00edcia Militar dar\u00e1 um apoio, mas o DNIT de Leopoldina e DER foram informados da decis\u00e3o e que as cidades vizinhas, como Muria\u00e9, Leopoldina ajudem nesta divulga\u00e7\u00e3o para reduzir o transtorno aos usu\u00e1rios das rodovias da regi\u00e3o.<\/p>\n<p style=\"text-align: justify;\">Durante o tempo todo que nossa reportagem estavam na cidade, o tr\u00e2nsito de ve\u00edculos pesados n\u00e3o parou, e segundo a Prefeitura, h\u00e1 estragos nas avenidas e ruas da cidade e moradores reclamando, pois os ve\u00edculos pesados chegam a balan\u00e7ar o interior dos lares.<\/p>\n<p style=\"text-align: justify;\">Dois representantes de duas grandes empresas de \u00f4nibus da regi\u00e3o, Luiz Carlos, da Rio Doce e Eduardo Bertoudo, da Paraibuna, tamb\u00e9m foram a Mira\u00ed para tra\u00e7ar um plano para que os ve\u00edculos sigam viagem. Esses \u00f4nibus comuns de viagem (linha) dever\u00e3o seguir pela Rua Afonso Alves Pereira (a do Clube Mirahy).<\/p>\n<p style=\"text-align: justify;\">As empresas de \u00f4nibus devem entrar em contato com a PRF ou mesmo com a Prefeitura de Mira\u00ed para ver se o ve\u00edculo est\u00e1 dentro do plano de libera\u00e7\u00e3o de passagem naquela cidade.<\/p>\n","protected":false},"excerpt":{"rendered":"<p>Foi cumprido no final da manh\u00e3 desta quarta-feira (06), o Decreto da Prefeitura Municipal de Mira\u00ed (30 Km de Muria\u00e9) que pro\u00edbe ve\u00edculos de carga pesados e at\u00e9 \u00f4nibus especiais (com rela\u00e7\u00e3o a altura) de passar pelas ruas da cidade e pela ponte urbana sobre o Rio Fub\u00e1, a qual n\u00e3o estaria resistindo ao tr\u00e1fego [&hellip;]<\/p>\n","protected":false},"author":6,"featured_media":46640,"comment_status":"open","ping_status":"closed","sticky":false,"template":"","format":"standard","meta":{"_joinchat":[],"footnotes":""},"categories":[1],"tags":[],"class_list":["post-46639","post","type-post","status-publish","format-standard","has-post-thumbnail","hentry","category-sem-categoria"],"_links":{"self":[{"href":"http:\/\/folhadosudeste.com\/site\/index.php?rest_route=\/wp\/v2\/posts\/46639","targetHints":{"allow":["GET"]}}],"collection":[{"href":"http:\/\/folhadosudeste.com\/site\/index.php?rest_route=\/wp\/v2\/posts"}],"about":[{"href":"http:\/\/folhadosudeste.com\/site\/index.php?rest_route=\/wp\/v2\/types\/post"}],"author":[{"embeddable":true,"href":"http:\/\/folhadosudeste.com\/site\/index.php?rest_route=\/wp\/v2\/users\/6"}],"replies":[{"embeddable":true,"href":"http:\/\/folhadosudeste.com\/site\/index.php?rest_route=%2Fwp%2Fv2%2Fcomments&post=46639"}],"version-history":[{"count":1,"href":"http:\/\/folhadosudeste.com\/site\/index.php?rest_route=\/wp\/v2\/posts\/46639\/revisions"}],"predecessor-version":[{"id":46641,"href":"http:\/\/folhadosudeste.com\/site\/index.php?rest_route=\/wp\/v2\/posts\/46639\/revisions\/46641"}],"wp:featuredmedia":[{"embeddable":true,"href":"http:\/\/folhadosudeste.com\/site\/index.php?rest_route=\/wp\/v2\/media\/46640"}],"wp:attachment":[{"href":"http:\/\/folhadosudeste.com\/site\/index.php?rest_route=%2Fwp%2Fv2%2Fmedia&parent=46639"}],"wp:term":[{"taxonomy":"category","embeddable":true,"href":"http:\/\/folhadosudeste.com\/site\/index.php?rest_route=%2Fwp%2Fv2%2Fcategories&post=46639"},{"taxonomy":"post_tag","embeddable":true,"href":"http:\/\/folhadosudeste.com\/site\/index.php?rest_route=%2Fwp%2Fv2%2Ftags&post=46639"}],"curies":[{"name":"wp","href":"https:\/\/api.w.org\/{rel}","templated":true}]}}