{"id":46643,"date":"2017-12-08T11:33:03","date_gmt":"2017-12-08T11:33:03","guid":{"rendered":"http:\/\/folhadosudeste.com\/site\/?p=46643"},"modified":"2017-12-08T11:33:03","modified_gmt":"2017-12-08T11:33:03","slug":"amle-realiza-solenidade-de-entrega-da-medalha-paulo-fraga","status":"publish","type":"post","link":"http:\/\/folhadosudeste.com\/site\/?p=46643","title":{"rendered":"AMLE REALIZA SOLENIDADE DE ENTREGA DA MEDALHA PAULO FRAGA"},"content":{"rendered":"<p style=\"text-align: justify;\"><a href=\"http:\/\/folhadosudeste.com\/site\/wp-content\/uploads\/2017\/12\/AMLE.jpg\"><img loading=\"lazy\" decoding=\"async\" class=\"aligncenter size-full wp-image-46644\" src=\"http:\/\/folhadosudeste.com\/site\/wp-content\/uploads\/2017\/12\/AMLE.jpg\" alt=\"\" width=\"620\" height=\"233\" srcset=\"http:\/\/folhadosudeste.com\/site\/wp-content\/uploads\/2017\/12\/AMLE.jpg 620w, http:\/\/folhadosudeste.com\/site\/wp-content\/uploads\/2017\/12\/AMLE-300x113.jpg 300w\" sizes=\"auto, (max-width: 620px) 100vw, 620px\" \/><\/a><\/p>\n<p style=\"text-align: justify;\">&nbsp;<\/p>\n<p style=\"text-align: justify;\">A Academia Muriaeense de Letras (AMLE) realizou, em sua sede, na noite de quinta-feira (6) a t\u00e3o aguardada Solenidade de Entrega da Medalha Paulo Fraga, cujo objetivo era homenagear as personalidades da cultura e educa\u00e7\u00e3o de Muria\u00e9. Receberam a homenagem: Irm\u00e3 Christina Maria Pastore (fundadora da Faculdade Santa Marcelina \u2013 Muria\u00e9), que foi representada pela Irm\u00e3 Neiza; Maria L\u00facia de Castro Mayrink (propriet\u00e1ria da Escola Pinguinho de Gente) e Evaldo Miguel Almeida Calcagno (colunista social online e de m\u00eddia impressa com a Coluna Boulevard). Os meios de comunica\u00e7\u00e3o muriaeenses, entre eles o jornal Folha do Sudeste, tamb\u00e9m foram agraciados no evento com o \u2018Certificado AMLE \/ M\u00eddia Cultural\u2019, em reconhecimento a seus trabalhos na \u00e1rea de comunica\u00e7\u00e3o.<\/p>\n<p style=\"text-align: justify;\">De acordo com Cristian Gomes Lima, presidente da AMLE, a homenagem recebe o nome de Paulo Fraga porque, antes de ser um pol\u00edtico, ele foi o primeiro idealizador do projeto e o Prof\u00ba Luiz Gonzaga honrou sua mem\u00f3ria ao lembrar que ele se dedicava para que o sonho da Academia se tornasse realidade, por\u00e9m, em sua \u00e9poca, n\u00e3o foi poss\u00edvel, devido a v\u00e1rios fatores. Com a homenagem, Paulo Fraga tornou-se patrono da AMLE. <em>\u201cO objetivo da Medalha \u00e9 homenagear pessoas que atuam dentro do objetivo estatut\u00e1rio da Academia, que \u00e9 voltada \u00e0 educa\u00e7\u00e3o e \u00e0 cultura. S\u00e3o pessoas que se destacam nessas \u00e1reas, ent\u00e3o fazemos a vota\u00e7\u00e3o para 3 profissionais serem homenageadas. O balan\u00e7o que fazemos de 2017 \u00e9 muito positivo, com uma grande contribui\u00e7\u00e3o para Muria\u00e9 dentro de nosso segmento de atua\u00e7\u00e3o e a promo\u00e7\u00e3o de eventos voltados \u00e0 arte. Me arrisco a dizer que foi a institui\u00e7\u00e3o que mais contribuiu com a cultura no ano de 2017\u201d,<\/em> explica. A AMLE conta atualmente com 30 \u2018imortais\u2019 e 10 acad\u00eamicos jovens.<\/p>\n<p>[ngg_images source=&#8221;galleries&#8221; container_ids=&#8221;1210&#8243; display_type=&#8221;photocrati-nextgen_basic_thumbnails&#8221; override_thumbnail_settings=&#8221;0&#8243; thumbnail_width=&#8221;100&#8243; thumbnail_height=&#8221;75&#8243; thumbnail_crop=&#8221;1&#8243; images_per_page=&#8221;0&#8243; number_of_columns=&#8221;0&#8243; ajax_pagination=&#8221;0&#8243; show_all_in_lightbox=&#8221;0&#8243; use_imagebrowser_effect=&#8221;0&#8243; show_slideshow_link=&#8221;1&#8243; slideshow_link_text=&#8221;[Show as slideshow]&#8221; order_by=&#8221;sortorder&#8221; order_direction=&#8221;ASC&#8221; returns=&#8221;included&#8221; maximum_entity_count=&#8221;500&#8243;]<\/p>\n","protected":false},"excerpt":{"rendered":"<p>&nbsp; A Academia Muriaeense de Letras (AMLE) realizou, em sua sede, na noite de quinta-feira (6) a t\u00e3o aguardada Solenidade de Entrega da Medalha Paulo Fraga, cujo objetivo era homenagear as personalidades da cultura e educa\u00e7\u00e3o de Muria\u00e9. Receberam a homenagem: Irm\u00e3 Christina Maria Pastore (fundadora da Faculdade Santa Marcelina \u2013 Muria\u00e9), que foi representada [&hellip;]<\/p>\n","protected":false},"author":2,"featured_media":46644,"comment_status":"open","ping_status":"closed","sticky":false,"template":"","format":"standard","meta":{"_joinchat":[],"footnotes":""},"categories":[1],"tags":[],"class_list":["post-46643","post","type-post","status-publish","format-standard","has-post-thumbnail","hentry","category-sem-categoria"],"_links":{"self":[{"href":"http:\/\/folhadosudeste.com\/site\/index.php?rest_route=\/wp\/v2\/posts\/46643","targetHints":{"allow":["GET"]}}],"collection":[{"href":"http:\/\/folhadosudeste.com\/site\/index.php?rest_route=\/wp\/v2\/posts"}],"about":[{"href":"http:\/\/folhadosudeste.com\/site\/index.php?rest_route=\/wp\/v2\/types\/post"}],"author":[{"embeddable":true,"href":"http:\/\/folhadosudeste.com\/site\/index.php?rest_route=\/wp\/v2\/users\/2"}],"replies":[{"embeddable":true,"href":"http:\/\/folhadosudeste.com\/site\/index.php?rest_route=%2Fwp%2Fv2%2Fcomments&post=46643"}],"version-history":[{"count":1,"href":"http:\/\/folhadosudeste.com\/site\/index.php?rest_route=\/wp\/v2\/posts\/46643\/revisions"}],"predecessor-version":[{"id":46659,"href":"http:\/\/folhadosudeste.com\/site\/index.php?rest_route=\/wp\/v2\/posts\/46643\/revisions\/46659"}],"wp:featuredmedia":[{"embeddable":true,"href":"http:\/\/folhadosudeste.com\/site\/index.php?rest_route=\/wp\/v2\/media\/46644"}],"wp:attachment":[{"href":"http:\/\/folhadosudeste.com\/site\/index.php?rest_route=%2Fwp%2Fv2%2Fmedia&parent=46643"}],"wp:term":[{"taxonomy":"category","embeddable":true,"href":"http:\/\/folhadosudeste.com\/site\/index.php?rest_route=%2Fwp%2Fv2%2Fcategories&post=46643"},{"taxonomy":"post_tag","embeddable":true,"href":"http:\/\/folhadosudeste.com\/site\/index.php?rest_route=%2Fwp%2Fv2%2Ftags&post=46643"}],"curies":[{"name":"wp","href":"https:\/\/api.w.org\/{rel}","templated":true}]}}