{"id":46735,"date":"2017-12-08T11:50:59","date_gmt":"2017-12-08T11:50:59","guid":{"rendered":"http:\/\/folhadosudeste.com\/site\/?p=46735"},"modified":"2017-12-08T11:50:59","modified_gmt":"2017-12-08T11:50:59","slug":"sucesso-na-formatura-do-2o-periodo-da-educacao-infantil-da-e-m-valdivino-dos-santos-mendes","status":"publish","type":"post","link":"http:\/\/folhadosudeste.com\/site\/?p=46735","title":{"rendered":"SUCESSO NA FORMATURA DO 2\u00ba PER\u00cdODO DA EDUCA\u00c7\u00c3O INFANTIL DA E. M. VALDIVINO DOS SANTOS MENDES"},"content":{"rendered":"<p style=\"text-align: justify;\"><strong><a href=\"http:\/\/folhadosudeste.com\/site\/wp-content\/uploads\/2017\/12\/GASPAR.jpg\"><img loading=\"lazy\" decoding=\"async\" class=\"aligncenter size-full wp-image-46736\" src=\"http:\/\/folhadosudeste.com\/site\/wp-content\/uploads\/2017\/12\/GASPAR.jpg\" alt=\"\" width=\"620\" height=\"206\" srcset=\"http:\/\/folhadosudeste.com\/site\/wp-content\/uploads\/2017\/12\/GASPAR.jpg 620w, http:\/\/folhadosudeste.com\/site\/wp-content\/uploads\/2017\/12\/GASPAR-300x100.jpg 300w\" sizes=\"auto, (max-width: 620px) 100vw, 620px\" \/><\/a>&nbsp;<\/strong><\/p>\n<p style=\"text-align: justify;\">Na \u00faltima ter\u00e7a (5), a Escola Municipal Valdivino dos Santos Mendes foi palco da formatura dos alunos do 2\u00ba per\u00edodo da Educa\u00e7\u00e3o Infantil. Ao todo, 47 crian\u00e7as participaram do ato solene e agora est\u00e3o aptos a ingressarem em 2018 no 1\u00ba ano do Ensino Fundamental, para darem continuidade no processo de alfabetiza\u00e7\u00e3o. Os formandos tiveram como patrona Rosilene Duarte Souza e como paraninfas Sandra Fernandes e Maria Teresa Ambr\u00f3sio.<\/p>\n<p style=\"text-align: justify;\">O evento contou com a presen\u00e7a de familiares, professores e diretores. A coordenadora da Educa\u00e7\u00e3o Infantil da Secretaria Municipal de Educa\u00e7\u00e3o, Esporte e Lazer, L\u00edvia Aparecida Rodrigues Gravina, tamb\u00e9m esteve presente, representando a secret\u00e1ria da pasta, Maria da Concei\u00e7\u00e3o de Souza (Nininha). L\u00edvia ressaltou que <em>\u201cos pais dos alunos est\u00e3o muitos satisfeitos com a escola e a administra\u00e7\u00e3o e que o prefeito tem trabalhado bastante em melhorias na sa\u00fade e educa\u00e7\u00e3o em nossa cidade\u201d<\/em>. Tatiana Aparecida dos Reis Pedrosa, professora e diretora da escola, tamb\u00e9m destaca um pouco dessa rela\u00e7\u00e3o entre os pais e os alunos e diz que se sente muito feliz em ver o carinho dos pais e que, na sua opini\u00e3o, \u00e9 algo muito gratificante.<\/p>\n<p style=\"text-align: justify;\">Al\u00e9m do ato solene e entrega dos diplomas, os pequenos tamb\u00e9m encantaram a todos com apresenta\u00e7\u00f5es de m\u00fasicas que at\u00e9 hoje marcam a inf\u00e2ncia de muitos, como Sandy e Junior e Bal\u00e3o M\u00e1gico. Tatiana n\u00e3o conseguiu conter a emo\u00e7\u00e3o, lembrando que o sucesso do evento se mistura com a tristeza da partida: <em>\u201c\u00e9 uma dor que sinto de estar perdendo esses alunos, pois a grande maioria que aqui est\u00e3o frequentam a escola desde bem pequenos, dos 0 aos 5 anos, e criamos uma aproxima\u00e7\u00e3o. Mas a sensa\u00e7\u00e3o \u00e9 de dever cumprido\u201d<\/em>. A formatura encerrou um ciclo. O pr\u00f3ximo evento realizado pelos pequenos ser\u00e1 uma Cantata de Natal. A previs\u00e3o de encerramento do ano letivo \u00e9 para o pr\u00f3ximo dia 18.<\/p>\n<p style=\"text-align: justify;\">A diretora Tatiana agradece a sua vice Jesiane Luzia Rodrigues e toda sua equipe pelo empenho. E aos pais pela colabora\u00e7\u00e3o e por confiarem neles para educa\u00e7\u00e3o de seus filhos.<\/p>\n<p>[ngg_images source=&#8221;galleries&#8221; container_ids=&#8221;1214&#8243; display_type=&#8221;photocrati-nextgen_basic_thumbnails&#8221; override_thumbnail_settings=&#8221;0&#8243; thumbnail_width=&#8221;100&#8243; thumbnail_height=&#8221;75&#8243; thumbnail_crop=&#8221;1&#8243; images_per_page=&#8221;0&#8243; number_of_columns=&#8221;0&#8243; ajax_pagination=&#8221;0&#8243; show_all_in_lightbox=&#8221;0&#8243; use_imagebrowser_effect=&#8221;0&#8243; show_slideshow_link=&#8221;1&#8243; slideshow_link_text=&#8221;[Show as slideshow]&#8221; order_by=&#8221;sortorder&#8221; order_direction=&#8221;ASC&#8221; returns=&#8221;included&#8221; maximum_entity_count=&#8221;500&#8243;]<\/p>\n<p>&nbsp;<\/p>\n","protected":false},"excerpt":{"rendered":"<p>&nbsp; Na \u00faltima ter\u00e7a (5), a Escola Municipal Valdivino dos Santos Mendes foi palco da formatura dos alunos do 2\u00ba per\u00edodo da Educa\u00e7\u00e3o Infantil. Ao todo, 47 crian\u00e7as participaram do ato solene e agora est\u00e3o aptos a ingressarem em 2018 no 1\u00ba ano do Ensino Fundamental, para darem continuidade no processo de alfabetiza\u00e7\u00e3o. Os formandos [&hellip;]<\/p>\n","protected":false},"author":2,"featured_media":46736,"comment_status":"open","ping_status":"closed","sticky":false,"template":"","format":"standard","meta":{"_joinchat":[],"footnotes":""},"categories":[1],"tags":[],"class_list":["post-46735","post","type-post","status-publish","format-standard","has-post-thumbnail","hentry","category-sem-categoria"],"_links":{"self":[{"href":"http:\/\/folhadosudeste.com\/site\/index.php?rest_route=\/wp\/v2\/posts\/46735","targetHints":{"allow":["GET"]}}],"collection":[{"href":"http:\/\/folhadosudeste.com\/site\/index.php?rest_route=\/wp\/v2\/posts"}],"about":[{"href":"http:\/\/folhadosudeste.com\/site\/index.php?rest_route=\/wp\/v2\/types\/post"}],"author":[{"embeddable":true,"href":"http:\/\/folhadosudeste.com\/site\/index.php?rest_route=\/wp\/v2\/users\/2"}],"replies":[{"embeddable":true,"href":"http:\/\/folhadosudeste.com\/site\/index.php?rest_route=%2Fwp%2Fv2%2Fcomments&post=46735"}],"version-history":[{"count":1,"href":"http:\/\/folhadosudeste.com\/site\/index.php?rest_route=\/wp\/v2\/posts\/46735\/revisions"}],"predecessor-version":[{"id":46751,"href":"http:\/\/folhadosudeste.com\/site\/index.php?rest_route=\/wp\/v2\/posts\/46735\/revisions\/46751"}],"wp:featuredmedia":[{"embeddable":true,"href":"http:\/\/folhadosudeste.com\/site\/index.php?rest_route=\/wp\/v2\/media\/46736"}],"wp:attachment":[{"href":"http:\/\/folhadosudeste.com\/site\/index.php?rest_route=%2Fwp%2Fv2%2Fmedia&parent=46735"}],"wp:term":[{"taxonomy":"category","embeddable":true,"href":"http:\/\/folhadosudeste.com\/site\/index.php?rest_route=%2Fwp%2Fv2%2Fcategories&post=46735"},{"taxonomy":"post_tag","embeddable":true,"href":"http:\/\/folhadosudeste.com\/site\/index.php?rest_route=%2Fwp%2Fv2%2Ftags&post=46735"}],"curies":[{"name":"wp","href":"https:\/\/api.w.org\/{rel}","templated":true}]}}