{"id":46752,"date":"2017-12-08T11:54:35","date_gmt":"2017-12-08T11:54:35","guid":{"rendered":"http:\/\/folhadosudeste.com\/site\/?p=46752"},"modified":"2017-12-08T11:54:35","modified_gmt":"2017-12-08T11:54:35","slug":"ledia-e-jose-braz-celebram-70-anos-de-um-feliz-matrimonio","status":"publish","type":"post","link":"http:\/\/folhadosudeste.com\/site\/?p=46752","title":{"rendered":"L\u00c9DIA E JOS\u00c9 BRAZ CELEBRAM 70 ANOS DE UM FELIZ MATRIM\u00d4NIO"},"content":{"rendered":"<p style=\"text-align: justify;\"><a href=\"http:\/\/folhadosudeste.com\/site\/wp-content\/uploads\/2017\/12\/JOS\u00c9-BRAZ.jpg\"><img loading=\"lazy\" decoding=\"async\" class=\"aligncenter size-full wp-image-46753\" src=\"http:\/\/folhadosudeste.com\/site\/wp-content\/uploads\/2017\/12\/JOS\u00c9-BRAZ.jpg\" alt=\"\" width=\"620\" height=\"259\" srcset=\"http:\/\/folhadosudeste.com\/site\/wp-content\/uploads\/2017\/12\/JOS\u00c9-BRAZ.jpg 620w, http:\/\/folhadosudeste.com\/site\/wp-content\/uploads\/2017\/12\/JOS\u00c9-BRAZ-300x125.jpg 300w\" sizes=\"auto, (max-width: 620px) 100vw, 620px\" \/><\/a><\/p>\n<p style=\"text-align: justify;\">O empres\u00e1rio e ex-prefeito de Muria\u00e9, Jos\u00e9 Braz, comemorou Bodas de Vinho \u2013 70 anos de um feliz matrim\u00f4nio \u2013, junto \u00e0 sua esposa, L\u00e9dia Braz, em uma celebra\u00e7\u00e3o especial realizada na Capela S\u00e3o Jos\u00e9 Oper\u00e1rio, localizada no Complexo do Cristo Redentor, que o casal construiu e presenteou Muria\u00e9. A Santa Missa foi presidida pelo Pe. R\u00f4mulo, que em breve deixar\u00e1 a cidade para levar o Evangelho a outros munic\u00edpios.<\/p>\n<p style=\"text-align: justify;\">Jos\u00e9 Braz mostrou toda a sua felicidade com a comemora\u00e7\u00e3o. <em>\u201cTenho certeza que Deus vai nos proporcionar ainda mais. Tive a alegria de comemorar meus 90 anos de vida na It\u00e1lia e agora celebrar 70 anos de casado, e muito bem casado, com minha esposa L\u00e9dia. S\u00f3 tenho que agradecer a Deus por me proporcionar este momento, compartilhado com nossa fam\u00edlia e nossos amigos\u201d,<\/em> explica.<\/p>\n<p style=\"text-align: justify;\">Segundo L\u00e9dia Braz, o casal viveu como Deus quer e a data chegou sem eles ficarem empenhados em contar ano a ano, um tempo longo, mas que passou num piscar de olhos. <em>\u201cViver \u00e9 uma arte e gra\u00e7as a Deus vivemos muito bem. Ele me conheceu com 13 anos e me casei aos 16. Tive 3 filhos e o Pai do C\u00e9u me levou um. Temos tamb\u00e9m 9 netos casados e 21 bisnetos, todos convivendo muito bem. Fiquei muito feliz de comemorar essa data especial, com a presen\u00e7a dessa grande fam\u00edlia e dos amigos. Agrade\u00e7o a todos que nos prestigiaram\u201d,<\/em> destaca.<\/p>\n<p style=\"text-align: justify;\">Para o filho deputado Braulio Braz, \u00e9 uma alegria muito grande, compartilhada por toda a fam\u00edlia, que mant\u00e9m sempre unida. <em>\u201cO pai e a m\u00e3e d\u00e3o todo apoio para manter essa uni\u00e3o. Criaram os filhos e ajudaram a criar os netos, bisnetos. \u00c9 muito bom v\u00ea-los renovarem esses votos do matrim\u00f4nio, destacando as virtudes da solidariedade e fraternidade, que sempre demonstraram. E a felicidade \u00e9 grande. Estou com 46 anos de casado com a Beth e quero espelhar neles, comemorando juntos quando chegar aos 50 nas Bodas de Ouro\u201d,<\/em> acrescenta.<\/p>\n<p style=\"text-align: justify;\">Pe. R\u00f4mulo Gomes de Oliveira \u00e9 natural de Visconde do Rio Branco MG, tamb\u00e9m pertencente \u00e0 Diocese de Leopoldina. Ele j\u00e1 havia trabalhado em Muria\u00e9 entre os anos de 2002-03, tendo retornado em novembro de 2016, completando assim, um ano de servi\u00e7o religioso em nosso munic\u00edpio. Al\u00e9m de ser o Capel\u00e3o Hospitalar (atende todos os hospitais), assumiu a zeladoria da Capela S\u00e3o Jos\u00e9 Oper\u00e1rio. Dia 14\/12 se despede novamente de Muria\u00e9 e segue seu destino de pregar a Palavra de Deus em duas par\u00f3quias pequenas: Argirita MG e Tebas (distrito de Leopoldina MG), a partir do dia 17\/12. Para ele, foi uma provid\u00eancia divina a coincid\u00eancia de comemorar os 70 anos de um feliz matrim\u00f4nio do casal Dona L\u00e9dia e Sr. Jos\u00e9 Braz no mesmo momento de sua despedida, j\u00e1 que, devido ao fato das Santas Missas na capela ainda serem mensais, essa foi sua \u00faltima celebra\u00e7\u00e3o.<\/p>\n<p style=\"text-align: justify;\">A nora Toya Braz fez um belo discurso na celebra\u00e7\u00e3o, lembrando que o sonho de qualquer casal \u00e9 que o \u201camor dure, a paci\u00eancia n\u00e3o esgote\u201d, os beijos n\u00e3o sejam esquecidos e o companheirismo sempre permane\u00e7a, por mais dif\u00edcil que sejam as circunst\u00e2ncias, pois, dividir o mesmo teto tamb\u00e9m significa compartilhar os medos, anseios, frustra\u00e7\u00f5es e dificuldades encontradas no caminho. <em>\u201c\u00c9 necess\u00e1rio acreditar no amor. L\u00e9dia e Jos\u00e9 Braz s\u00e3o um casal que possui uma linda hist\u00f3ria de amor, de respeito e cumplicidade. Essas Bodas de Vinho s\u00e3o uma prova de que o amor existe e \u00e9 eterno. Tenho orgulho de fazer parte de uma fam\u00edlia que nunca deixou o alicerce se abalar. Eles nos ensinaram verdadeiras li\u00e7\u00f5es de vida, amor e relacionamento. Aprendemos que o sentimento de fam\u00edlia est\u00e1 dentro da gente e que nenhuma dist\u00e2ncia, nem tempo, \u00e9 capaz de tirar. Um amor sem limites, que d\u00f3i quando \u00e9 saudade, que sorri quando est\u00e1 junto, que chora quando \u00e9 despedida e que gargalha quando \u00e9 encontro. Que se alegra mesmo quando a felicidade n\u00e3o \u00e9 nossa e que se entristece mesmo na tristeza do outro. Que passa pelo tempo e h\u00e1 70 anos est\u00e1 sendo alimentado por essa fam\u00edlia que eu tenho um enorme prazer de chamar de minha\u201d,<\/em> disse na ocasi\u00e3o.<\/p>\n<p style=\"text-align: justify;\">Pe. R\u00f4mulo parabenizou o casal, lembrando que 70 anos de vida juntos representa uma preciosidade, pois n\u00e3o s\u00e3o apenas 70 dias ou 70 meses. Trata-se de uma riqueza pessoal e espiritual, porque o que Deus deseja \u00e9 justamente uma uni\u00e3o est\u00e1vel. Al\u00e9m disso, \u00e9 um presente para todos que compartilham a amizade deles. <em>\u201cAproveito este momento de alegria para deixar minha gratid\u00e3o ao povo de Muria\u00e9, o povo de f\u00e9 daqui, pela acolhida. Agrade\u00e7o porque colaboraram demais com meu trabalho, com a proximidade. S\u00e3o pessoas muito familiares e me sinto integrado, acolhido. Continuarei minhas ora\u00e7\u00f5es, pedindo a Deus para interceder por este povo maravilhoso. Desejo que a Igreja Cat\u00f3lica em Muria\u00e9 continue crescendo cada vez mais, sobretudo espiritualmente. E que todos os irm\u00e3os e irm\u00e3s possam se realizar enquanto seres humanos nessa vida, \u00e0 luz de Jesus\u201d,<\/em> define.<\/p>\n<p style=\"text-align: justify;\">Na ocasi\u00e3o da Santa Missa, uma fam\u00edlia (o gerente da L\u00edder Chevrolet, Jo\u00e3o Batista, sua esposa Zulmira e a filha Rafaela) entrou com o Livro de Ouro, o qual cont\u00e9m assinaturas de todas as pessoas que j\u00e1 ajudaram e ajudar\u00e3o a capela. A Igreja S\u00e3o Jos\u00e9 Oper\u00e1rio ainda est\u00e1 se constituindo e, como \u00e9 nova, ainda n\u00e3o \u00e9 uma comunidade paroquial. N\u00e3o tem nenhum tipo de subs\u00eddio ou ajuda para se manter. Portanto, para comprar o restante do material lit\u00fargico necess\u00e1rio, foi pensada uma campanha mais imediata, que foi simbolizada por este Livro de Ouro.<\/p>\n<p>[ngg_images source=&#8221;galleries&#8221; container_ids=&#8221;1215&#8243; display_type=&#8221;photocrati-nextgen_basic_thumbnails&#8221; override_thumbnail_settings=&#8221;0&#8243; thumbnail_width=&#8221;100&#8243; thumbnail_height=&#8221;75&#8243; thumbnail_crop=&#8221;1&#8243; images_per_page=&#8221;0&#8243; number_of_columns=&#8221;0&#8243; ajax_pagination=&#8221;0&#8243; show_all_in_lightbox=&#8221;0&#8243; use_imagebrowser_effect=&#8221;0&#8243; show_slideshow_link=&#8221;1&#8243; slideshow_link_text=&#8221;[Show as slideshow]&#8221; order_by=&#8221;sortorder&#8221; order_direction=&#8221;ASC&#8221; returns=&#8221;included&#8221; maximum_entity_count=&#8221;500&#8243;]<\/p>\n","protected":false},"excerpt":{"rendered":"<p>O empres\u00e1rio e ex-prefeito de Muria\u00e9, Jos\u00e9 Braz, comemorou Bodas de Vinho \u2013 70 anos de um feliz matrim\u00f4nio \u2013, junto \u00e0 sua esposa, L\u00e9dia Braz, em uma celebra\u00e7\u00e3o especial realizada na Capela S\u00e3o Jos\u00e9 Oper\u00e1rio, localizada no Complexo do Cristo Redentor, que o casal construiu e presenteou Muria\u00e9. A Santa Missa foi presidida pelo [&hellip;]<\/p>\n","protected":false},"author":2,"featured_media":46753,"comment_status":"open","ping_status":"closed","sticky":false,"template":"","format":"standard","meta":{"_joinchat":[],"footnotes":""},"categories":[1],"tags":[],"class_list":["post-46752","post","type-post","status-publish","format-standard","has-post-thumbnail","hentry","category-sem-categoria"],"_links":{"self":[{"href":"http:\/\/folhadosudeste.com\/site\/index.php?rest_route=\/wp\/v2\/posts\/46752","targetHints":{"allow":["GET"]}}],"collection":[{"href":"http:\/\/folhadosudeste.com\/site\/index.php?rest_route=\/wp\/v2\/posts"}],"about":[{"href":"http:\/\/folhadosudeste.com\/site\/index.php?rest_route=\/wp\/v2\/types\/post"}],"author":[{"embeddable":true,"href":"http:\/\/folhadosudeste.com\/site\/index.php?rest_route=\/wp\/v2\/users\/2"}],"replies":[{"embeddable":true,"href":"http:\/\/folhadosudeste.com\/site\/index.php?rest_route=%2Fwp%2Fv2%2Fcomments&post=46752"}],"version-history":[{"count":1,"href":"http:\/\/folhadosudeste.com\/site\/index.php?rest_route=\/wp\/v2\/posts\/46752\/revisions"}],"predecessor-version":[{"id":46774,"href":"http:\/\/folhadosudeste.com\/site\/index.php?rest_route=\/wp\/v2\/posts\/46752\/revisions\/46774"}],"wp:featuredmedia":[{"embeddable":true,"href":"http:\/\/folhadosudeste.com\/site\/index.php?rest_route=\/wp\/v2\/media\/46753"}],"wp:attachment":[{"href":"http:\/\/folhadosudeste.com\/site\/index.php?rest_route=%2Fwp%2Fv2%2Fmedia&parent=46752"}],"wp:term":[{"taxonomy":"category","embeddable":true,"href":"http:\/\/folhadosudeste.com\/site\/index.php?rest_route=%2Fwp%2Fv2%2Fcategories&post=46752"},{"taxonomy":"post_tag","embeddable":true,"href":"http:\/\/folhadosudeste.com\/site\/index.php?rest_route=%2Fwp%2Fv2%2Ftags&post=46752"}],"curies":[{"name":"wp","href":"https:\/\/api.w.org\/{rel}","templated":true}]}}