{"id":46800,"date":"2017-12-08T12:05:25","date_gmt":"2017-12-08T12:05:25","guid":{"rendered":"http:\/\/folhadosudeste.com\/site\/?p=46800"},"modified":"2017-12-08T12:05:25","modified_gmt":"2017-12-08T12:05:25","slug":"tradicional-chegada-do-papai-noel-em-muriae","status":"publish","type":"post","link":"http:\/\/folhadosudeste.com\/site\/?p=46800","title":{"rendered":"TRADICIONAL CHEGADA DO PAPAI NOEL EM MURIA\u00c9"},"content":{"rendered":"<p style=\"text-align: justify;\"><a href=\"http:\/\/folhadosudeste.com\/site\/wp-content\/uploads\/2017\/12\/NATAL.jpg\"><img loading=\"lazy\" decoding=\"async\" class=\"aligncenter size-full wp-image-46801\" src=\"http:\/\/folhadosudeste.com\/site\/wp-content\/uploads\/2017\/12\/NATAL.jpg\" alt=\"\" width=\"620\" height=\"212\" srcset=\"http:\/\/folhadosudeste.com\/site\/wp-content\/uploads\/2017\/12\/NATAL.jpg 620w, http:\/\/folhadosudeste.com\/site\/wp-content\/uploads\/2017\/12\/NATAL-300x103.jpg 300w\" sizes=\"auto, (max-width: 620px) 100vw, 620px\" \/><\/a><\/p>\n<p style=\"text-align: justify;\">Show, desfile e cantata fizeram parte da chegada do Papai Noel, uma festa na \u00faltima quarta (6) em Muria\u00e9. O evento foi realizado pela Prefeitura e Fundarte, em parceria com a CDL.<\/p>\n<p style=\"text-align: justify;\">&nbsp;A chegada do \u2018bom velhinho\u2019 movimentou a Pra\u00e7a Jo\u00e3o Pinheiro, regi\u00e3o central da cidade. O momento festivo contou com a apresenta\u00e7\u00e3o do Coral da Escola Municipal de M\u00fasica Leonel Vargas, a Banda Sociedade Musical Uni\u00e3o dos Artistas, o Coral de Libras da Associa\u00e7\u00e3o de Surdos de Muria\u00e9 (ASM), o Coral do Centro de Conviv\u00eancia dos Idosos e tamb\u00e9m com o desfile da Banda Marcial de Muria\u00e9 da E. M. Gilberto Tanus Braz (Jo\u00e3o XXIII), em sua segunda apresenta\u00e7\u00e3o. Fl\u00e1via de Melo Neves, diretora geral da Fundarte, falou um pouco sobre o evento que, de acordo com ela, teve seu in\u00edcio no dia 4\/12. <em>\u201cA programa\u00e7\u00e3o oficial come\u00e7ou segunda-feira, com abertura da exposi\u00e7\u00e3o de pres\u00e9pios, no Grande Hotel Muriah\u00e9, e ficar\u00e1 exposta at\u00e9 em janeiro\u201d.<\/em><\/p>\n<p style=\"text-align: justify;\">A tradicional passagem da chave para o Papai Noel ocorreu por meio do representante do Gabinete da Prefeitura de Muria\u00e9, Jo\u00e3o Francisco dos Santos, que justificou a aus\u00eancia do prefeito <em>\u201cO Grego, teve um compromisso e precisou ir para Bras\u00edlia, visando o bem da cidade e buscando colocar Muria\u00e9 em uma nova posi\u00e7\u00e3o no cen\u00e1rio pol\u00edtico e administrativo de Minas Gerais. Por isso lamentavelmente n\u00e3o p\u00f4de comparecer, mas tenho certeza de que gostaria muito de estar aqui\u201d.<\/em><\/p>\n<p style=\"text-align: justify;\">A decora\u00e7\u00e3o da pra\u00e7a ainda est\u00e1 sendo feita, de acordo com Fl\u00e1via. A previs\u00e3o \u00e9 que termine a parte decorativa em breve. <em>\u201cAt\u00e9 dia 12, n\u00f3s iremos montar o pres\u00e9pio na fonte da Matriz S\u00e3o Paulo. A casinha do Papai Noel e o Tren\u00f3 ficar\u00e3o na Pra\u00e7a Jo\u00e3o Pinheiro\u201d. <\/em>A programa\u00e7\u00e3o vai ocorrer durante o m\u00eas de dezembro. Voc\u00ea pode conferir toda a programa\u00e7\u00e3o pela p\u00e1gina do Facebook da Fundarte ou pelo Instagram.<\/p>\n<p>[ngg_images source=&#8221;galleries&#8221; container_ids=&#8221;1217&#8243; display_type=&#8221;photocrati-nextgen_basic_thumbnails&#8221; override_thumbnail_settings=&#8221;0&#8243; thumbnail_width=&#8221;100&#8243; thumbnail_height=&#8221;75&#8243; thumbnail_crop=&#8221;1&#8243; images_per_page=&#8221;0&#8243; number_of_columns=&#8221;0&#8243; ajax_pagination=&#8221;0&#8243; show_all_in_lightbox=&#8221;0&#8243; use_imagebrowser_effect=&#8221;0&#8243; show_slideshow_link=&#8221;1&#8243; slideshow_link_text=&#8221;[Show as slideshow]&#8221; order_by=&#8221;sortorder&#8221; order_direction=&#8221;ASC&#8221; returns=&#8221;included&#8221; maximum_entity_count=&#8221;500&#8243;]<\/p>\n","protected":false},"excerpt":{"rendered":"<p>Show, desfile e cantata fizeram parte da chegada do Papai Noel, uma festa na \u00faltima quarta (6) em Muria\u00e9. O evento foi realizado pela Prefeitura e Fundarte, em parceria com a CDL. &nbsp;A chegada do \u2018bom velhinho\u2019 movimentou a Pra\u00e7a Jo\u00e3o Pinheiro, regi\u00e3o central da cidade. O momento festivo contou com a apresenta\u00e7\u00e3o do Coral [&hellip;]<\/p>\n","protected":false},"author":2,"featured_media":46801,"comment_status":"open","ping_status":"closed","sticky":false,"template":"","format":"standard","meta":{"_joinchat":[],"footnotes":""},"categories":[1],"tags":[],"class_list":["post-46800","post","type-post","status-publish","format-standard","has-post-thumbnail","hentry","category-sem-categoria"],"_links":{"self":[{"href":"http:\/\/folhadosudeste.com\/site\/index.php?rest_route=\/wp\/v2\/posts\/46800","targetHints":{"allow":["GET"]}}],"collection":[{"href":"http:\/\/folhadosudeste.com\/site\/index.php?rest_route=\/wp\/v2\/posts"}],"about":[{"href":"http:\/\/folhadosudeste.com\/site\/index.php?rest_route=\/wp\/v2\/types\/post"}],"author":[{"embeddable":true,"href":"http:\/\/folhadosudeste.com\/site\/index.php?rest_route=\/wp\/v2\/users\/2"}],"replies":[{"embeddable":true,"href":"http:\/\/folhadosudeste.com\/site\/index.php?rest_route=%2Fwp%2Fv2%2Fcomments&post=46800"}],"version-history":[{"count":1,"href":"http:\/\/folhadosudeste.com\/site\/index.php?rest_route=\/wp\/v2\/posts\/46800\/revisions"}],"predecessor-version":[{"id":46810,"href":"http:\/\/folhadosudeste.com\/site\/index.php?rest_route=\/wp\/v2\/posts\/46800\/revisions\/46810"}],"wp:featuredmedia":[{"embeddable":true,"href":"http:\/\/folhadosudeste.com\/site\/index.php?rest_route=\/wp\/v2\/media\/46801"}],"wp:attachment":[{"href":"http:\/\/folhadosudeste.com\/site\/index.php?rest_route=%2Fwp%2Fv2%2Fmedia&parent=46800"}],"wp:term":[{"taxonomy":"category","embeddable":true,"href":"http:\/\/folhadosudeste.com\/site\/index.php?rest_route=%2Fwp%2Fv2%2Fcategories&post=46800"},{"taxonomy":"post_tag","embeddable":true,"href":"http:\/\/folhadosudeste.com\/site\/index.php?rest_route=%2Fwp%2Fv2%2Ftags&post=46800"}],"curies":[{"name":"wp","href":"https:\/\/api.w.org\/{rel}","templated":true}]}}