{"id":46811,"date":"2017-12-08T12:08:25","date_gmt":"2017-12-08T12:08:25","guid":{"rendered":"http:\/\/folhadosudeste.com\/site\/?p=46811"},"modified":"2017-12-08T13:18:06","modified_gmt":"2017-12-08T13:18:06","slug":"dr-demetrio-assume-cargo-de-delegado-regional-da-policia-civil-em-solenidade-oficial","status":"publish","type":"post","link":"http:\/\/folhadosudeste.com\/site\/?p=46811","title":{"rendered":"DR. DEM\u00c9TRIO ASSUME CARGO DE DELEGADO REGIONAL DA POL\u00cdCIA CIVIL EM SOLENIDADE OFICIAL"},"content":{"rendered":"<p style=\"text-align: justify;\"><a href=\"http:\/\/folhadosudeste.com\/site\/wp-content\/uploads\/2017\/12\/DELEGADO.jpg\"><img loading=\"lazy\" decoding=\"async\" class=\"aligncenter size-full wp-image-46812\" src=\"http:\/\/folhadosudeste.com\/site\/wp-content\/uploads\/2017\/12\/DELEGADO.jpg\" alt=\"\" width=\"620\" height=\"266\" srcset=\"http:\/\/folhadosudeste.com\/site\/wp-content\/uploads\/2017\/12\/DELEGADO.jpg 620w, http:\/\/folhadosudeste.com\/site\/wp-content\/uploads\/2017\/12\/DELEGADO-300x129.jpg 300w\" sizes=\"auto, (max-width: 620px) 100vw, 620px\" \/><\/a><\/p>\n<p style=\"text-align: justify;\">O novo delegado regional da Pol\u00edcia Civil, Jos\u00e9 Roberto Machado Dem\u00e9trio (Dr. Dem\u00e9trio), tomou posse em Muria\u00e9 em solenidade oficial realizada na \u00faltima quinta (7), na C\u00e2mara de Vereadores, ap\u00f3s assumir a chefia da 4\u00aa Delegacia Regional (4\u00aa DRPC) no final do m\u00eas de outubro. Ele atua no lugar de Alessandro Amaro da Matta, que foi nomeado delegado-assistente do Gabinete da Chefia da Corpora\u00e7\u00e3o, em Belo Horizonte MG, ap\u00f3s quase dois anos de trabalhos no cargo anterior.<\/p>\n<p style=\"text-align: justify;\">Com ampla experi\u00eancia, Dr. Dem\u00e9trio mostra que a cidade est\u00e1 bem servida, j\u00e1 que ele guarda em seu curr\u00edculo 31 anos de trabalho na Pol\u00edcia Judici\u00e1ria e a atua\u00e7\u00e3o de 20 anos como investigador na PC RJ, contribui\u00e7\u00f5es que deu \u00e0 sociedade antes de assumir como delegado na PC MG, no ano de 2006. O novo delegado regional da PC \u00e9 natural de Porci\u00fancula, noroeste do Rio de Janeiro, fronteira com nosso estado. Ciente de que n\u00e3o ser\u00e1 f\u00e1cil o trabalho de coordenar a atua\u00e7\u00e3o frente a 18 munic\u00edpios em sua \u00e1rea de responsabilidade incluindo duas delegacias em Muria\u00e9 \u2013 a 31\u00aa na AISP 150 e 32\u00aa na sede \u2013, al\u00e9m de especializadas, como de Homic\u00eddios, Mulheres e Menores, e Tr\u00e2nsito, contando ainda com uma Ag\u00eancia de Intelig\u00eancia, Dr. Dem\u00e9trio mostrou sua satisfa\u00e7\u00e3o em ser muito bem recebido para o cargo pelos colegas de trabalho e sociedade muriaeense. <em>\u201cEssa solenidade cumpre o protocolo e formalidade do cargo que assumi. Completando meu ciclo na Pol\u00edcia, as coisas apareceram e entendi que poderia fazer algo mais pela Pol\u00edcia Civil e sociedade. Minhas expectativas s\u00e3o de manter e aprimorar esse trabalho que j\u00e1 \u00e9 desempenhado\u201d,<\/em> disse na ocasi\u00e3o.<\/p>\n<p style=\"text-align: justify;\">Estiveram presentes na solenidade: Jo\u00e3o Octac\u00edlio Silva Neto (chefe da Pol\u00edcia Civil de Minas Gerais \u2013 PCMG), Gustavo Ad\u00e9lio Lara Ferreira (corregedor-geral da PCMG), Carlos Roberto da Silveira Costa (chefe do 4\u00ba Departamento de PC, sediado em Juiz de Fora MG \u2013 4\u00ba DEPPC), Marcos Guarino (vice-prefeito de Muria\u00e9), Jo\u00e3o Francisco dos Santos (chefe de Gabinete), Carlos Delfim (presidente da C\u00e2mara de Muria\u00e9), delegados, policiais civis, representantes do 47\u00ba Batalh\u00e3o da Pol\u00edcia Militar (47\u00ba BPM) e do 2\u00ba Pelot\u00e3o do Corpo de Bombeiros, secret\u00e1rios municipais, vereadores e demais representantes da sociedade civil.<\/p>\n<p>[ngg_images source=&#8221;galleries&#8221; container_ids=&#8221;1218&#8243; display_type=&#8221;photocrati-nextgen_basic_thumbnails&#8221; override_thumbnail_settings=&#8221;0&#8243; thumbnail_width=&#8221;100&#8243; thumbnail_height=&#8221;75&#8243; thumbnail_crop=&#8221;1&#8243; images_per_page=&#8221;0&#8243; number_of_columns=&#8221;0&#8243; ajax_pagination=&#8221;0&#8243; show_all_in_lightbox=&#8221;0&#8243; use_imagebrowser_effect=&#8221;0&#8243; show_slideshow_link=&#8221;1&#8243; slideshow_link_text=&#8221;[Show as slideshow]&#8221; order_by=&#8221;sortorder&#8221; order_direction=&#8221;ASC&#8221; returns=&#8221;included&#8221; maximum_entity_count=&#8221;500&#8243;]<\/p>\n","protected":false},"excerpt":{"rendered":"<p>O novo delegado regional da Pol\u00edcia Civil, Jos\u00e9 Roberto Machado Dem\u00e9trio (Dr. Dem\u00e9trio), tomou posse em Muria\u00e9 em solenidade oficial realizada na \u00faltima quinta (7), na C\u00e2mara de Vereadores, ap\u00f3s assumir a chefia da 4\u00aa Delegacia Regional (4\u00aa DRPC) no final do m\u00eas de outubro. Ele atua no lugar de Alessandro Amaro da Matta, que [&hellip;]<\/p>\n","protected":false},"author":2,"featured_media":46812,"comment_status":"open","ping_status":"closed","sticky":false,"template":"","format":"standard","meta":{"_joinchat":[],"footnotes":""},"categories":[1],"tags":[],"class_list":["post-46811","post","type-post","status-publish","format-standard","has-post-thumbnail","hentry","category-sem-categoria"],"_links":{"self":[{"href":"http:\/\/folhadosudeste.com\/site\/index.php?rest_route=\/wp\/v2\/posts\/46811","targetHints":{"allow":["GET"]}}],"collection":[{"href":"http:\/\/folhadosudeste.com\/site\/index.php?rest_route=\/wp\/v2\/posts"}],"about":[{"href":"http:\/\/folhadosudeste.com\/site\/index.php?rest_route=\/wp\/v2\/types\/post"}],"author":[{"embeddable":true,"href":"http:\/\/folhadosudeste.com\/site\/index.php?rest_route=\/wp\/v2\/users\/2"}],"replies":[{"embeddable":true,"href":"http:\/\/folhadosudeste.com\/site\/index.php?rest_route=%2Fwp%2Fv2%2Fcomments&post=46811"}],"version-history":[{"count":3,"href":"http:\/\/folhadosudeste.com\/site\/index.php?rest_route=\/wp\/v2\/posts\/46811\/revisions"}],"predecessor-version":[{"id":46835,"href":"http:\/\/folhadosudeste.com\/site\/index.php?rest_route=\/wp\/v2\/posts\/46811\/revisions\/46835"}],"wp:featuredmedia":[{"embeddable":true,"href":"http:\/\/folhadosudeste.com\/site\/index.php?rest_route=\/wp\/v2\/media\/46812"}],"wp:attachment":[{"href":"http:\/\/folhadosudeste.com\/site\/index.php?rest_route=%2Fwp%2Fv2%2Fmedia&parent=46811"}],"wp:term":[{"taxonomy":"category","embeddable":true,"href":"http:\/\/folhadosudeste.com\/site\/index.php?rest_route=%2Fwp%2Fv2%2Fcategories&post=46811"},{"taxonomy":"post_tag","embeddable":true,"href":"http:\/\/folhadosudeste.com\/site\/index.php?rest_route=%2Fwp%2Fv2%2Ftags&post=46811"}],"curies":[{"name":"wp","href":"https:\/\/api.w.org\/{rel}","templated":true}]}}