{"id":46873,"date":"2017-12-15T13:03:32","date_gmt":"2017-12-15T13:03:32","guid":{"rendered":"http:\/\/folhadosudeste.com\/site\/?p=46873"},"modified":"2017-12-15T13:03:32","modified_gmt":"2017-12-15T13:03:32","slug":"sitio-do-grego-e-parceiros-realizam-5a-festa-das-criancas-na-unifaminas","status":"publish","type":"post","link":"http:\/\/folhadosudeste.com\/site\/?p=46873","title":{"rendered":"S\u00cdTIO DO GREGO E PARCEIROS REALIZAM 5\u00aa FESTA DAS CRIAN\u00c7AS NA UNIFAMINAS"},"content":{"rendered":"<p style=\"text-align: justify;\"><a href=\"http:\/\/folhadosudeste.com\/site\/wp-content\/uploads\/2017\/12\/GREGO.jpg\"><img loading=\"lazy\" decoding=\"async\" class=\"aligncenter size-full wp-image-46874\" src=\"http:\/\/folhadosudeste.com\/site\/wp-content\/uploads\/2017\/12\/GREGO.jpg\" alt=\"\" width=\"620\" height=\"273\" srcset=\"http:\/\/folhadosudeste.com\/site\/wp-content\/uploads\/2017\/12\/GREGO.jpg 620w, http:\/\/folhadosudeste.com\/site\/wp-content\/uploads\/2017\/12\/GREGO-300x132.jpg 300w\" sizes=\"auto, (max-width: 620px) 100vw, 620px\" \/><\/a><\/p>\n<p style=\"text-align: justify;\">Foi realizada, no \u00faltimo s\u00e1bado (9), no Campus do Centro Universit\u00e1rio \u2013 UNIFAMINAS, a 5\u00aa edi\u00e7\u00e3o da Festa das Crian\u00e7as, evento que contou com a participa\u00e7\u00e3o de mais de 7 mil pessoas durante toda tarde. Essa foi mais uma edi\u00e7\u00e3o de sucesso da festividade que tem \u00e0 frente de sua organiza\u00e7\u00e3o o S\u00edtio do Grego, em parceria com a UNIFAMINAS e v\u00e1rios colaboradores e patrocinadores, al\u00e9m da atua\u00e7\u00e3o de 250 volunt\u00e1rios, transporte coletivo e entrada gratuita. Aproveitando a proximidade com o Natal, contou com a presen\u00e7a do Papai Noel, sorteio de muitos brinquedos.<\/p>\n<p style=\"text-align: justify;\">O empres\u00e1rio Grego mostrou sua satisfa\u00e7\u00e3o com a grande participa\u00e7\u00e3o das fam\u00edlias e, principalmente, ao ver o sorriso estampado no rosto das crian\u00e7as e seu olhar brilhando de alegria. <em>\u201cPudemos proporcionar divers\u00e3o e muita fartura, trazendo esse esp\u00edrito natalino de paz, harmonia e amor, materializado na pureza e ingenuidade das crian\u00e7as, que tomam conta do espa\u00e7o e fazem ele ficar aben\u00e7oado. Realizo-me como pessoa e cidad\u00e3o na oportunidade de proporcionar esse momento e desejo que possamos continuar realizando todo ano uma nova edi\u00e7\u00e3o. Os pontos mais positivos do evento s\u00e3o o fato, de que toda crian\u00e7a recebe um brinquedo na entrada e pode ter seu desejo realizado. \u00c9 um verdadeiro encontro da fam\u00edlia muriaeense. E \u00e9 essa alegria que me incentiva a continuar com o evento. O Papai Noel est\u00e1 no esp\u00edrito de pureza da crian\u00e7a, ent\u00e3o \u00e9 muito importante termos a presen\u00e7a dele, nesse lado l\u00fadico e infantil, fazendo com que a crian\u00e7a n\u00e3o perca essa fantasia da maravilha e do entusiasmo. Agrade\u00e7o as crian\u00e7as e seus familiares que compareceram, os volunt\u00e1rios e parceiros, que ajudaram para que essa festa acontecesse. E um agradecimento especial aos amigos Lael Varella, deputado federal Misael Varella, deputado estadual Dr. Wilson Baptista e o diretor administrativo da Funda\u00e7\u00e3o Cristiano Varella, S\u00e9rgio Henriques. Um feliz Natal e muitas realiza\u00e7\u00f5es em 2018 para todos\u201d,<\/em> destacou.<\/p>\n<p>[ngg_images source=&#8221;galleries&#8221; container_ids=&#8221;1221&#8243; display_type=&#8221;photocrati-nextgen_basic_thumbnails&#8221; override_thumbnail_settings=&#8221;0&#8243; thumbnail_width=&#8221;100&#8243; thumbnail_height=&#8221;75&#8243; thumbnail_crop=&#8221;1&#8243; images_per_page=&#8221;0&#8243; number_of_columns=&#8221;0&#8243; ajax_pagination=&#8221;0&#8243; show_all_in_lightbox=&#8221;0&#8243; use_imagebrowser_effect=&#8221;0&#8243; show_slideshow_link=&#8221;1&#8243; slideshow_link_text=&#8221;[Show as slideshow]&#8221; order_by=&#8221;sortorder&#8221; order_direction=&#8221;ASC&#8221; returns=&#8221;included&#8221; maximum_entity_count=&#8221;500&#8243;]<\/p>\n","protected":false},"excerpt":{"rendered":"<p>Foi realizada, no \u00faltimo s\u00e1bado (9), no Campus do Centro Universit\u00e1rio \u2013 UNIFAMINAS, a 5\u00aa edi\u00e7\u00e3o da Festa das Crian\u00e7as, evento que contou com a participa\u00e7\u00e3o de mais de 7 mil pessoas durante toda tarde. Essa foi mais uma edi\u00e7\u00e3o de sucesso da festividade que tem \u00e0 frente de sua organiza\u00e7\u00e3o o S\u00edtio do Grego, [&hellip;]<\/p>\n","protected":false},"author":2,"featured_media":46874,"comment_status":"open","ping_status":"closed","sticky":false,"template":"","format":"standard","meta":{"_joinchat":[],"footnotes":""},"categories":[1],"tags":[],"class_list":["post-46873","post","type-post","status-publish","format-standard","has-post-thumbnail","hentry","category-sem-categoria"],"_links":{"self":[{"href":"http:\/\/folhadosudeste.com\/site\/index.php?rest_route=\/wp\/v2\/posts\/46873","targetHints":{"allow":["GET"]}}],"collection":[{"href":"http:\/\/folhadosudeste.com\/site\/index.php?rest_route=\/wp\/v2\/posts"}],"about":[{"href":"http:\/\/folhadosudeste.com\/site\/index.php?rest_route=\/wp\/v2\/types\/post"}],"author":[{"embeddable":true,"href":"http:\/\/folhadosudeste.com\/site\/index.php?rest_route=\/wp\/v2\/users\/2"}],"replies":[{"embeddable":true,"href":"http:\/\/folhadosudeste.com\/site\/index.php?rest_route=%2Fwp%2Fv2%2Fcomments&post=46873"}],"version-history":[{"count":1,"href":"http:\/\/folhadosudeste.com\/site\/index.php?rest_route=\/wp\/v2\/posts\/46873\/revisions"}],"predecessor-version":[{"id":46915,"href":"http:\/\/folhadosudeste.com\/site\/index.php?rest_route=\/wp\/v2\/posts\/46873\/revisions\/46915"}],"wp:featuredmedia":[{"embeddable":true,"href":"http:\/\/folhadosudeste.com\/site\/index.php?rest_route=\/wp\/v2\/media\/46874"}],"wp:attachment":[{"href":"http:\/\/folhadosudeste.com\/site\/index.php?rest_route=%2Fwp%2Fv2%2Fmedia&parent=46873"}],"wp:term":[{"taxonomy":"category","embeddable":true,"href":"http:\/\/folhadosudeste.com\/site\/index.php?rest_route=%2Fwp%2Fv2%2Fcategories&post=46873"},{"taxonomy":"post_tag","embeddable":true,"href":"http:\/\/folhadosudeste.com\/site\/index.php?rest_route=%2Fwp%2Fv2%2Ftags&post=46873"}],"curies":[{"name":"wp","href":"https:\/\/api.w.org\/{rel}","templated":true}]}}