{"id":46954,"date":"2017-12-15T13:14:25","date_gmt":"2017-12-15T13:14:25","guid":{"rendered":"http:\/\/folhadosudeste.com\/site\/?p=46954"},"modified":"2017-12-15T13:14:25","modified_gmt":"2017-12-15T13:14:25","slug":"muriae-prev-realiza-o-9-encontro-dos-aposentados-e-pensionistas-com-palestras-e-prestacao-de-contas","status":"publish","type":"post","link":"http:\/\/folhadosudeste.com\/site\/?p=46954","title":{"rendered":"MURIA\u00c9-PREV REALIZA O 9\u00b0 ENCONTRO DOS APOSENTADOS E PENSIONISTAS COM PALESTRAS E PRESTA\u00c7\u00c3O DE CONTAS"},"content":{"rendered":"<p style=\"text-align: justify;\"><a href=\"http:\/\/folhadosudeste.com\/site\/wp-content\/uploads\/2017\/12\/MURIAE-PREV.jpg\"><img loading=\"lazy\" decoding=\"async\" class=\"aligncenter size-full wp-image-46955\" src=\"http:\/\/folhadosudeste.com\/site\/wp-content\/uploads\/2017\/12\/MURIAE-PREV.jpg\" alt=\"\" width=\"620\" height=\"257\" srcset=\"http:\/\/folhadosudeste.com\/site\/wp-content\/uploads\/2017\/12\/MURIAE-PREV.jpg 620w, http:\/\/folhadosudeste.com\/site\/wp-content\/uploads\/2017\/12\/MURIAE-PREV-300x124.jpg 300w\" sizes=\"auto, (max-width: 620px) 100vw, 620px\" \/><\/a><\/p>\n<p style=\"text-align: justify;\">O MURIA\u00c9-PREV realizou, na noite de sexta-feira 8 de dezembro, no Sesc Muria\u00e9, o 9\u00b0 Encontro dos Aposentados e Pensionistas, oportunidade em que tamb\u00e9m apresentou uma presta\u00e7\u00e3o de contas.&nbsp; O evento teve abertura pelo cerimonialista Ailton Malta que fez a leitura de uma linda mensagem aos aposentados e pensionistas e uma breve hist\u00f3ria do MURIA\u00c9-PREV. Ant\u00f4nio Jos\u00e9 Pereira de Oliveira, presidente do MURIA\u00c9-PREV, disse que esse j\u00e1 \u00e9 um encontro tradicional, sempre com uma palestra e neste ano contou com duas. <em>\u201cTudo isso visando o bem-estar do nosso aposentado, os cuidados com a sa\u00fade, corpo, mente, e um momento de confraternizar, porque estamos chegando em mais um final de ano, de muita luta. Administrar um patrim\u00f4nio com mais de 2 mil servidores n\u00e3o \u00e9 uma tarefa f\u00e1cil, por isso precisamos prestar contas aos aposentados e trazer palestras. Eles s\u00e3o nosso patrim\u00f4nio. \u00c9 um evento que nos deixa muito felizes. Ano que vem \u00e9 o ultimo ano da nossa gest\u00e3o e agora vamos passar o bast\u00e3o para outro gestor e fechar com chave-de-ouro. Agradecemos o apoio que sempre tivemos. Todos apoiaram o MURIA\u00c9-PREV e agora \u00e9 o momento de retribuir\u201d, <\/em>analisa. <em>\u201cAnt\u00f4nio Jos\u00e9 tamb\u00e9m falou da parceira com a Caixa Federal, pois a caixa federal e a patrocinador do Encontro j\u00e1 de longa data. Parceria esta que gerou grandes frutos para o patrim\u00f4nio dos servidores e agradeceu a presen\u00e7a do gerente geral e sua equipe. Ant\u00f4nio Jos\u00e9 disse ainda que este ano o encontro teve outros parceiros que contribu\u00edram com patroc\u00ednio para a realiza\u00e7\u00e3o deste evento. O Presidente do MURIA\u00c9-PREV fez um agradecimento a todos os colaboradores, em especial \u00e0 sua equipe que n\u00e3o medem esfor\u00e7os no atendimento aos servidores, aos conselhos e comit\u00ea investimento, sempre cumprindo seu importante papel na gest\u00e3o deste fundo\u201d,<\/em> finaliza.<\/p>\n<p style=\"text-align: justify;\">Segundo Alessandro Rodrigues Campos, presidente do Comit\u00ea de Investimentos do MURIA\u00c9-PREV, esse foi um evento comemorativo a exemplo do que foi realizado em outubro, especificamente para os servidores ativos. J\u00e1 este, em dezembro, \u00e9 de presta\u00e7\u00e3o de contas (balan\u00e7o do ano e apresenta\u00e7\u00e3o dos n\u00fameros das receitas e despesas) e orienta\u00e7\u00e3o direcionada para os aposentados e pensionistas do MURIA\u00c9-PREV, atuais benefici\u00e1rios que desfrutam do Fundo de Previd\u00eancia. <em>\u201c\u00c9 tamb\u00e9m um momento de natureza pedag\u00f3gica e de orienta\u00e7\u00e3o principalmente na \u00e1rea de sa\u00fade, com tudo que faz parte do dia-a-dia deles, pois a raz\u00e3o do MURIA\u00c9-PREV existir \u00e9 o servidor. Tudo que fazemos \u00e9 pensando neles, sejam os da ativa ou inativa. Os benefici\u00e1rios imediatos s\u00e3o os aposentados e pensionistas, mas o Fundo tem total preocupa\u00e7\u00e3o com os servidores da ativa que amanh\u00e3 ser\u00e3o os aposentados. Todo planejamento financeiro e cuidado que temos com os recursos, \u00e9 pensando no nosso compromisso de honrar a aposentadoria e pens\u00e3o deles. Contamos atualmente com aproximadamente 600 aposentados e 2 mil servidores na ativa. O MURIA\u00c9-PREV tem hoje R$ 183 milh\u00f5es, sendo que quando assumimos, em 2012, tinha R$ 78 milh\u00f5es, um crescimento nominal no valor de 133%, acima da meta do Minist\u00e9rio da Previd\u00eancia, da m\u00e9dia de juros banc\u00e1rios, e muito acima da m\u00e9dia inflacion\u00e1ria. Ou seja, batemos todas as metas em \u00edndices oficiais. Em resumo, estamos fazendo nosso dever de casa muito bem feito na \u00e1rea financeira. Somos o maior Fundo de Previd\u00eancia da Zona da Mata Mineira e um dos maiores de Minas Gerais. A sa\u00fade financeira atual dispensa coment\u00e1rios. \u00c9 um \u00f3rg\u00e3o reconhecido e respeitado, do qual tenho orgulho de fazer parte. As pessoas podem ficar tranquilas porque as aposentadorias delas est\u00e3o garantidas\u201d,<\/em> refor\u00e7a.<\/p>\n<p style=\"text-align: justify;\">Segundo Mauro Costa de Oliveira, gerente geral da Caixa Econ\u00f4mica Federal \u2013 Ag\u00eancia do Centro, logo que chegou em Muria\u00e9, a primeira visita que fez foi ao MURIA\u00c9-PREV, tendo em vista que \u00e9 um parceiro important\u00edssimo para a Caixa, devido ao excelente trabalho que o presidente Ant\u00f4nio Jos\u00e9 e sua equipe v\u00eam realizando, trabalho este com muita \u00e9tica e profissionalismo. <em>\u201c\u00c9 uma parceria que s\u00f3 tende a crescer. O evento \u00e9 importante, assim como nosso patroc\u00ednio e prest\u00edgio. \u00c9 um encontro em que os aposentados e pensionistas t\u00eam a oportunidade de comemorar o ano que passou e o desempenho do MURIA\u00c9-PREV, com os bons resultados. J\u00e1 programamos para janeiro uma pauta de reuni\u00e3o para analisarmos patroc\u00ednios e investimentos para o ano de 2018, fortalecendo esse relacionamento. Estamos muito satisfeitos com essa parceria e a Caixa est\u00e1 aqui para fazer muito para o munic\u00edpio na sua fun\u00e7\u00e3o social e demais atividades. Buscamos estar muito presentes, com for\u00e7a e prontos para apoiar\u201d,<\/em> afirma.<\/p>\n<p style=\"text-align: justify;\">De acordo com o cardiologista, Dr. Guilherme Flores Carvalho, palestrante que abordou o tema \u2018Preven\u00e7\u00e3o de Doen\u00e7as Cardiovasculares\u2019, essa \u00e9 a grande causa de mortalidade no Brasil e no mundo, com consider\u00e1vel preval\u00eancia em n\u00fameros, perto de outras enfermidades. <em>\u201cFalamos sobre os fatores de risco control\u00e1veis, como dieta, exerc\u00edcio, n\u00e3o fumar, etc., que s\u00e3o fundamentais para reduzir as chances de infarto e doen\u00e7as nas art\u00e9rias, para as pessoas conhecerem e tomaram provid\u00eancias e terem um estilo de vida que proporcione uma qualidade melhor. Agrade\u00e7o ao Presidente do MURIA\u00c9-PREV pelo convite para poder colaborar\u201d,<\/em> acrescenta.<\/p>\n<p style=\"text-align: justify;\">Artur de Alc\u00e2ntara Garcia, graduado em Educa\u00e7\u00e3o F\u00edsica \u2013 Licenciatura e Bacharelado, p\u00f3s-graduando em Treinamento Resistido e professor, abordou o tema da atividade f\u00edsica na melhor idade. <em>\u201cBusquei passar a import\u00e2ncia da preven\u00e7\u00e3o e do preparo para eles chegarem nessa idade bem de sa\u00fade, independentes e para que possam aproveitar essa fase da idade da melhor forma poss\u00edvel e sem depend\u00eancia de ningu\u00e9m, o que muitas vezes acontece. E tamb\u00e9m n\u00e3o deixar de cuidar da sa\u00fade, na quest\u00e3o de alimenta\u00e7\u00e3o e atividade f\u00edsica, somente depois que termina o prazo \u00fatil de servi\u00e7o deles. Minha conscientiza\u00e7\u00e3o sempre \u00e9 para que eles trabalhem isso ao longo da vida, chegando \u00e0 melhor idade bem, independentes, bem f\u00edsica e mentalmente e podendo usufruir das melhorias\u201d,<\/em> agrade\u00e7o ao Ant\u00f4nio Jos\u00e9 e ao Alessandro pelo convite, destaca.<\/p>\n<p>[ngg_images source=&#8221;galleries&#8221; container_ids=&#8221;1224&#8243; display_type=&#8221;photocrati-nextgen_basic_thumbnails&#8221; override_thumbnail_settings=&#8221;0&#8243; thumbnail_width=&#8221;100&#8243; thumbnail_height=&#8221;75&#8243; thumbnail_crop=&#8221;1&#8243; images_per_page=&#8221;0&#8243; number_of_columns=&#8221;0&#8243; ajax_pagination=&#8221;0&#8243; show_all_in_lightbox=&#8221;0&#8243; use_imagebrowser_effect=&#8221;0&#8243; show_slideshow_link=&#8221;1&#8243; slideshow_link_text=&#8221;[Show as slideshow]&#8221; order_by=&#8221;sortorder&#8221; order_direction=&#8221;ASC&#8221; returns=&#8221;included&#8221; maximum_entity_count=&#8221;500&#8243;]<\/p>\n","protected":false},"excerpt":{"rendered":"<p>O MURIA\u00c9-PREV realizou, na noite de sexta-feira 8 de dezembro, no Sesc Muria\u00e9, o 9\u00b0 Encontro dos Aposentados e Pensionistas, oportunidade em que tamb\u00e9m apresentou uma presta\u00e7\u00e3o de contas.&nbsp; O evento teve abertura pelo cerimonialista Ailton Malta que fez a leitura de uma linda mensagem aos aposentados e pensionistas e uma breve hist\u00f3ria do MURIA\u00c9-PREV. [&hellip;]<\/p>\n","protected":false},"author":2,"featured_media":46955,"comment_status":"open","ping_status":"closed","sticky":false,"template":"","format":"standard","meta":{"_joinchat":[],"footnotes":""},"categories":[1],"tags":[],"class_list":["post-46954","post","type-post","status-publish","format-standard","has-post-thumbnail","hentry","category-sem-categoria"],"_links":{"self":[{"href":"http:\/\/folhadosudeste.com\/site\/index.php?rest_route=\/wp\/v2\/posts\/46954","targetHints":{"allow":["GET"]}}],"collection":[{"href":"http:\/\/folhadosudeste.com\/site\/index.php?rest_route=\/wp\/v2\/posts"}],"about":[{"href":"http:\/\/folhadosudeste.com\/site\/index.php?rest_route=\/wp\/v2\/types\/post"}],"author":[{"embeddable":true,"href":"http:\/\/folhadosudeste.com\/site\/index.php?rest_route=\/wp\/v2\/users\/2"}],"replies":[{"embeddable":true,"href":"http:\/\/folhadosudeste.com\/site\/index.php?rest_route=%2Fwp%2Fv2%2Fcomments&post=46954"}],"version-history":[{"count":1,"href":"http:\/\/folhadosudeste.com\/site\/index.php?rest_route=\/wp\/v2\/posts\/46954\/revisions"}],"predecessor-version":[{"id":46988,"href":"http:\/\/folhadosudeste.com\/site\/index.php?rest_route=\/wp\/v2\/posts\/46954\/revisions\/46988"}],"wp:featuredmedia":[{"embeddable":true,"href":"http:\/\/folhadosudeste.com\/site\/index.php?rest_route=\/wp\/v2\/media\/46955"}],"wp:attachment":[{"href":"http:\/\/folhadosudeste.com\/site\/index.php?rest_route=%2Fwp%2Fv2%2Fmedia&parent=46954"}],"wp:term":[{"taxonomy":"category","embeddable":true,"href":"http:\/\/folhadosudeste.com\/site\/index.php?rest_route=%2Fwp%2Fv2%2Fcategories&post=46954"},{"taxonomy":"post_tag","embeddable":true,"href":"http:\/\/folhadosudeste.com\/site\/index.php?rest_route=%2Fwp%2Fv2%2Ftags&post=46954"}],"curies":[{"name":"wp","href":"https:\/\/api.w.org\/{rel}","templated":true}]}}