{"id":46989,"date":"2017-12-15T13:19:39","date_gmt":"2017-12-15T13:19:39","guid":{"rendered":"http:\/\/folhadosudeste.com\/site\/?p=46989"},"modified":"2017-12-15T13:19:39","modified_gmt":"2017-12-15T13:19:39","slug":"cicero-lanca-livro-uma-boa-noticia","status":"publish","type":"post","link":"http:\/\/folhadosudeste.com\/site\/?p=46989","title":{"rendered":"C\u00cdCERO LAN\u00c7A LIVRO \u2018UMA BOA NOT\u00cdCIA\u2019"},"content":{"rendered":"<p style=\"text-align: justify;\"><a href=\"http:\/\/folhadosudeste.com\/site\/wp-content\/uploads\/2017\/12\/PE-C\u00cdCERO.jpeg\"><img loading=\"lazy\" decoding=\"async\" class=\"aligncenter size-full wp-image-46990\" src=\"http:\/\/folhadosudeste.com\/site\/wp-content\/uploads\/2017\/12\/PE-C\u00cdCERO.jpeg\" alt=\"\" width=\"620\" height=\"294\" srcset=\"http:\/\/folhadosudeste.com\/site\/wp-content\/uploads\/2017\/12\/PE-C\u00cdCERO.jpeg 620w, http:\/\/folhadosudeste.com\/site\/wp-content\/uploads\/2017\/12\/PE-C\u00cdCERO-300x142.jpeg 300w\" sizes=\"auto, (max-width: 620px) 100vw, 620px\" \/><\/a><\/p>\n<p style=\"text-align: justify;\">Pe. C\u00edcero Machado Ribeiro, MSC, lan\u00e7ou na \u00faltima sexta-feira 8 de dezembro, seu livro \u2018Uma Boa Not\u00edcia\u2019, durante uma Noite de Aut\u00f3grafos realizada no p\u00e1tio da Matriz S\u00e3o Paulo, ap\u00f3s a Santa Missa presidida por ele anteriormente. A obra \u00e9 uma colet\u00e2nea de quatro volumes.<\/p>\n<p style=\"text-align: justify;\">No contexto de um mundo permeado de not\u00edcias ruins, com o \u00f3dio teimando em querer vencer o amor, a esperan\u00e7a continua sendo Jesus Cristo, para nos salvar do maligno e insistir para que possamos dar nossa contribui\u00e7\u00e3o ao mundo. Segundo Pe. Humberto Henriques da Silva, MSC, Conselheiro Geral dos Mission\u00e1rios do Sagrado Cora\u00e7\u00e3o (Roma), \u00e9 com esse convite que nasce o livro, trazendo uma Boa Not\u00edcia, o Evangelho de Jesus contado e explicado pelo Pe. C\u00edcero. Para ele, trata-se da Palavra de Cristo atualizada a partir da vida, traduzida e interpretada com o devido conhecimento b\u00edblico e teol\u00f3gico, al\u00e9m de muita inspira\u00e7\u00e3o divina.<\/p>\n<p style=\"text-align: justify;\"><em>\u201cAssim escutei e li as p\u00e1ginas deste livro, impressionado com a capacidade que o autor possui em falar de realidades t\u00e3o dif\u00edceis de uma maneira t\u00e3o simples e acess\u00edvel (&#8230;) O livro tem um roteiro leve e de f\u00e1cil entendimento para os que querem compreender e rezar os Evangelhos. Ali\u00e1s, este livro n\u00e3o se destina somente como leitura intelectual mas, sobretudo, espiritual (&#8230;) que nos orientar\u00e1 em nossa viagem, no mar da hist\u00f3ria (&#8230;) Para cada explica\u00e7\u00e3o de algum trecho do Evangelho, correspondente a um dia da semana, nos \u00e9 contada uma hist\u00f3ria que come\u00e7a com um t\u00edtulo, passa pelo relato do Evangelho e a explica\u00e7\u00e3o de seus pormenores, e termina com a aplica\u00e7\u00e3o concreta na vida humana (&#8230;) \u00e9 tamb\u00e9m um livro para a convers\u00e3o pessoal e comunit\u00e1ria, onde o autor insiste em nos convocar a participar ativamente na constru\u00e7\u00e3o do Reino de Deus, inseridos em uma comunidade de disc\u00edpulos que se encontra em cada par\u00f3quia e em cada capela espalhadas pelo mundo\u201d,<\/em> destaca Pe. Humberto em alguns trechos da apresenta\u00e7\u00e3o do livro, parte que coube a ele redigir.<\/p>\n<p style=\"text-align: justify;\">Em uma de suas cita\u00e7\u00f5es, Pe. C\u00edcero destaca que pediu em s\u00faplica a Deus que lhe concedesse a gra\u00e7a de conseguir escrever suas medita\u00e7\u00f5es e reflex\u00f5es dos Evangelhos na cotidianidade da vida, a fim de partilhar tanta riqueza e alegria da Boa Not\u00edcia de Jesus Cristo, que ele trazia dentro de si. <em>\u201cTrago como bibliografia e material de consulta a B\u00edblia e o Evangelho cotidiano, sendo assim, n\u00e3o h\u00e1 a pretens\u00e3o desta obra ser um grande tratado de teologia, mas a aplica\u00e7\u00e3o de minha gradua\u00e7\u00e3o filos\u00f3fica e teol\u00f3gica como suporte para colocar no papel o que vi, vivi e o que senti nesses \u00faltimos tr\u00eas anos de minha vida. Um dia comecei a escrever minhas homilias. Hoje elas est\u00e3o banhadas pelo sil\u00eancio e pela conversa \u00edntima com a Trindade Santa. Aqui est\u00e1 esta riqueza. S\u00e3o, no momento, algumas poucas p\u00e1ginas que trazem reflex\u00f5es para o tempo de Advento e Natal na liturgia di\u00e1ria ferial (de segunda a s\u00e1bado)\u201d,<\/em> explicou em parte de seus textos.<\/p>\n<p style=\"text-align: justify;\">Segundo Padre C\u00edcero, lan\u00e7ar um livro \u00e9 uma emo\u00e7\u00e3o que n\u00e3o d\u00e1 para explicar, supera todas as expectativas. Ele considera uma \u2018Gra\u00e7a\u2019 concluir uma obra voltada para um p\u00fablico que gosta de sua pessoa, de lhe ouvir, de buscar compreender suas palavras e explica\u00e7\u00f5es. Mais do que isso, voltada para um povo que ama Jesus Cristo e se aproximam Dele atrav\u00e9s dos ensinamentos que Pe. C\u00edcero se empenha em pregar. <em>\u201c\u00c9 isso que quero deixar no livro: que as pessoas, atrav\u00e9s das minhas reflex\u00f5es, e dos Evangelhos que est\u00e3o no livro, possam se encontrar com Jesus. N\u00f3s, do Sagrado Cora\u00e7\u00e3o, vamos para um lugar com um mandato determinado. Meu tempo terminou e serei enviado para outra miss\u00e3o, que \u00e9 em Vila Velha ES, onde irei trabalhar como p\u00e1roco na igreja de l\u00e1. Trabalhei em mais da metade das par\u00f3quias daqui da cidade, ent\u00e3o para mim tem sido uma paix\u00e3o: de 23 anos de Padre, 7 deles passei em Muria\u00e9. Voltarei sempre que puder e meus outros volumes ser\u00e3o lan\u00e7ados aqui. Quero agradecer todo o pessoal que se envolveu nesse lan\u00e7amento e na noite de aut\u00f3grafos. Tamb\u00e9m agradecer \u00e0s pessoas que me ajudaram no livro e, principalmente, aos fi\u00e9is da nossa Igreja, que me valorizam tanto e me d\u00e3o tanto carinho. O que posso deixar \u00e9 a lembran\u00e7a dessas palavras. Estamos chegando no Natal e quero desejar que o Menino Jesus esteja conosco, que cada um receba-o na sua casa\u201d,<\/em> destaca.<\/p>\n<p style=\"text-align: justify;\">Pe. C\u00edcero tamb\u00e9m lan\u00e7ou o livro e realizou a noite de aut\u00f3grafos na segunda-feira (11) em Belford Roxo e na quinta-feira (14), na Pra\u00e7a Seca, Par\u00f3quia Nossa Senhora do Sagrado Cora\u00e7\u00e3o, ambos no estado do Rio de Janeiro.<\/p>\n<p>[ngg_images source=&#8221;galleries&#8221; container_ids=&#8221;1225&#8243; display_type=&#8221;photocrati-nextgen_basic_thumbnails&#8221; override_thumbnail_settings=&#8221;0&#8243; thumbnail_width=&#8221;100&#8243; thumbnail_height=&#8221;75&#8243; thumbnail_crop=&#8221;1&#8243; images_per_page=&#8221;0&#8243; number_of_columns=&#8221;0&#8243; ajax_pagination=&#8221;0&#8243; show_all_in_lightbox=&#8221;0&#8243; use_imagebrowser_effect=&#8221;0&#8243; show_slideshow_link=&#8221;1&#8243; slideshow_link_text=&#8221;[Show as slideshow]&#8221; order_by=&#8221;sortorder&#8221; order_direction=&#8221;ASC&#8221; returns=&#8221;included&#8221; maximum_entity_count=&#8221;500&#8243;]<\/p>\n","protected":false},"excerpt":{"rendered":"<p>Pe. C\u00edcero Machado Ribeiro, MSC, lan\u00e7ou na \u00faltima sexta-feira 8 de dezembro, seu livro \u2018Uma Boa Not\u00edcia\u2019, durante uma Noite de Aut\u00f3grafos realizada no p\u00e1tio da Matriz S\u00e3o Paulo, ap\u00f3s a Santa Missa presidida por ele anteriormente. A obra \u00e9 uma colet\u00e2nea de quatro volumes. No contexto de um mundo permeado de not\u00edcias ruins, com [&hellip;]<\/p>\n","protected":false},"author":2,"featured_media":46990,"comment_status":"open","ping_status":"closed","sticky":false,"template":"","format":"standard","meta":{"_joinchat":[],"footnotes":""},"categories":[1],"tags":[],"class_list":["post-46989","post","type-post","status-publish","format-standard","has-post-thumbnail","hentry","category-sem-categoria"],"_links":{"self":[{"href":"http:\/\/folhadosudeste.com\/site\/index.php?rest_route=\/wp\/v2\/posts\/46989","targetHints":{"allow":["GET"]}}],"collection":[{"href":"http:\/\/folhadosudeste.com\/site\/index.php?rest_route=\/wp\/v2\/posts"}],"about":[{"href":"http:\/\/folhadosudeste.com\/site\/index.php?rest_route=\/wp\/v2\/types\/post"}],"author":[{"embeddable":true,"href":"http:\/\/folhadosudeste.com\/site\/index.php?rest_route=\/wp\/v2\/users\/2"}],"replies":[{"embeddable":true,"href":"http:\/\/folhadosudeste.com\/site\/index.php?rest_route=%2Fwp%2Fv2%2Fcomments&post=46989"}],"version-history":[{"count":1,"href":"http:\/\/folhadosudeste.com\/site\/index.php?rest_route=\/wp\/v2\/posts\/46989\/revisions"}],"predecessor-version":[{"id":47015,"href":"http:\/\/folhadosudeste.com\/site\/index.php?rest_route=\/wp\/v2\/posts\/46989\/revisions\/47015"}],"wp:featuredmedia":[{"embeddable":true,"href":"http:\/\/folhadosudeste.com\/site\/index.php?rest_route=\/wp\/v2\/media\/46990"}],"wp:attachment":[{"href":"http:\/\/folhadosudeste.com\/site\/index.php?rest_route=%2Fwp%2Fv2%2Fmedia&parent=46989"}],"wp:term":[{"taxonomy":"category","embeddable":true,"href":"http:\/\/folhadosudeste.com\/site\/index.php?rest_route=%2Fwp%2Fv2%2Fcategories&post=46989"},{"taxonomy":"post_tag","embeddable":true,"href":"http:\/\/folhadosudeste.com\/site\/index.php?rest_route=%2Fwp%2Fv2%2Ftags&post=46989"}],"curies":[{"name":"wp","href":"https:\/\/api.w.org\/{rel}","templated":true}]}}