{"id":47073,"date":"2017-12-22T11:01:42","date_gmt":"2017-12-22T11:01:42","guid":{"rendered":"http:\/\/folhadosudeste.com\/site\/?p=47073"},"modified":"2017-12-22T11:01:42","modified_gmt":"2017-12-22T11:01:42","slug":"nilda-de-souza-dantes-e-eleita-presidente-da-associacao-de-moradores-do-bairro-da-barra-para-o-bienio-2018-2020","status":"publish","type":"post","link":"http:\/\/folhadosudeste.com\/site\/?p=47073","title":{"rendered":"NILDA DE SOUZA DANTES \u00c9 ELEITA PRESIDENTE DA ASSOCIA\u00c7\u00c3O DE MORADORES DO BAIRRO DA BARRA PARA O BI\u00caNIO 2018 \/ 2020"},"content":{"rendered":"<p style=\"text-align: justify;\"><a href=\"http:\/\/folhadosudeste.com\/site\/wp-content\/uploads\/2017\/12\/ASSOCIA\u00c7\u00c3O-BARRA.jpeg\"><img loading=\"lazy\" decoding=\"async\" class=\"aligncenter size-full wp-image-47074\" src=\"http:\/\/folhadosudeste.com\/site\/wp-content\/uploads\/2017\/12\/ASSOCIA\u00c7\u00c3O-BARRA.jpeg\" alt=\"\" width=\"620\" height=\"266\" srcset=\"http:\/\/folhadosudeste.com\/site\/wp-content\/uploads\/2017\/12\/ASSOCIA\u00c7\u00c3O-BARRA.jpeg 620w, http:\/\/folhadosudeste.com\/site\/wp-content\/uploads\/2017\/12\/ASSOCIA\u00c7\u00c3O-BARRA-300x129.jpeg 300w\" sizes=\"auto, (max-width: 620px) 100vw, 620px\" \/><\/a><\/p>\n<p style=\"text-align: justify;\">Aconteceu, no \u00faltimo domingo (17), na Escola Municipal Professora Odal\u00e9ia Morais de Azevedo, a Elei\u00e7\u00e3o da Nova Diretoria da Associa\u00e7\u00e3o de Moradores do Bairro da Barra. A vota\u00e7\u00e3o aconteceu em chapa \u00fanica, das 8h \u00e0s 17h. Eram tr\u00eas chapas, mas as outras duas n\u00e3o competiram.<\/p>\n<p style=\"text-align: justify;\">Com 172 Votos, Sra. Nilda de Souza Dantes foi eleita Presidente e tomar\u00e1 posse no dia 1\u00ba de janeiro de 2018, para o Bi\u00eanio 2018 \/ 2020. <em>\u201cA elei\u00e7\u00e3o ocorreu da melhor maneira poss\u00edvel e agradecemos a todos que participaram. Tenho orgulho de ser o primeiro presidente desta Associa\u00e7\u00e3o do Bairro da Barra e com tr\u00eas mandatos ser reeleito. Aos eleitores, o meu muito obrigado. Um Feliz Natal e Pr\u00f3spero Ano Novo a todos\u201d,<\/em> disse Ant\u00f4nio de Lima, presidente do bi\u00eanio 2016\/2017, que cumprir\u00e1 seu mandato de voto popular at\u00e9 o dia 31 de dezembro de 2017. Ele acredita ser uma grande responsabilidade e fica feliz de ter cumprido sua miss\u00e3o, com todas as dificuldades enfrentadas, em fun\u00e7\u00e3o da aus\u00eancia de parceria.<\/p>\n<p style=\"text-align: justify;\">Segundo Nilda, <em>\u201co objetivo da Associa\u00e7\u00e3o s\u00e3o as melhorias do bairro em todos os segmentos e efetivar parcerias para interagir com a Prefeitura e todos os pol\u00edticos, al\u00e9m da comunidade, que tem nos apoiado e participa conosco\u201d.<\/em><\/p>\n<p style=\"text-align: justify;\"><strong>DIRETORIA:<\/strong><\/p>\n<p style=\"text-align: justify;\"><strong>Presidente:<\/strong> Nilda de Souza Dantes<\/p>\n<p style=\"text-align: justify;\"><strong>Vice-Presidente:<\/strong> Wanilton Pellezzon Guedes<\/p>\n<p style=\"text-align: justify;\"><strong>1\u00aa Secret\u00e1ria:<\/strong> Regina Cele Martins dos Santos Furtado<\/p>\n<p style=\"text-align: justify;\"><strong>2\u00aa Secret\u00e1ria:<\/strong> Oneida Dias de Souza<\/p>\n<p style=\"text-align: justify;\"><strong>Tesoureiro:<\/strong> Gerson Ara\u00fajo de Souza<\/p>\n<p style=\"text-align: justify;\"><strong>Tesoureira:<\/strong> Vit\u00f3ria Ferreira da Silva<\/p>\n<p style=\"text-align: justify;\"><strong>Conselheiro Fiscal:<\/strong> Maria Sena Moreira<\/p>\n<p>[ngg_images source=&#8221;galleries&#8221; container_ids=&#8221;1227&#8243; display_type=&#8221;photocrati-nextgen_basic_thumbnails&#8221; override_thumbnail_settings=&#8221;0&#8243; thumbnail_width=&#8221;100&#8243; thumbnail_height=&#8221;75&#8243; thumbnail_crop=&#8221;1&#8243; images_per_page=&#8221;0&#8243; number_of_columns=&#8221;0&#8243; ajax_pagination=&#8221;0&#8243; show_all_in_lightbox=&#8221;0&#8243; use_imagebrowser_effect=&#8221;0&#8243; show_slideshow_link=&#8221;1&#8243; slideshow_link_text=&#8221;[Show as slideshow]&#8221; order_by=&#8221;sortorder&#8221; order_direction=&#8221;ASC&#8221; returns=&#8221;included&#8221; maximum_entity_count=&#8221;500&#8243;]<\/p>\n","protected":false},"excerpt":{"rendered":"<p>Aconteceu, no \u00faltimo domingo (17), na Escola Municipal Professora Odal\u00e9ia Morais de Azevedo, a Elei\u00e7\u00e3o da Nova Diretoria da Associa\u00e7\u00e3o de Moradores do Bairro da Barra. A vota\u00e7\u00e3o aconteceu em chapa \u00fanica, das 8h \u00e0s 17h. Eram tr\u00eas chapas, mas as outras duas n\u00e3o competiram. Com 172 Votos, Sra. Nilda de Souza Dantes foi eleita [&hellip;]<\/p>\n","protected":false},"author":2,"featured_media":47074,"comment_status":"open","ping_status":"closed","sticky":false,"template":"","format":"standard","meta":{"_joinchat":[],"footnotes":""},"categories":[1],"tags":[],"class_list":["post-47073","post","type-post","status-publish","format-standard","has-post-thumbnail","hentry","category-sem-categoria"],"_links":{"self":[{"href":"http:\/\/folhadosudeste.com\/site\/index.php?rest_route=\/wp\/v2\/posts\/47073","targetHints":{"allow":["GET"]}}],"collection":[{"href":"http:\/\/folhadosudeste.com\/site\/index.php?rest_route=\/wp\/v2\/posts"}],"about":[{"href":"http:\/\/folhadosudeste.com\/site\/index.php?rest_route=\/wp\/v2\/types\/post"}],"author":[{"embeddable":true,"href":"http:\/\/folhadosudeste.com\/site\/index.php?rest_route=\/wp\/v2\/users\/2"}],"replies":[{"embeddable":true,"href":"http:\/\/folhadosudeste.com\/site\/index.php?rest_route=%2Fwp%2Fv2%2Fcomments&post=47073"}],"version-history":[{"count":1,"href":"http:\/\/folhadosudeste.com\/site\/index.php?rest_route=\/wp\/v2\/posts\/47073\/revisions"}],"predecessor-version":[{"id":47089,"href":"http:\/\/folhadosudeste.com\/site\/index.php?rest_route=\/wp\/v2\/posts\/47073\/revisions\/47089"}],"wp:featuredmedia":[{"embeddable":true,"href":"http:\/\/folhadosudeste.com\/site\/index.php?rest_route=\/wp\/v2\/media\/47074"}],"wp:attachment":[{"href":"http:\/\/folhadosudeste.com\/site\/index.php?rest_route=%2Fwp%2Fv2%2Fmedia&parent=47073"}],"wp:term":[{"taxonomy":"category","embeddable":true,"href":"http:\/\/folhadosudeste.com\/site\/index.php?rest_route=%2Fwp%2Fv2%2Fcategories&post=47073"},{"taxonomy":"post_tag","embeddable":true,"href":"http:\/\/folhadosudeste.com\/site\/index.php?rest_route=%2Fwp%2Fv2%2Ftags&post=47073"}],"curies":[{"name":"wp","href":"https:\/\/api.w.org\/{rel}","templated":true}]}}