{"id":47090,"date":"2017-12-22T11:03:32","date_gmt":"2017-12-22T11:03:32","guid":{"rendered":"http:\/\/folhadosudeste.com\/site\/?p=47090"},"modified":"2017-12-22T11:03:32","modified_gmt":"2017-12-22T11:03:32","slug":"confraternizacao-de-final-de-ano-do-cisleste","status":"publish","type":"post","link":"http:\/\/folhadosudeste.com\/site\/?p=47090","title":{"rendered":"CONFRATERNIZA\u00c7\u00c3O DE FINAL DE ANO DO CISLESTE"},"content":{"rendered":"<p style=\"text-align: justify;\"><a href=\"http:\/\/folhadosudeste.com\/site\/wp-content\/uploads\/2017\/12\/CONFRATERNIZA\u00c7\u00c3O-CISLESTE.jpg\"><img loading=\"lazy\" decoding=\"async\" class=\"aligncenter size-full wp-image-47091\" src=\"http:\/\/folhadosudeste.com\/site\/wp-content\/uploads\/2017\/12\/CONFRATERNIZA\u00c7\u00c3O-CISLESTE.jpg\" alt=\"\" width=\"620\" height=\"238\" srcset=\"http:\/\/folhadosudeste.com\/site\/wp-content\/uploads\/2017\/12\/CONFRATERNIZA\u00c7\u00c3O-CISLESTE.jpg 620w, http:\/\/folhadosudeste.com\/site\/wp-content\/uploads\/2017\/12\/CONFRATERNIZA\u00c7\u00c3O-CISLESTE-300x115.jpg 300w\" sizes=\"auto, (max-width: 620px) 100vw, 620px\" \/><\/a><\/p>\n<p style=\"text-align: justify;\">O Cons\u00f3rcio Intermunicipal de Sa\u00fade do Leste de Minas (Cisleste) realizou, s\u00e1bado (16), sua Confraterniza\u00e7\u00e3o de Final de Ano, com a presen\u00e7a dos colaboradores e seus familiares, entre eles os prefeitos da \u00e1rea de abrang\u00eancia do \u00f3rg\u00e3o, formado por 15 munic\u00edpios da Microregi\u00e3o de Muria\u00e9 e 4 que pertencem a Leopoldina e Manhumirim.<\/p>\n<p style=\"text-align: justify;\">O atual presidente do Cons\u00f3rcio, Claudiomir Vieira, prefeito de S\u00e3o Sebasti\u00e3o da Vargem Alegre (SSVA), cumpre o restante de seu mandato, passando a partir de 2018 o cargo para o prefeito de Muria\u00e9, Grego, e assumindo ent\u00e3o a vice-presid\u00eancia. <em>\u201cO Grego tem realizado uma gest\u00e3o muito boa e diferenciada na cidade de Muria\u00e9, assim como temos feito em SSVA, por isso acho que teremos muito a ganhar, j\u00e1 que, mais de perto, ele ter\u00e1 condi\u00e7\u00f5es de acompanhar melhor o Cisleste. Final de ano \u00e9 uma \u00e9poca de pensarmos nos valores do Natal e agradecer a Deus pelo sucesso e pela oportunidade. \u00c9 important\u00edssimo confraternizar e ter a presen\u00e7a dos familiares dos colaboradores, pois as fam\u00edlias se completam e trabalhamos juntos, em prol do objetivo do cons\u00f3rcio, que \u00e9 justamente unir a for\u00e7a dos munic\u00edpios e proporcionar melhores aquisi\u00e7\u00f5es para os mesmos\u201d,<\/em> explica. <em>\u201cGostaria de agradecer a todos do Cisleste, ao Ren\u00ea, os prefeitos, seus familiares e todos que nos prestigiaram nesse momento. Que Deus aben\u00e7oe a todos\u201d,<\/em> completa.<\/p>\n<p style=\"text-align: justify;\">Ren\u00ea Leite Magalh\u00e3es, diretor executivo Microregional, tamb\u00e9m acredita que a confraterniza\u00e7\u00e3o \u00e9 de extrema import\u00e2ncia. <em>\u201cTrabalhamos o ano inteiro e esse \u00e9 o momento de descontrair com as pessoas que nos apoiam e comemorar o sucesso deste ano, um 2017 de muitos servi\u00e7os prestados aos munic\u00edpios. Sempre que existirem motivos, eles devem ser comemorados. Temos a sensa\u00e7\u00e3o de dever cumprido e queremos fazer cada vez mais. Esse ano j\u00e1 foi muito bom, esperamos que ano que vem seja ainda melhor\u201d, <\/em>finaliza.<\/p>\n<p>[ngg_images source=&#8221;galleries&#8221; container_ids=&#8221;1228&#8243; display_type=&#8221;photocrati-nextgen_basic_thumbnails&#8221; override_thumbnail_settings=&#8221;0&#8243; thumbnail_width=&#8221;100&#8243; thumbnail_height=&#8221;75&#8243; thumbnail_crop=&#8221;1&#8243; images_per_page=&#8221;0&#8243; number_of_columns=&#8221;0&#8243; ajax_pagination=&#8221;0&#8243; show_all_in_lightbox=&#8221;0&#8243; use_imagebrowser_effect=&#8221;0&#8243; show_slideshow_link=&#8221;1&#8243; slideshow_link_text=&#8221;[Show as slideshow]&#8221; order_by=&#8221;sortorder&#8221; order_direction=&#8221;ASC&#8221; returns=&#8221;included&#8221; maximum_entity_count=&#8221;500&#8243;]<\/p>\n","protected":false},"excerpt":{"rendered":"<p>O Cons\u00f3rcio Intermunicipal de Sa\u00fade do Leste de Minas (Cisleste) realizou, s\u00e1bado (16), sua Confraterniza\u00e7\u00e3o de Final de Ano, com a presen\u00e7a dos colaboradores e seus familiares, entre eles os prefeitos da \u00e1rea de abrang\u00eancia do \u00f3rg\u00e3o, formado por 15 munic\u00edpios da Microregi\u00e3o de Muria\u00e9 e 4 que pertencem a Leopoldina e Manhumirim. O atual [&hellip;]<\/p>\n","protected":false},"author":2,"featured_media":47091,"comment_status":"open","ping_status":"closed","sticky":false,"template":"","format":"standard","meta":{"_joinchat":[],"footnotes":""},"categories":[1],"tags":[],"class_list":["post-47090","post","type-post","status-publish","format-standard","has-post-thumbnail","hentry","category-sem-categoria"],"_links":{"self":[{"href":"http:\/\/folhadosudeste.com\/site\/index.php?rest_route=\/wp\/v2\/posts\/47090","targetHints":{"allow":["GET"]}}],"collection":[{"href":"http:\/\/folhadosudeste.com\/site\/index.php?rest_route=\/wp\/v2\/posts"}],"about":[{"href":"http:\/\/folhadosudeste.com\/site\/index.php?rest_route=\/wp\/v2\/types\/post"}],"author":[{"embeddable":true,"href":"http:\/\/folhadosudeste.com\/site\/index.php?rest_route=\/wp\/v2\/users\/2"}],"replies":[{"embeddable":true,"href":"http:\/\/folhadosudeste.com\/site\/index.php?rest_route=%2Fwp%2Fv2%2Fcomments&post=47090"}],"version-history":[{"count":1,"href":"http:\/\/folhadosudeste.com\/site\/index.php?rest_route=\/wp\/v2\/posts\/47090\/revisions"}],"predecessor-version":[{"id":47102,"href":"http:\/\/folhadosudeste.com\/site\/index.php?rest_route=\/wp\/v2\/posts\/47090\/revisions\/47102"}],"wp:featuredmedia":[{"embeddable":true,"href":"http:\/\/folhadosudeste.com\/site\/index.php?rest_route=\/wp\/v2\/media\/47091"}],"wp:attachment":[{"href":"http:\/\/folhadosudeste.com\/site\/index.php?rest_route=%2Fwp%2Fv2%2Fmedia&parent=47090"}],"wp:term":[{"taxonomy":"category","embeddable":true,"href":"http:\/\/folhadosudeste.com\/site\/index.php?rest_route=%2Fwp%2Fv2%2Fcategories&post=47090"},{"taxonomy":"post_tag","embeddable":true,"href":"http:\/\/folhadosudeste.com\/site\/index.php?rest_route=%2Fwp%2Fv2%2Ftags&post=47090"}],"curies":[{"name":"wp","href":"https:\/\/api.w.org\/{rel}","templated":true}]}}