{"id":47103,"date":"2017-12-22T11:05:30","date_gmt":"2017-12-22T11:05:30","guid":{"rendered":"http:\/\/folhadosudeste.com\/site\/?p=47103"},"modified":"2017-12-22T11:05:30","modified_gmt":"2017-12-22T11:05:30","slug":"grego-prefeito-de-muriae-e-eleito-presidente-do-cisleste","status":"publish","type":"post","link":"http:\/\/folhadosudeste.com\/site\/?p=47103","title":{"rendered":"GREGO, PREFEITO DE MURIA\u00c9, \u00c9 ELEITO PRESIDENTE DO CISLESTE"},"content":{"rendered":"<p style=\"text-align: justify;\"><a href=\"http:\/\/folhadosudeste.com\/site\/wp-content\/uploads\/2017\/12\/CISLESTE-GREGO.jpg\"><img loading=\"lazy\" decoding=\"async\" class=\"aligncenter size-full wp-image-47104\" src=\"http:\/\/folhadosudeste.com\/site\/wp-content\/uploads\/2017\/12\/CISLESTE-GREGO.jpg\" alt=\"\" width=\"620\" height=\"220\" srcset=\"http:\/\/folhadosudeste.com\/site\/wp-content\/uploads\/2017\/12\/CISLESTE-GREGO.jpg 620w, http:\/\/folhadosudeste.com\/site\/wp-content\/uploads\/2017\/12\/CISLESTE-GREGO-300x106.jpg 300w\" sizes=\"auto, (max-width: 620px) 100vw, 620px\" \/><\/a><\/p>\n<p style=\"text-align: justify;\">Foi realizada, no dia 14\/12, em sua pr\u00f3pria sede, a elei\u00e7\u00e3o da nova presid\u00eancia e Conselho T\u00e9cnico do Cons\u00f3rcio Intermunicipal de Sa\u00fade da Mata Leste (Cisleste), o qual representa os secret\u00e1rios de sa\u00fade da regi\u00e3o. Por aclama\u00e7\u00e3o, foi eleito para a presid\u00eancia do \u00f3rg\u00e3o o prefeito de Muria\u00e9, Grego, que ter\u00e1 como vice o prefeito de S\u00e3o Sebasti\u00e3o da Vargem Alegre (SSVA), Claudiomir Vieira, que at\u00e9 o dia 30 de dezembro \u00e9 o titular do cargo principal. Na ocasi\u00e3o, foi apresentado um relat\u00f3rio demonstrativo relativo ao ano de 2017, a respeito dos servi\u00e7os executados nos munic\u00edpios filiados.<\/p>\n<p style=\"text-align: justify;\">Para Grego, ser\u00e1 realizado um trabalho para busca de apoio e parcerias. <em>\u201cParab\u00e9ns ao Claudiomir que desempenhou um trabalho muito criativo no Cisleste. Todas as prefeituras s\u00e3o cotistas desse cons\u00f3rcio, ent\u00e3o ele n\u00e3o tem um dono, mas sim um presidente que faz um papel gerencial. Buscarei fortalecer o \u00f3rg\u00e3o, atrair novos munic\u00edpios para fazerem parte dele e usar o poder dessa uni\u00e3o para ampliar o di\u00e1logo com o governo do Estado, de modo que possamos aumentar os recursos repassados para a \u00e1rea da sa\u00fade, em especial os que est\u00e3o em atraso. Temos muito trabalho pela frente, pois atualmente a sa\u00fade est\u00e1 defasada no Brasil e precisamos, nesse momento de crise, fazer mais com menos. O Cisleste tem justamente essa caracter\u00edstica, em que a uni\u00e3o faz a for\u00e7a. Agrade\u00e7o o apoio de todos os prefeitos, ao me apoiarem por unanimidade. Isso s\u00f3 aumenta minha responsabilidade\u201d,<\/em> explica.<\/p>\n<p style=\"text-align: justify;\">Claudiomir explica que seu trabalho de gest\u00e3o, durante o \u00faltimo ano, foi de muita fibra e dedica\u00e7\u00e3o. <em>\u201cEstamos com 15 munic\u00edpios e conseguindo mais um. Estamos no caminho certo, pois o Grego faz uma gest\u00e3o diferenciada, como poucos prefeitos conseguem no Brasil. Al\u00e9m disso, ele \u00e9 o prefeito da maior cidade do nosso Cons\u00f3rcio, por isso fizemos o convite para ele assumir a presid\u00eancia do Cisleste. Deixo a presid\u00eancia com a sensa\u00e7\u00e3o de dever cumprido. Em 2017 foram mais de 40 mil atendimentos, com dinheiro em caixa e organiza\u00e7\u00e3o. O m\u00e9rito total da gest\u00e3o interna \u00e9 do Ren\u00ea, secret\u00e1rio executivo microregional, juntamente com o Evandro, contador, e toda equipe. O pessoal est\u00e1 de parab\u00e9ns pelo trabalho invej\u00e1vel e admir\u00e1vel, que merece todos os nossos elogios\u201d,<\/em> analisa.<\/p>\n<p style=\"text-align: justify;\">Ren\u00ea Leite Magalh\u00e3es destaca a import\u00e2ncia de uma elei\u00e7\u00e3o sem disputa de chapa, o que mostra que os prefeitos est\u00e3o alinhados e coesos, no mesmo ideal, que \u00e9 valorizar o Cons\u00f3rcio e ajudar nas dificuldades dos munic\u00edpios na gest\u00e3o da sa\u00fade. <em>\u201cFicamos muito felizes em proporcionar uma administra\u00e7\u00e3o transparente, voltada \u00e0 excel\u00eancia em sa\u00fade e complementar os servi\u00e7os dos 15 munic\u00edpios que formam nossa constitui\u00e7\u00e3o. Meu prop\u00f3sito sempre foi colocar essa institui\u00e7\u00e3o num patamar mais alto e assim vamos fazendo, constituindo uma equipe pequena, mas muito bem formada, pelo Evandro, George, Leandro e Vin\u00edcius na recep\u00e7\u00e3o, todos com dedica\u00e7\u00e3o, se empenhando em fazer o melhor, levando ao sucesso do Cisleste\u201d,<\/em> explicou.<\/p>\n<p style=\"text-align: justify;\">O Cons\u00f3rcio existe desde 1995 para atender os munic\u00edpios filiados com consultas especializadas e exames de m\u00e9dia complexidade, al\u00e9m de outros conv\u00eanios, com compras diretas de exames, para que atenda as cidades filiadas como um todo com os princ\u00edpios do SUS. Constitu\u00eddo como personalidade jur\u00eddica p\u00fablica, tem como princ\u00edpios norteadores os mesmos que comp\u00f5em o Sistema \u00danico de Sa\u00fade (SUS), que s\u00e3o: universalidade, integralidade e equidade. Busca, juntamente com as prefeituras conveniadas, identificar os vazios assistenciais, as necessidades mais emergentes e a resolutividade dos casos que lhes s\u00e3o propostos.<\/p>\n<p style=\"text-align: justify;\">O per\u00edodo do mandato ser\u00e1 de janeiro a dezembro de 2018.<\/p>\n<p>[ngg_images source=&#8221;galleries&#8221; container_ids=&#8221;1229&#8243; display_type=&#8221;photocrati-nextgen_basic_thumbnails&#8221; override_thumbnail_settings=&#8221;0&#8243; thumbnail_width=&#8221;100&#8243; thumbnail_height=&#8221;75&#8243; thumbnail_crop=&#8221;1&#8243; images_per_page=&#8221;0&#8243; number_of_columns=&#8221;0&#8243; ajax_pagination=&#8221;0&#8243; show_all_in_lightbox=&#8221;0&#8243; use_imagebrowser_effect=&#8221;0&#8243; show_slideshow_link=&#8221;1&#8243; slideshow_link_text=&#8221;[Show as slideshow]&#8221; order_by=&#8221;sortorder&#8221; order_direction=&#8221;ASC&#8221; returns=&#8221;included&#8221; maximum_entity_count=&#8221;500&#8243;]<\/p>\n","protected":false},"excerpt":{"rendered":"<p>Foi realizada, no dia 14\/12, em sua pr\u00f3pria sede, a elei\u00e7\u00e3o da nova presid\u00eancia e Conselho T\u00e9cnico do Cons\u00f3rcio Intermunicipal de Sa\u00fade da Mata Leste (Cisleste), o qual representa os secret\u00e1rios de sa\u00fade da regi\u00e3o. Por aclama\u00e7\u00e3o, foi eleito para a presid\u00eancia do \u00f3rg\u00e3o o prefeito de Muria\u00e9, Grego, que ter\u00e1 como vice o prefeito [&hellip;]<\/p>\n","protected":false},"author":2,"featured_media":47104,"comment_status":"open","ping_status":"closed","sticky":false,"template":"","format":"standard","meta":{"_joinchat":[],"footnotes":""},"categories":[1],"tags":[],"class_list":["post-47103","post","type-post","status-publish","format-standard","has-post-thumbnail","hentry","category-sem-categoria"],"_links":{"self":[{"href":"http:\/\/folhadosudeste.com\/site\/index.php?rest_route=\/wp\/v2\/posts\/47103","targetHints":{"allow":["GET"]}}],"collection":[{"href":"http:\/\/folhadosudeste.com\/site\/index.php?rest_route=\/wp\/v2\/posts"}],"about":[{"href":"http:\/\/folhadosudeste.com\/site\/index.php?rest_route=\/wp\/v2\/types\/post"}],"author":[{"embeddable":true,"href":"http:\/\/folhadosudeste.com\/site\/index.php?rest_route=\/wp\/v2\/users\/2"}],"replies":[{"embeddable":true,"href":"http:\/\/folhadosudeste.com\/site\/index.php?rest_route=%2Fwp%2Fv2%2Fcomments&post=47103"}],"version-history":[{"count":1,"href":"http:\/\/folhadosudeste.com\/site\/index.php?rest_route=\/wp\/v2\/posts\/47103\/revisions"}],"predecessor-version":[{"id":47115,"href":"http:\/\/folhadosudeste.com\/site\/index.php?rest_route=\/wp\/v2\/posts\/47103\/revisions\/47115"}],"wp:featuredmedia":[{"embeddable":true,"href":"http:\/\/folhadosudeste.com\/site\/index.php?rest_route=\/wp\/v2\/media\/47104"}],"wp:attachment":[{"href":"http:\/\/folhadosudeste.com\/site\/index.php?rest_route=%2Fwp%2Fv2%2Fmedia&parent=47103"}],"wp:term":[{"taxonomy":"category","embeddable":true,"href":"http:\/\/folhadosudeste.com\/site\/index.php?rest_route=%2Fwp%2Fv2%2Fcategories&post=47103"},{"taxonomy":"post_tag","embeddable":true,"href":"http:\/\/folhadosudeste.com\/site\/index.php?rest_route=%2Fwp%2Fv2%2Ftags&post=47103"}],"curies":[{"name":"wp","href":"https:\/\/api.w.org\/{rel}","templated":true}]}}