{"id":47207,"date":"2017-12-22T11:21:27","date_gmt":"2017-12-22T11:21:27","guid":{"rendered":"http:\/\/folhadosudeste.com\/site\/?p=47207"},"modified":"2017-12-22T11:21:27","modified_gmt":"2017-12-22T11:21:27","slug":"camara-de-vereadores-de-mirai-realiza-solenidade-de-entrega-dos-titulos-de-cidadao-honorario-benemerito-e-mocoes-de-aplauso","status":"publish","type":"post","link":"http:\/\/folhadosudeste.com\/site\/?p=47207","title":{"rendered":"C\u00c2MARA DE VEREADORES DE MIRA\u00cd REALIZA SOLENIDADE DE ENTREGA DOS T\u00cdTULOS DE CIDAD\u00c3O HONOR\u00c1RIO, BENEM\u00c9RITO E MO\u00c7\u00d5ES DE APLAUSO"},"content":{"rendered":"<p style=\"text-align: justify;\"><a href=\"http:\/\/folhadosudeste.com\/site\/wp-content\/uploads\/2017\/12\/MIRA\u00cd-2.jpg\"><img loading=\"lazy\" decoding=\"async\" class=\"aligncenter size-full wp-image-47208\" src=\"http:\/\/folhadosudeste.com\/site\/wp-content\/uploads\/2017\/12\/MIRA\u00cd-2.jpg\" alt=\"\" width=\"620\" height=\"268\" srcset=\"http:\/\/folhadosudeste.com\/site\/wp-content\/uploads\/2017\/12\/MIRA\u00cd-2.jpg 620w, http:\/\/folhadosudeste.com\/site\/wp-content\/uploads\/2017\/12\/MIRA\u00cd-2-300x130.jpg 300w\" sizes=\"auto, (max-width: 620px) 100vw, 620px\" \/><\/a><\/p>\n<p style=\"text-align: justify;\">A C\u00e2mara de Vereadores de Mira\u00ed, realizou na \u00faltima quarta (20), a Solenidade de Entrega dos T\u00edtulos de Cidad\u00e3o Honor\u00e1rio, Benem\u00e9rito e Mo\u00e7\u00f5es de Aplauso \u00e0s pessoas que contribu\u00edram de alguma forma para as melhorias no munic\u00edpio e para o bom funcionamento do legislativo. O evento aconteceu na casa de festas Leydiane Festas e contou com a presen\u00e7a do prefeito Luiz Fortuce, o vice Guto Cumani, o presidente da C\u00e2mara Oswaldo (Sap\u00e9), o deputado estadual Isauro Calais, vereadores, familiares e amigos dos homenageados, al\u00e9m de v\u00e1rias autoridades.<\/p>\n<p style=\"text-align: justify;\">Segundo Oswaldo Alves Felipe (Sap\u00e9), presidente da C\u00e2mara de Mira\u00ed, em quase um ano como presidente da Casa Legislativa, foi uma satisfa\u00e7\u00e3o muito grande entregar essas Honrarias junto aos colegas vereadores. <em>\u201cMe honra muito ser representante desse povo, com muito carinho, dedica\u00e7\u00e3o e honestidade. Nasci no munic\u00edpio de Guiricema e recebi T\u00edtulos de Cidad\u00e3o Honor\u00e1rio em v\u00e1rios munic\u00edpio Mineiros e no Estado do Rio de Janeiro. Me lancei na vida p\u00fablica, me candidatando a vereador e tive a honra de ser eleito em seis mandatos. Isso \u00e9 o maior orgulho da minha vida\u201d,<\/em> destaca.<\/p>\n<p style=\"text-align: justify;\">De acordo com ele, \u201c<em>\u00e9 motivo de muita alegria estar fazendo um trabalho transparente junto \u00e1 comunidade e ao prefeito Lu\u00edz Fortuce. Com a ajuda de meus colegas vereadores, foi poss\u00edvel a devolver aos cofres da prefeitura R$220.000,00 de forma a contribuir com a atual administra\u00e7\u00e3o. Dentre as entidades beneficiadas com as devolu\u00e7\u00f5es da c\u00e2mara posso mencionar: Hospital de Mirai, Sindicato Rural, APAE, Lions Clube, Banda de M\u00fasica Santa Cec\u00edlia, Funda\u00e7\u00e3o Francisco Bilheiro, 03 escolas rurais, associa\u00e7\u00e3o de moradores&#8230;.etc. \u201cO deputado Isauro Calais nos ajudou muito, assim como muitas pessoas de fora t\u00eam ajudado Mira\u00ed. Nada mais justo do que dar-mos o T\u00edtulo de Cidad\u00e3o Honor\u00e1rio a quem faz pela cidade, quem contribui com o povo e com o bem do munic\u00edpio. Agrade\u00e7o ainda aos meus colegas vereadores Pedro Costa, Gel da Padaria, Laudair, Macileide, Almir , Baixinho do Povo , Zeferino e Ricardinho do Care\u00e7o, sem os quais nada do que fiz seria poss\u00edvel ser feito. <\/em><\/p>\n<p style=\"text-align: justify;\">Finalizando o Presidente Osvaldo Sap\u00e9, agradeceu a presen\u00e7a e desejou um Feliz Natal e um pr\u00f3spero Ano Novo a todos, encerrando em seguida a sess\u00e3o solene.<\/p>\n<p style=\"text-align: justify;\">Lu\u00edz Fortuce, prefeito de Mira\u00ed, foi homenageado com Mo\u00e7\u00e3o de Aplausos e ficou emocionado e muito agradecido pelo reconhecimento. <em>\u201cEssa C\u00e2mara tem uma rela\u00e7\u00e3o muito boa e forte conosco, Conseguimos eleger seis vereadores. Quero desejar a todos um Feliz Natal e um Ano Novo com muita prosperidade\u201d,<\/em> exp\u00f5e.<\/p>\n<p style=\"text-align: justify;\">Jos\u00e9 Augusto Resende Cumani, vice-prefeito de Mira\u00ed, tamb\u00e9m ficou muito agradecido por receber a homenagem e parabenizou os vereadores por fazer essa festa. \u201c<em>Fizemos essa dobradinha com o Luiz Fortuce. Eu disse que iria ajudar nessa administra\u00e7\u00e3o e ele merece todo o apoio, pois \u00e9 um homem muito honesto e merecedor. Agrade\u00e7o a presen\u00e7a de todos e deixo um abra\u00e7o para esse povo de Mira\u00ed muito querido. Um Feliz Natal e um Pr\u00f3spero 2018 para todos!\u201d<\/em>, completa<em>.<\/em><\/p>\n<p style=\"text-align: justify;\">O deputado estadual Isauro Calais nasceu em Mira\u00ed, com muito orgulho, tendo crescido em S\u00e3o Sebasti\u00e3o da Vargem Alegre (SSVA). Depois de cinco mandatos como vereador em Juiz de Fora, agora deputado e representando sua terra natal, explica que \u00e9 um prazer muito grande ter feito muito pelo munic\u00edpio, ajudando com muito carinho a \u00e1rea da sa\u00fade; disponibilizando recursos para o hospital de Mira\u00ed; ajudando o homem do campo \u2013 j\u00e1 que a Zona Rural precisa de uma devida aten\u00e7\u00e3o \u2013, tendo tamb\u00e9m adquirido um trator para a cidade, com complementos agr\u00edcolas. Tamb\u00e9m conseguiu recursos para Cataguases, Muria\u00e9 (HSP) tamb\u00e9m receber\u00e1 uma Emenda Parlamentar para o Hospital de Bom Jesus do Vale e v\u00e1rias cidades da Zona da Mata. Segundo ele, nesses anos de mandato, foram muitos conv\u00eanios e a\u00e7\u00f5es do Governo. <em>\u201c\u00c9 uma honra muito grande colaborar, tratar Mira\u00ed como nunca ningu\u00e9m fez, tudo com muito carinho e aten\u00e7\u00e3o. Junto ao governo, temos nossa participa\u00e7\u00e3o por meio de emendas e estamos sempre presentes nos eventos da nossa regi\u00e3o. O Sap\u00e9 est\u00e1 se mostrando um grande presidente da C\u00e2mara, parceiro de Mira\u00ed, da Administra\u00e7\u00e3o. Ele completou recursos com dois mandatos consecutivos. Na campanha de 2016, vi as pessoas acreditando na seriedade do Lu\u00edz, com a premissa de dar a aten\u00e7\u00e3o que Mira\u00ed precisa. Quero continuar sendo parceiro dessa transforma\u00e7\u00e3o, para fazer uma cidade melhor, com esporte, seguran\u00e7a, e tendo o orgulho de estar perto de uma gest\u00e3o competente. Ainda nem completou o ano e j\u00e1 est\u00e1 fazendo a\u00e7\u00f5es importantes para o povo, sendo refer\u00eancia para muitos prefeitos da Zona da Mata. Desejo que em 2018 a vida das pessoas seja ainda melhor, superando a crise e esse momento de tristeza pela corrup\u00e7\u00e3o\u201d, explica.<\/em><\/p>\n<p style=\"text-align: justify;\"><strong>Homenageados:<\/strong><strong>&nbsp;<\/strong><\/p>\n<p style=\"text-align: justify;\"><strong>Cidad\u00e3o Honor\u00e1rio e Benem\u00e9rito<\/strong><strong>&nbsp;<\/strong><\/p>\n<p style=\"text-align: justify;\">&#8211; Dr. Alexandre Castelar de Lacerda (M\u00e9dico). T\u00edtulo de Cidad\u00e3o Honor\u00e1rio. Autor: Osvaldo Alves Felipe.<\/p>\n<p style=\"text-align: justify;\">&#8211; Waltenir Fagundes Lima. T\u00edtulo de Cidad\u00e3o Benem\u00e9rito. Autor: Mauri Ant\u00f4nio Fagundes.<\/p>\n<p style=\"text-align: justify;\">&#8211; Geovani de Oliveira. T\u00edtulo de Cidad\u00e3o Benem\u00e9rito. Autor: Ricardo Balbino Duarte.<\/p>\n<p style=\"text-align: justify;\">&#8211; Sargento Jos\u00e9 Cl\u00e1udio de Mendon\u00e7a. T\u00edtulo de Cidad\u00e3o Honor\u00e1rio. Autor: Osvaldo Alves Felipe.<\/p>\n<p style=\"text-align: justify;\">&#8211; Mariana Vieira da Rocha, Diretora de Ensino da Auto-Escola Minas Brasil Mirai. T\u00edtulo de Cidad\u00e3 Honor\u00e1ria. Autor: Zeferino da Gl\u00f3ria Barbosa.<\/p>\n<p style=\"text-align: justify;\">&#8211; Ilma. Srta. Enoe Maria de Castro (Nutricionista). T\u00edtulo de Cidad\u00e3 Honor\u00e1ria. Autor: Mauri Ant\u00f4nio Fagundes.<\/p>\n<p style=\"text-align: justify;\">&#8211; Magda Cristina Rossi Cumani. T\u00edtulo de Cidad\u00e3 Benem\u00e9rita, Empres\u00e1ria. Autor: Ricardo Balbino Duarte.<\/p>\n<p style=\"text-align: justify;\">&#8211; Jo\u00e3o Laurindo de Almeida J\u00fanior, Funcion\u00e1rio P\u00fablico. T\u00edtulo de Cidad\u00e3o Benem\u00e9rito. Autora: Marcileide Carlos dos Santos.<\/p>\n<p style=\"text-align: justify;\">&#8211; Claudinei dos Santos Evangelista. T\u00edtulo de Cidad\u00e3o Benem\u00e9rito. Autor: Almir Alves de Ara\u00fajo.<\/p>\n<p style=\"text-align: justify;\">&#8211; Nilton Ivo da Silva. Pastor da Assembl\u00e9ia de Deus. T\u00edtulo de Cidad\u00e3o Honor\u00e1rio. Autor: Zeferino da Gl\u00f3ria Barbosa.<\/p>\n<p style=\"text-align: justify;\">&#8211; Matheus Moraes Farage. T\u00edtulo de Cidad\u00e3o Honor\u00e1rio. Autor: Pedro Henrique Cruz Costa.<\/p>\n<p style=\"text-align: justify;\">&#8211; Marcos Ant\u00f4nio Em\u00eddio Pereira. T\u00edtulo de Cidad\u00e3o Honor\u00e1rio. Autor: Pedro Henrique Cruz Costa.<\/p>\n<p style=\"text-align: justify;\">&#8211; Felippe Antunes Fortuce, Empres\u00e1rio. Autor: Ricardo Balbino Duarte.<\/p>\n<p style=\"text-align: justify;\">&#8211; Alair Vieira. T\u00edtulo de Cidad\u00e3o Honor\u00e1rio. Autor: Laudair Jos\u00e9 Teodoro.<\/p>\n<p style=\"text-align: justify;\">&#8211; Exmo Deputado Estadual Isauro Calais. T\u00edtulo de Cidad\u00e3o Benem\u00e9rito. Autora: Marcileide Carlos dos Santos.<\/p>\n<p style=\"text-align: justify;\"><strong>Mo\u00e7\u00f5es de Aplauso:<\/strong><strong>&nbsp;<\/strong><\/p>\n<p style=\"text-align: justify;\">&#8211; Administra\u00e7\u00e3o Municipal. Exmo. Prefeito Luiz Fortuce pelo Carnaval 2017 que entrou para a hist\u00f3ria de Mira\u00ed. Proponente: Rog\u00e9rio Jos\u00e9 Fidelis.<\/p>\n<p style=\"text-align: justify;\">&#8211; Pol\u00edcia Militar de Minas Gerais. Sob comando do Ten. Andr\u00e9 Carvalho, que realizou um trabalho de destaque na Seguran\u00e7a P\u00fablica do Carnaval de Mira\u00ed 2017. Proponente: Rog\u00e9rio Jos\u00e9 Fidelis.<\/p>\n<p style=\"text-align: justify;\">&#8211; Dirigentes e Diretores dos Blocos Fuzaca, Vira-Lata e Gamb\u00e1 pela participa\u00e7\u00e3o no Carnaval 2017 em Mira\u00ed.<\/p>\n<p style=\"text-align: justify;\">&#8211; Claudimar Bas\u00edlio da Silva. Proponente: Osvaldo Alves Felipe.<\/p>\n<p style=\"text-align: justify;\">&#8211; Ilmo. Sgto. Charles Henrique Coelho. Proponentes: todos os vereadores.<\/p>\n<p style=\"text-align: justify;\">&#8211; Wenderson Carlos Gon\u00e7alves de Almeida, Oficial do Minist\u00e9rio P\u00fablico em Mira\u00ed. Proponentes: todos os vereadores.<\/p>\n<p style=\"text-align: justify;\">&#8211; Leila Aparecida da Silva Lima. Proponente: Mauri Ant\u00f4nio Fagundes.<\/p>\n<p style=\"text-align: justify;\">&#8211; Ana Wilma Monteiro Fernandes. 2\u00aa Secret\u00e1ria da C\u00e2mara. Proponente: Ricardo Balbino Duarte.<\/p>\n<p style=\"text-align: justify;\">&#8211; Funcion\u00e1rios da Empresa Energisa MG em Mira\u00ed (Otoniel, Rayonne, Silvany, Jefferson, Thomas, Aires e Rosimere sob a lideran\u00e7a do Sr. Otoniel Rossi Meira). Proponente: Almir Alves de Ara\u00fajo.<\/p>\n<p style=\"text-align: justify;\">&#8211; Sebastiana Pereira dos Santos. Proponente: Marcileide Carlos dos Santos.<\/p>\n<p style=\"text-align: justify;\">&#8211; Lions Clube Mira\u00ed sob a dire\u00e7\u00e3o do presidente Ricardo Ciribeli de Resende. Proponente: Osvaldo Alves Felipe.<\/p>\n<p style=\"text-align: justify;\">&#8211; Exmo Vice-Prefeito Jos\u00e9 Augusto Resende Cumani. Proponente: Osvaldo Alves Felipe.<\/p>\n<p style=\"text-align: justify;\">&#8211; Sr. Wilson Faustino Medeiros. Proponente: Laudair Jos\u00e9 Teodoro.<\/p>\n<p style=\"text-align: justify;\">&#8211; Terezinha Pereira Malta Lima. Proponente: Marcileide Carlos dos Santos.<\/p>\n<p style=\"text-align: justify;\">&#8211; Rog\u00e9rio Franco Andrade. Proponente: Zeferino da Gl\u00f3ria Barbosa.<\/p>\n<p style=\"text-align: justify;\">&#8211; Jos\u00e9 Maria Teodoro. Proponente: Laudair Jos\u00e9 Teodoro.<\/p>\n<p style=\"text-align: justify;\">&#8211; Adriana Pereira Lima. Proponente: Mauri Ant\u00f4nio Fagundes.<\/p>\n<p style=\"text-align: justify;\">&#8211; Exmo Deputado Estadual Isauro Calais. Proponente: Vereadores do PMDB (Osvaldo, Almir, Pedro, Ricardo, Rog\u00e9rio e Marcileide).<\/p>\n<p style=\"text-align: justify;\">&#8211; Dra. Jacqueline de Oliveira Ferraz. DD. Diretora do Instituto de Identifica\u00e7\u00e3o. Representada por Dr. Adauto Correa &#8211; Delegado Geral de Pol\u00edcia Civil. Proponentes: todos os Vereadores.<\/p>\n<p style=\"text-align: justify;\">&#8211; Guilherme Matheus Da Silva. DD. Agente de Seguran\u00e7a S\u00f3cio Educativo e Secret\u00e1rio Executivo de Seguran\u00e7a P\u00fablica. Proponentes: Todos os Vereadores.<\/p>\n<p>[ngg_images source=&#8221;galleries&#8221; container_ids=&#8221;1235&#8243; display_type=&#8221;photocrati-nextgen_basic_thumbnails&#8221; override_thumbnail_settings=&#8221;0&#8243; thumbnail_width=&#8221;100&#8243; thumbnail_height=&#8221;75&#8243; thumbnail_crop=&#8221;1&#8243; images_per_page=&#8221;0&#8243; number_of_columns=&#8221;0&#8243; ajax_pagination=&#8221;0&#8243; show_all_in_lightbox=&#8221;0&#8243; use_imagebrowser_effect=&#8221;0&#8243; show_slideshow_link=&#8221;1&#8243; slideshow_link_text=&#8221;[Show as slideshow]&#8221; order_by=&#8221;sortorder&#8221; order_direction=&#8221;ASC&#8221; returns=&#8221;included&#8221; maximum_entity_count=&#8221;500&#8243;]<\/p>\n","protected":false},"excerpt":{"rendered":"<p>A C\u00e2mara de Vereadores de Mira\u00ed, realizou na \u00faltima quarta (20), a Solenidade de Entrega dos T\u00edtulos de Cidad\u00e3o Honor\u00e1rio, Benem\u00e9rito e Mo\u00e7\u00f5es de Aplauso \u00e0s pessoas que contribu\u00edram de alguma forma para as melhorias no munic\u00edpio e para o bom funcionamento do legislativo. O evento aconteceu na casa de festas Leydiane Festas e contou [&hellip;]<\/p>\n","protected":false},"author":2,"featured_media":47208,"comment_status":"open","ping_status":"closed","sticky":false,"template":"","format":"standard","meta":{"_joinchat":[],"footnotes":""},"categories":[1],"tags":[],"class_list":["post-47207","post","type-post","status-publish","format-standard","has-post-thumbnail","hentry","category-sem-categoria"],"_links":{"self":[{"href":"http:\/\/folhadosudeste.com\/site\/index.php?rest_route=\/wp\/v2\/posts\/47207","targetHints":{"allow":["GET"]}}],"collection":[{"href":"http:\/\/folhadosudeste.com\/site\/index.php?rest_route=\/wp\/v2\/posts"}],"about":[{"href":"http:\/\/folhadosudeste.com\/site\/index.php?rest_route=\/wp\/v2\/types\/post"}],"author":[{"embeddable":true,"href":"http:\/\/folhadosudeste.com\/site\/index.php?rest_route=\/wp\/v2\/users\/2"}],"replies":[{"embeddable":true,"href":"http:\/\/folhadosudeste.com\/site\/index.php?rest_route=%2Fwp%2Fv2%2Fcomments&post=47207"}],"version-history":[{"count":1,"href":"http:\/\/folhadosudeste.com\/site\/index.php?rest_route=\/wp\/v2\/posts\/47207\/revisions"}],"predecessor-version":[{"id":47299,"href":"http:\/\/folhadosudeste.com\/site\/index.php?rest_route=\/wp\/v2\/posts\/47207\/revisions\/47299"}],"wp:featuredmedia":[{"embeddable":true,"href":"http:\/\/folhadosudeste.com\/site\/index.php?rest_route=\/wp\/v2\/media\/47208"}],"wp:attachment":[{"href":"http:\/\/folhadosudeste.com\/site\/index.php?rest_route=%2Fwp%2Fv2%2Fmedia&parent=47207"}],"wp:term":[{"taxonomy":"category","embeddable":true,"href":"http:\/\/folhadosudeste.com\/site\/index.php?rest_route=%2Fwp%2Fv2%2Fcategories&post=47207"},{"taxonomy":"post_tag","embeddable":true,"href":"http:\/\/folhadosudeste.com\/site\/index.php?rest_route=%2Fwp%2Fv2%2Ftags&post=47207"}],"curies":[{"name":"wp","href":"https:\/\/api.w.org\/{rel}","templated":true}]}}