{"id":47314,"date":"2017-12-27T17:45:46","date_gmt":"2017-12-27T17:45:46","guid":{"rendered":"http:\/\/folhadosudeste.com\/site\/?p=47314"},"modified":"2017-12-27T17:45:46","modified_gmt":"2017-12-27T17:45:46","slug":"centro-de-convivencia-para-idosos-entra-em-recesso-e-atividades-retornam-em-fevereiro","status":"publish","type":"post","link":"http:\/\/folhadosudeste.com\/site\/?p=47314","title":{"rendered":"Centro de Conviv\u00eancia para Idosos entra em recesso e atividades retornam em fevereiro"},"content":{"rendered":"<p align=\"center\"><a href=\"http:\/\/folhadosudeste.com\/site\/wp-content\/uploads\/2017\/12\/18.jpg\"><img loading=\"lazy\" decoding=\"async\" class=\"aligncenter wp-image-47315 size-large\" src=\"http:\/\/folhadosudeste.com\/site\/wp-content\/uploads\/2017\/12\/18-1024x505.jpg\" alt=\"\" width=\"620\" height=\"306\" srcset=\"http:\/\/folhadosudeste.com\/site\/wp-content\/uploads\/2017\/12\/18-1024x505.jpg 1024w, http:\/\/folhadosudeste.com\/site\/wp-content\/uploads\/2017\/12\/18-300x148.jpg 300w, http:\/\/folhadosudeste.com\/site\/wp-content\/uploads\/2017\/12\/18-768x378.jpg 768w, http:\/\/folhadosudeste.com\/site\/wp-content\/uploads\/2017\/12\/18.jpg 2048w\" sizes=\"auto, (max-width: 620px) 100vw, 620px\" \/><\/a><\/p>\n<p class=\"m_8736222015310184983gmail-MsoNoSpacing\" style=\"text-align: justify;\" align=\"center\"><i>Institui\u00e7\u00e3o mantida pela Prefeitura oferece diversas atividades gratuitas para idosos; confraterniza\u00e7\u00e3o comemorou a\u00e7\u00f5es e projetos realizados em 2017<\/i><\/p>\n<p class=\"m_8736222015310184983gmail-MsoNoSpacing\" style=\"text-align: justify;\">O Centro de Conviv\u00eancia para Idosos entrou em recesso de final de ano, com previs\u00e3o de retorno no in\u00edcio de fevereiro de 2018. Na tarde da \u00faltima sexta-feira (22), houve uma confraterniza\u00e7\u00e3o para celebrar as a\u00e7\u00f5es e projetos realizados no Centro durante 2017. Mantida pela Prefeitura, a institui\u00e7\u00e3o oferece diversas atividades gratuitas para centenas de idosos muriaeenses, proporcionando lazer e qualidade de vida.<\/p>\n<p class=\"m_8736222015310184983gmail-MsoNoSpacing\" style=\"text-align: justify;\">A tarde foi marcada por apresenta\u00e7\u00f5es culturais, art\u00edsticas e musicais e o tradicional baile &#8211; todas elas preparadas e executadas com a participa\u00e7\u00e3o dos idosos. \u201cEsta confraterniza\u00e7\u00e3o foi um momento de agradecimento e tamb\u00e9m para reunir todos os idosos. Em janeiro, entramos em f\u00e9rias coletivas e retornamos em fevereiro, j\u00e1 em ritmo de carnaval\u201d, conta a coordenadora do Centro de Conviv\u00eancia para Idosos, Maria Cristina Chaves.<\/p>\n<p class=\"m_8736222015310184983gmail-MsoNoSpacing\" style=\"text-align: justify;\">Maria Helena da Silva, de 74 anos, frequenta o Centro todos os dias. Ela considera a institui\u00e7\u00e3o como sendo sua \u201csegunda fam\u00edlia\u201d. \u201cAqui somos uma fam\u00edlia. Para n\u00f3s, que vivemos sozinhos em casa, \u00e9 bom chegar ao Centro depois do almo\u00e7o e conversar, trocar ideias uns com os outros. Tudo aqui \u00e9 muito bom, o atendimento \u00e9 excelente\u201d, diz.<\/p>\n<p class=\"m_8736222015310184983gmail-MsoNoSpacing\" style=\"text-align: justify;\"><b>Centro de Conviv\u00eancia proporciona qualidade de vida na terceira idade<\/b><\/p>\n<p class=\"m_8736222015310184983gmail-MsoNoSpacing\" style=\"text-align: justify;\">O Centro funciona de segunda a sexta-feira, de 12h \u00e0s 17h. Oferece gratuitamente atendimento psicol\u00f3gico, assist\u00eancia social, oficina de pintura, atividade f\u00edsica e aulas de dan\u00e7a, capoeira e de alfabetiza\u00e7\u00e3o para os idosos que n\u00e3o tiveram oportunidade de frequentar a escola no tempo regular. Aos domingos acontece o tradicional baile, ao ritmo do sertanejo. Atualmente, possui cerca de 800 idosos cadastrados. Os interessados em frequentar o Centro devem ter mais de 60 anos. Para participar, basta levar Carteira de Identidade, CPF e comprovante de resid\u00eancia.<\/p>\n<p class=\"m_8736222015310184983gmail-MsoNoSpacing\" style=\"text-align: justify;\">O prefeito Grego afirma que a Administra\u00e7\u00e3o est\u00e1 empenhada para oferecer qualidade de vida para os idosos de Muria\u00e9. \u201cO Centro de Conviv\u00eancia para Idosos \u00e9 um local de lazer, divers\u00e3o e bem-estar para as pessoas da terceira idade. Por isso estamos investindo neste servi\u00e7o, pois os nossos idosos merecem e precisam ser valorizados\u201d, afirma.<\/p>\n<p class=\"m_8736222015310184983gmail-MsoNoSpacing\" style=\"text-align: justify;\"><b>SERVI\u00c7O:<\/b><\/p>\n<p class=\"m_8736222015310184983gmail-MsoNoSpacing\" style=\"text-align: justify;\"><b>Centro de C<a name=\"m_8736222015310184983__GoBack\"><\/a>onviv\u00eancia para Idosos:<\/b><\/p>\n<p class=\"m_8736222015310184983gmail-MsoNoSpacing\" style=\"text-align: justify;\">Retorno das atividades: fevereiro de 2018<\/p>\n<p class=\"m_8736222015310184983gmail-MsoNoSpacing\" style=\"text-align: justify;\">Local: Pra\u00e7a Jo\u00e3o Pinheiro, Centro<\/p>\n<p class=\"m_8736222015310184983gmail-MsoNoSpacing\" style=\"text-align: justify;\">Dias de funcionamento: de segunda a sexta-feira<\/p>\n<p class=\"m_8736222015310184983gmail-MsoNoSpacing\" style=\"text-align: justify;\">Hor\u00e1rio de funcionamento: de 12h \u00e0s 17h<\/p>\n<p class=\"m_8736222015310184983gmail-MsoNoSpacing\" style=\"text-align: justify;\">Quem pode participar: idosos a partir de 60 anos<\/p>\n<p class=\"m_8736222015310184983gmail-MsoNoSpacing\" style=\"text-align: justify;\">Documentos para fazer o cadastro: Carteira de Identidade, CPF e comprovante de resid\u00eancia<\/p>\n<p class=\"m_8736222015310184983gmail-MsoNoSpacing\" style=\"text-align: justify;\">Os servi\u00e7os oferecidos s\u00e3o gratuitos<\/p>\n","protected":false},"excerpt":{"rendered":"<p>Institui\u00e7\u00e3o mantida pela Prefeitura oferece diversas atividades gratuitas para idosos; confraterniza\u00e7\u00e3o comemorou a\u00e7\u00f5es e projetos realizados em 2017 O Centro de Conviv\u00eancia para Idosos entrou em recesso de final de ano, com previs\u00e3o de retorno no in\u00edcio de fevereiro de 2018. Na tarde da \u00faltima sexta-feira (22), houve uma confraterniza\u00e7\u00e3o para celebrar as a\u00e7\u00f5es e [&hellip;]<\/p>\n","protected":false},"author":6,"featured_media":47315,"comment_status":"open","ping_status":"closed","sticky":false,"template":"","format":"standard","meta":{"_joinchat":[],"footnotes":""},"categories":[1],"tags":[],"class_list":["post-47314","post","type-post","status-publish","format-standard","has-post-thumbnail","hentry","category-sem-categoria"],"_links":{"self":[{"href":"http:\/\/folhadosudeste.com\/site\/index.php?rest_route=\/wp\/v2\/posts\/47314","targetHints":{"allow":["GET"]}}],"collection":[{"href":"http:\/\/folhadosudeste.com\/site\/index.php?rest_route=\/wp\/v2\/posts"}],"about":[{"href":"http:\/\/folhadosudeste.com\/site\/index.php?rest_route=\/wp\/v2\/types\/post"}],"author":[{"embeddable":true,"href":"http:\/\/folhadosudeste.com\/site\/index.php?rest_route=\/wp\/v2\/users\/6"}],"replies":[{"embeddable":true,"href":"http:\/\/folhadosudeste.com\/site\/index.php?rest_route=%2Fwp%2Fv2%2Fcomments&post=47314"}],"version-history":[{"count":1,"href":"http:\/\/folhadosudeste.com\/site\/index.php?rest_route=\/wp\/v2\/posts\/47314\/revisions"}],"predecessor-version":[{"id":47316,"href":"http:\/\/folhadosudeste.com\/site\/index.php?rest_route=\/wp\/v2\/posts\/47314\/revisions\/47316"}],"wp:featuredmedia":[{"embeddable":true,"href":"http:\/\/folhadosudeste.com\/site\/index.php?rest_route=\/wp\/v2\/media\/47315"}],"wp:attachment":[{"href":"http:\/\/folhadosudeste.com\/site\/index.php?rest_route=%2Fwp%2Fv2%2Fmedia&parent=47314"}],"wp:term":[{"taxonomy":"category","embeddable":true,"href":"http:\/\/folhadosudeste.com\/site\/index.php?rest_route=%2Fwp%2Fv2%2Fcategories&post=47314"},{"taxonomy":"post_tag","embeddable":true,"href":"http:\/\/folhadosudeste.com\/site\/index.php?rest_route=%2Fwp%2Fv2%2Ftags&post=47314"}],"curies":[{"name":"wp","href":"https:\/\/api.w.org\/{rel}","templated":true}]}}