{"id":47317,"date":"2017-12-27T17:47:12","date_gmt":"2017-12-27T17:47:12","guid":{"rendered":"http:\/\/folhadosudeste.com\/site\/?p=47317"},"modified":"2017-12-27T17:47:12","modified_gmt":"2017-12-27T17:47:12","slug":"prefeitura-e-comad-realizam-campanha-contra-esmola","status":"publish","type":"post","link":"http:\/\/folhadosudeste.com\/site\/?p=47317","title":{"rendered":"Prefeitura e Comad realizam campanha contra esmola"},"content":{"rendered":"<p align=\"center\"><a href=\"http:\/\/folhadosudeste.com\/site\/wp-content\/uploads\/2017\/12\/IMG_8203.jpg\"><img loading=\"lazy\" decoding=\"async\" class=\"aligncenter wp-image-47318 size-large\" src=\"http:\/\/folhadosudeste.com\/site\/wp-content\/uploads\/2017\/12\/IMG_8203-1024x743.jpg\" alt=\"\" width=\"620\" height=\"450\" srcset=\"http:\/\/folhadosudeste.com\/site\/wp-content\/uploads\/2017\/12\/IMG_8203-1024x743.jpg 1024w, http:\/\/folhadosudeste.com\/site\/wp-content\/uploads\/2017\/12\/IMG_8203-300x218.jpg 300w, http:\/\/folhadosudeste.com\/site\/wp-content\/uploads\/2017\/12\/IMG_8203-768x558.jpg 768w, http:\/\/folhadosudeste.com\/site\/wp-content\/uploads\/2017\/12\/IMG_8203.jpg 1500w\" sizes=\"auto, (max-width: 620px) 100vw, 620px\" \/><\/a><\/p>\n<p class=\"m_958063604209662995gmail-MsoNoSpacing\" style=\"text-align: justify;\" align=\"center\"><i>Iniciativa alertou que h\u00e1bito n\u00e3o oferece dignidade para pessoas que fazem da rua local de moradia e sobreviv\u00eancia<\/i><\/p>\n<p class=\"m_958063604209662995gmail-MsoNoSpacing\" style=\"text-align: justify;\">Com o tema \u201cQuem d\u00e1 esmola n\u00e3o d\u00e1 futuro!\u201d, a Prefeitura de Muria\u00e9 e o Conselho Municipal de Pol\u00edticas sobre Drogas (Comad), em parceria com a C\u00e2mara de Dirigentes Lojistas, promoveram uma campanha contra a esmola. Realizada no \u00faltimo s\u00e1bado (23), nas lojas localizadas no entorno da Pra\u00e7a Jo\u00e3o Pinheiro e no Mercado do Produtor Rural, Centro da cidade, a iniciativa alertou que o h\u00e1bito n\u00e3o oferece dignidade para a pessoa que faz da rua seu local de moradia e sobreviv\u00eancia.<\/p>\n<p class=\"m_958063604209662995gmail-MsoNoSpacing\" style=\"text-align: justify;\">\u201cEssas pessoas n\u00e3o precisam de esmola, mas sim de serem integradas \u00e0 sociedade. Estamos empenhados e investindo em projetos e a\u00e7\u00f5es em benef\u00edcio deste p\u00fablico, para, assim, construirmos uma cidade justa, igualit\u00e1ria e mais humana\u201d, diz o prefeito Grego.<\/p>\n<p class=\"m_958063604209662995gmail-MsoNoSpacing\" style=\"text-align: justify;\">Para atender e oferecer suporte a este p\u00fablico, a Prefeitura oferece servi\u00e7os especializados e tamb\u00e9m para aqueles que est\u00e3o em uso de \u00e1lcool e outras drogas, como a Abordagem Social, Centro de Refer\u00eancia Especializado para Popula\u00e7\u00e3o em Situa\u00e7\u00e3o de Rua (Centro POP), Casa Acolhedora e Centro de Aten\u00e7\u00e3o Psicossocial \u2013 \u00c1lcool e Drogas (CAPS AD).<\/p>\n<p class=\"m_958063604209662995gmail-MsoNoSpacing\" style=\"text-align: justify;\">&nbsp;<\/p>\n<p class=\"m_958063604209662995gmail-MsoNoSpacing\" style=\"text-align: justify;\"><b>SERVI\u00c7O:<\/b><\/p>\n<p class=\"m_958063604209662995gmail-MsoNoSpacing\" style=\"text-align: justify;\"><b>Servi\u00e7os oferecidos pela Prefeitura para pessoas em situa\u00e7\u00e3o de rua:<\/b><\/p>\n<p class=\"m_958063604209662995gmail-MsoNoSpacing\" style=\"text-align: justify;\"><b>&nbsp;&#8211; Centro POP e Abordagem Social<\/b><\/p>\n<p class=\"m_958063604209662995gmail-MsoNoSpacing\" style=\"text-align: justify;\">Endere\u00e7o: Avenida Coronel Pereira Sobrinho, 87, Porto<\/p>\n<p class=\"m_958063604209662995gmail-MsoNoSpacing\" style=\"text-align: justify;\">Hor\u00e1rio de funcionamento do Centro POP: de segunda a sexta-feira, de 7 \u00e0s 17h<\/p>\n<p class=\"m_958063604209662995gmail-MsoNoSpacing\" style=\"text-align: justify;\">Hor\u00e1rio de funcionamento do Servi\u00e7o Especializado de Abordagem Social:<b>&nbsp;<\/b>todos os dias, de 7h<b>&nbsp;<\/b>\u00e0s 13h e de 15h \u00e0s 21h; aos s\u00e1bados e domingos, de 7h \u00e0s 13h<\/p>\n<p class=\"m_958063604209662995gmail-MsoNoSpacing\" style=\"text-align: justify;\">Telefone Centro POP: 3728-3877<\/p>\n<p class=\"m_958063604209662995gmail-MsoNoSpacing\" style=\"text-align: justify;\">Telefone Servi\u00e7o Especializado de Abordagem Social: (32) 98831-6240<\/p>\n<p class=\"m_958063604209662995gmail-MsoNoSpacing\" style=\"text-align: justify;\"><b>&nbsp;&#8211; Casa Acolhedora<\/b><\/p>\n<p class=\"m_958063604209662995gmail-MsoNoSpacing\" style=\"text-align: justify;\">Endere\u00e7o:&nbsp;<a href=\"https:\/\/maps.google.com\/?q=Rua+J%C3%BAlio+Brand%C3%A3o,+168&amp;entry=gmail&amp;source=g\">Rua J\u00falio Brand\u00e3o, 168<\/a>, Barra<\/p>\n<p class=\"m_958063604209662995gmail-MsoNoSpacing\" style=\"text-align: justify;\">Hor\u00e1rio de funcionamento: todos os dias, 24 horas por dia<\/p>\n<p class=\"m_958063604209662995gmail-MsoNoSpacing\" style=\"text-align: justify;\">Telefone: 3721-4602<\/p>\n<p class=\"m_958063604209662995gmail-MsoNoSpacing\" style=\"text-align: justify;\"><b>Servi\u00e7o oferecido pela Prefeitura para usu\u00e1rios\/pacientes que est\u00e3o em uso de \u00e1lcool e outras drogas:<\/b><\/p>\n<p class=\"m_958063604209662995gmail-MsoNoSpacing\" style=\"text-align: justify;\"><b>&nbsp;&#8211; CAPS AD:<\/b><\/p>\n<p class=\"m_958063604209662995gmail-MsoNoSpacing\" style=\"text-align: justify;\">Local: Rua Prefeito Geraldo Starling, 340, bairro S\u00e3o Francisco<\/p>\n<p class=\"m_958063604209662995gmail-MsoNoSpacing\" style=\"text-align: justify;\">Dia: segunda a sexta-feira<\/p>\n<p class=\"m_958063604209662995gmail-MsoNoSpacing\" style=\"text-align: justify;\">Hor\u00e1rio: 7h \u00e0s 17h (sem intervalo para almo\u00e7o)<\/p>\n<p class=\"m_958063604209662995gmail-MsoNoSpacing\" style=\"text-align: justify;\">Telefone: 3729-1281<\/p>\n","protected":false},"excerpt":{"rendered":"<p>Iniciativa alertou que h\u00e1bito n\u00e3o oferece dignidade para pessoas que fazem da rua local de moradia e sobreviv\u00eancia Com o tema \u201cQuem d\u00e1 esmola n\u00e3o d\u00e1 futuro!\u201d, a Prefeitura de Muria\u00e9 e o Conselho Municipal de Pol\u00edticas sobre Drogas (Comad), em parceria com a C\u00e2mara de Dirigentes Lojistas, promoveram uma campanha contra a esmola. Realizada [&hellip;]<\/p>\n","protected":false},"author":6,"featured_media":47318,"comment_status":"open","ping_status":"closed","sticky":false,"template":"","format":"standard","meta":{"_joinchat":[],"footnotes":""},"categories":[1],"tags":[],"class_list":["post-47317","post","type-post","status-publish","format-standard","has-post-thumbnail","hentry","category-sem-categoria"],"_links":{"self":[{"href":"http:\/\/folhadosudeste.com\/site\/index.php?rest_route=\/wp\/v2\/posts\/47317","targetHints":{"allow":["GET"]}}],"collection":[{"href":"http:\/\/folhadosudeste.com\/site\/index.php?rest_route=\/wp\/v2\/posts"}],"about":[{"href":"http:\/\/folhadosudeste.com\/site\/index.php?rest_route=\/wp\/v2\/types\/post"}],"author":[{"embeddable":true,"href":"http:\/\/folhadosudeste.com\/site\/index.php?rest_route=\/wp\/v2\/users\/6"}],"replies":[{"embeddable":true,"href":"http:\/\/folhadosudeste.com\/site\/index.php?rest_route=%2Fwp%2Fv2%2Fcomments&post=47317"}],"version-history":[{"count":1,"href":"http:\/\/folhadosudeste.com\/site\/index.php?rest_route=\/wp\/v2\/posts\/47317\/revisions"}],"predecessor-version":[{"id":47319,"href":"http:\/\/folhadosudeste.com\/site\/index.php?rest_route=\/wp\/v2\/posts\/47317\/revisions\/47319"}],"wp:featuredmedia":[{"embeddable":true,"href":"http:\/\/folhadosudeste.com\/site\/index.php?rest_route=\/wp\/v2\/media\/47318"}],"wp:attachment":[{"href":"http:\/\/folhadosudeste.com\/site\/index.php?rest_route=%2Fwp%2Fv2%2Fmedia&parent=47317"}],"wp:term":[{"taxonomy":"category","embeddable":true,"href":"http:\/\/folhadosudeste.com\/site\/index.php?rest_route=%2Fwp%2Fv2%2Fcategories&post=47317"},{"taxonomy":"post_tag","embeddable":true,"href":"http:\/\/folhadosudeste.com\/site\/index.php?rest_route=%2Fwp%2Fv2%2Ftags&post=47317"}],"curies":[{"name":"wp","href":"https:\/\/api.w.org\/{rel}","templated":true}]}}