{"id":47320,"date":"2017-12-27T17:49:05","date_gmt":"2017-12-27T17:49:05","guid":{"rendered":"http:\/\/folhadosudeste.com\/site\/?p=47320"},"modified":"2017-12-27T17:49:05","modified_gmt":"2017-12-27T17:49:05","slug":"prefeitura-publica-edital-para-atuacao-de-estagiarios-na-rede-municipal-de-ensino","status":"publish","type":"post","link":"http:\/\/folhadosudeste.com\/site\/?p=47320","title":{"rendered":"Prefeitura publica edital para atua\u00e7\u00e3o de estagi\u00e1rios na rede municipal de ensino"},"content":{"rendered":"<p align=\"center\"><a href=\"http:\/\/folhadosudeste.com\/site\/wp-content\/uploads\/2017\/12\/Educa\u00e7\u00e3o-5.jpg\"><img loading=\"lazy\" decoding=\"async\" class=\"aligncenter wp-image-47321 size-large\" src=\"http:\/\/folhadosudeste.com\/site\/wp-content\/uploads\/2017\/12\/Educa\u00e7\u00e3o-5-1024x683.jpg\" alt=\"\" width=\"620\" height=\"414\" srcset=\"http:\/\/folhadosudeste.com\/site\/wp-content\/uploads\/2017\/12\/Educa\u00e7\u00e3o-5-1024x683.jpg 1024w, http:\/\/folhadosudeste.com\/site\/wp-content\/uploads\/2017\/12\/Educa\u00e7\u00e3o-5-300x200.jpg 300w, http:\/\/folhadosudeste.com\/site\/wp-content\/uploads\/2017\/12\/Educa\u00e7\u00e3o-5-768x512.jpg 768w, http:\/\/folhadosudeste.com\/site\/wp-content\/uploads\/2017\/12\/Educa\u00e7\u00e3o-5-290x195.jpg 290w, http:\/\/folhadosudeste.com\/site\/wp-content\/uploads\/2017\/12\/Educa\u00e7\u00e3o-5.jpg 1920w\" sizes=\"auto, (max-width: 620px) 100vw, 620px\" \/><\/a><\/p>\n<p class=\"m_7584299078351202689gmail-MsoNoSpacing\" style=\"text-align: justify;\" align=\"center\"><i>Inscri\u00e7\u00e3o pode ser feita entre 2 e 15 de janeiro; processo auxiliar\u00e1 no funcionamento de escolas, creches municipais e Departamento de Esporte<\/i><\/p>\n<p class=\"m_7584299078351202689gmail-MsoNoSpacing\" style=\"text-align: justify;\">A Prefeitura publicou edital do Programa \u201cEst\u00e1gio Educa\u201d, processo seletivo para forma\u00e7\u00e3o de cadastro de reserva de estudantes do ensino superior nas \u00e1reas da educa\u00e7\u00e3o e inform\u00e1tica. A atua\u00e7\u00e3o ser\u00e1 em creches, Departamento de Esporte e nos laborat\u00f3rios de inform\u00e1tica das escolas municipais. A medida \u00e9 uma forma de preencher vagas de apoio a alunos da educa\u00e7\u00e3o especial e aux\u00edlio em atividades das escolas da rede municipal para o ano letivo de 2018, beneficiando os alunos.<\/p>\n<p class=\"m_7584299078351202689gmail-MsoNoSpacing\" style=\"text-align: justify;\">Podem ser inscrever os estudantes que estejam cursando a partir do 2\u00ba per\u00edodo\/semestre de Pedagogia, Educa\u00e7\u00e3o F\u00edsica (Licenciatura\/Bacharelado) e \u00e1reas relativas \u00e0 Inform\u00e1tica (Sistemas de Informa\u00e7\u00e3o, An\u00e1lise e Desenvolvimento de Sistemas, entre outros). As inscri\u00e7\u00f5es ser\u00e3o feitas somente atrav\u00e9s da internet, entre 2 a 15 de janeiro de 2018. Os acad\u00eamicos de Pedagogia poder\u00e3o concorrer nos dois editais (n\u00ba 31 e n\u00ba 32), por\u00e9m dever\u00e3o optar apenas por um, caso seja selecionado na convoca\u00e7\u00e3o.<\/p>\n<p class=\"m_7584299078351202689gmail-MsoNoSpacing\" style=\"text-align: justify;\">Os editais podem ser conferidos na \u00edntegra nos links&nbsp;<a href=\"https:\/\/goo.gl\/6o3QGL\" target=\"_blank\" rel=\"noopener\" data-saferedirecturl=\"https:\/\/www.google.com\/url?hl=pt-BR&amp;q=https:\/\/goo.gl\/6o3QGL&amp;source=gmail&amp;ust=1514479003296000&amp;usg=AFQjCNGBCu-RUrPVlnDjZsvLd2SFYFKprA\">https:\/\/goo.gl\/6o3QGL<\/a>&nbsp;e&nbsp;<a href=\"https:\/\/goo.gl\/KQre5e\" target=\"_blank\" rel=\"noopener\" data-saferedirecturl=\"https:\/\/www.google.com\/url?hl=pt-BR&amp;q=https:\/\/goo.gl\/KQre5e&amp;source=gmail&amp;ust=1514479003297000&amp;usg=AFQjCNEfF8CYZ2SDtzH7ug0O1Df97BfZvw\">https:\/\/goo.gl\/KQre5e<\/a>. A classifica\u00e7\u00e3o e demais comunica\u00e7\u00f5es relativas ao processo seletivo est\u00e3o previstas para serem divulgadas no dia 16 de janeiro nos murais do Centro Administrativo e no site da Prefeitura (<a href=\"http:\/\/www.muriae.mg.gov.br\/\" target=\"_blank\" rel=\"noopener\" data-saferedirecturl=\"https:\/\/www.google.com\/url?hl=pt-BR&amp;q=http:\/\/www.muriae.mg.gov.br\/&amp;source=gmail&amp;ust=1514479003297000&amp;usg=AFQjCNGbgf0jXszqjHWqzmQZ1mBWgD_76g\">www.muriae.mg.gov.br<\/a>).<\/p>\n<p class=\"m_7584299078351202689gmail-MsoNoSpacing\" style=\"text-align: justify;\">&nbsp;<\/p>\n<p class=\"m_7584299078351202689gmail-MsoNoSpacing\" style=\"text-align: justify;\"><b>\u201cO trabalho dos estagi\u00e1rios \u00e9 muito importante em nossas escolas\u201d, afirma prefeito<\/b><\/p>\n<p class=\"m_7584299078351202689gmail-MsoNoSpacing\" style=\"text-align: justify;\">As atividades dos estagi\u00e1rios s\u00e3o importantes para suas carreiras profissionais, ao mesmo tempo que contribuem com a forma\u00e7\u00e3o dos alunos. \u201c\u00c9 importante que os candidatos \u00e0s vagas fiquem atentos aos prazos de inscri\u00e7\u00e3o. O trabalho que v\u00e3o realizar no pr\u00f3ximo ano \u00e9 muito importante para que continuemos a oferecer uma educa\u00e7\u00e3o de qualidade \u00e0s nossas crian\u00e7as e adolescentes\u201d, frisa o prefeito Grego.<\/p>\n<p class=\"m_7584299078351202689gmail-MsoNoSpacing\" style=\"text-align: justify;\"><b>SERVI\u00c7O:<\/b><\/p>\n<p class=\"m_7584299078351202689gmail-MsoNoSpacing\" style=\"text-align: justify;\"><b>Edital para designa\u00e7\u00e3o de estagi\u00e1rios em 2018:<\/b><\/p>\n<p class=\"m_7584299078351202689gmail-MsoNoSpacing\" style=\"text-align: justify;\">Per\u00edodo de inscri\u00e7\u00e3o: 2 e 15 de janeiro de 2018<\/p>\n<p class=\"m_7584299078351202689gmail-MsoNoSpacing\" style=\"text-align: justify;\">Endere\u00e7o eletr\u00f4nico para conferir edital:<\/p>\n<p class=\"m_7584299078351202689gmail-MsoNoSpacing\" style=\"text-align: justify;\">&nbsp;&#8211; Edital n\u00ba 31:&nbsp;<a href=\"https:\/\/goo.gl\/KQre5e\" target=\"_blank\" rel=\"noopener\" data-saferedirecturl=\"https:\/\/www.google.com\/url?hl=pt-BR&amp;q=https:\/\/goo.gl\/KQre5e&amp;source=gmail&amp;ust=1514479003297000&amp;usg=AFQjCNEfF8CYZ2SDtzH7ug0O1Df97BfZvw\">https:\/\/goo.gl\/KQre5e<\/a><\/p>\n<p class=\"m_7584299078351202689gmail-MsoNoSpacing\" style=\"text-align: justify;\">&nbsp;&#8211; Edital n\u00ba 32:&nbsp;<a href=\"https:\/\/goo.gl\/6o3QGL\" target=\"_blank\" rel=\"noopener\" data-saferedirecturl=\"https:\/\/www.google.com\/url?hl=pt-BR&amp;q=https:\/\/goo.gl\/6o3QGL&amp;source=gmail&amp;ust=1514479003297000&amp;usg=AFQjCNFwSt1XZZcRea1rBWAQwB7Tdu7EHA\">https:\/\/goo.gl\/6o3QGL<\/a><\/p>\n<p class=\"m_7584299078351202689gmail-MsoNoSpacing\" style=\"text-align: justify;\">Inscri\u00e7\u00e3o gratuita<\/p>\n","protected":false},"excerpt":{"rendered":"<p>Inscri\u00e7\u00e3o pode ser feita entre 2 e 15 de janeiro; processo auxiliar\u00e1 no funcionamento de escolas, creches municipais e Departamento de Esporte A Prefeitura publicou edital do Programa \u201cEst\u00e1gio Educa\u201d, processo seletivo para forma\u00e7\u00e3o de cadastro de reserva de estudantes do ensino superior nas \u00e1reas da educa\u00e7\u00e3o e inform\u00e1tica. A atua\u00e7\u00e3o ser\u00e1 em creches, Departamento [&hellip;]<\/p>\n","protected":false},"author":6,"featured_media":47321,"comment_status":"open","ping_status":"closed","sticky":false,"template":"","format":"standard","meta":{"_joinchat":[],"footnotes":""},"categories":[1],"tags":[],"class_list":["post-47320","post","type-post","status-publish","format-standard","has-post-thumbnail","hentry","category-sem-categoria"],"_links":{"self":[{"href":"http:\/\/folhadosudeste.com\/site\/index.php?rest_route=\/wp\/v2\/posts\/47320","targetHints":{"allow":["GET"]}}],"collection":[{"href":"http:\/\/folhadosudeste.com\/site\/index.php?rest_route=\/wp\/v2\/posts"}],"about":[{"href":"http:\/\/folhadosudeste.com\/site\/index.php?rest_route=\/wp\/v2\/types\/post"}],"author":[{"embeddable":true,"href":"http:\/\/folhadosudeste.com\/site\/index.php?rest_route=\/wp\/v2\/users\/6"}],"replies":[{"embeddable":true,"href":"http:\/\/folhadosudeste.com\/site\/index.php?rest_route=%2Fwp%2Fv2%2Fcomments&post=47320"}],"version-history":[{"count":1,"href":"http:\/\/folhadosudeste.com\/site\/index.php?rest_route=\/wp\/v2\/posts\/47320\/revisions"}],"predecessor-version":[{"id":47322,"href":"http:\/\/folhadosudeste.com\/site\/index.php?rest_route=\/wp\/v2\/posts\/47320\/revisions\/47322"}],"wp:featuredmedia":[{"embeddable":true,"href":"http:\/\/folhadosudeste.com\/site\/index.php?rest_route=\/wp\/v2\/media\/47321"}],"wp:attachment":[{"href":"http:\/\/folhadosudeste.com\/site\/index.php?rest_route=%2Fwp%2Fv2%2Fmedia&parent=47320"}],"wp:term":[{"taxonomy":"category","embeddable":true,"href":"http:\/\/folhadosudeste.com\/site\/index.php?rest_route=%2Fwp%2Fv2%2Fcategories&post=47320"},{"taxonomy":"post_tag","embeddable":true,"href":"http:\/\/folhadosudeste.com\/site\/index.php?rest_route=%2Fwp%2Fv2%2Ftags&post=47320"}],"curies":[{"name":"wp","href":"https:\/\/api.w.org\/{rel}","templated":true}]}}