{"id":47326,"date":"2017-12-29T11:23:02","date_gmt":"2017-12-29T11:23:02","guid":{"rendered":"http:\/\/folhadosudeste.com\/site\/?p=47326"},"modified":"2017-12-29T11:23:02","modified_gmt":"2017-12-29T11:23:02","slug":"tres-anos-de-mandato-de-isauro-calais-trabalho-e-beneficios-para-a-populacao-da-zona-da-mata","status":"publish","type":"post","link":"http:\/\/folhadosudeste.com\/site\/?p=47326","title":{"rendered":"TR\u00caS ANOS DE MANDATO DE\u00a0ISAURO\u00a0CALAIS: TRABALHO E BENEF\u00cdCIOS PARA A POPULA\u00c7\u00c3O DA ZONA DA MATA"},"content":{"rendered":"<p style=\"text-align: justify;\"><a href=\"http:\/\/folhadosudeste.com\/site\/wp-content\/uploads\/2017\/12\/ISAURO.jpg\"><img loading=\"lazy\" decoding=\"async\" class=\"aligncenter size-full wp-image-47327\" src=\"http:\/\/folhadosudeste.com\/site\/wp-content\/uploads\/2017\/12\/ISAURO.jpg\" alt=\"\" width=\"620\" height=\"412\" srcset=\"http:\/\/folhadosudeste.com\/site\/wp-content\/uploads\/2017\/12\/ISAURO.jpg 620w, http:\/\/folhadosudeste.com\/site\/wp-content\/uploads\/2017\/12\/ISAURO-300x199.jpg 300w\" sizes=\"auto, (max-width: 620px) 100vw, 620px\" \/><\/a><\/p>\n<p style=\"text-align: justify;\">J\u00e1 s\u00e3o tr\u00eas anos de trabalho na Assembleia Legislativa de Minas Gerais defendendo o direito dos mineiros com in\u00fameras a\u00e7\u00f5es. Por meio de emendas parlamentares e indica\u00e7\u00e3o de conv\u00eanios com o Estado, o deputado estadual&nbsp;Isauro&nbsp;Calais tem repassado recursos para a manuten\u00e7\u00e3o de servi\u00e7os essenciais em cidades da Zona da Mata.<\/p>\n<p style=\"text-align: justify;\"><strong>SA\u00daDE:<\/strong> Por meio de emenda parlamentar, o deputado j\u00e1 garantiu o repasse de mais de R$ 5 milh\u00f5es para o setor de sa\u00fade de cidades da Zona da Mata.&nbsp;Os munic\u00edpios indicados para receber recursos de material de custeio, medicamentos e equipamentos foram: Bicas, Cataguases, Chiador, Ch\u00e1cara, Guarani, Itamarati de Minas, Juiz de Fora, Mira\u00ed, Pequeri, Rio Pomba, Rochedo de Minas, Ros\u00e1rio da Limeira, Santa Rita de Jacutinga, S\u00e3o Jo\u00e3o Nepomuceno, Sim\u00e3o Pereira e Tocantins. Para ve\u00edculos como ambul\u00e2ncia, Dobl\u00f4, P\u00e1lio e Uno foram: Aracitaba, Argirita, Al\u00e9m Para\u00edba, Coronel Pacheco, Guidoval, Mira\u00ed, Muri\u00e1e, Oliveira Fortes, Piau, Rio Pomba, Rochedo de Minas, Santa B\u00e1rbara do Monte Verde, Santo Ant\u00f4nio do Aventureiro e Tocantins.<\/p>\n<p style=\"text-align: justify;\"><strong>EDUCA\u00c7\u00c3O:<\/strong> A Educa\u00e7\u00e3o \u00e9 uma prioridade para o deputado, que tem destinado recursos para refor\u00e7ar a caixa escolar de 40 unidades da regi\u00e3o nas cidades de Cataguases, Coronel Pacheco, Decoberto, Guarar\u00e1, Guiricema, Juiz de Fora, Mar de Espanha, Marip\u00e1 de Minas, Matias Barbosa, Mir\u00e1i, Pedra Dourada, Rio Novo Rochedo de Minas, Santana de Cataguases, Santos Dumont, S\u00e3o Sebasti\u00e3o da Vargem Alegre, Senador Cortes e Visconde do Rio Branco . Ros\u00e1rio da Limeira recebeu, por indica\u00e7\u00e3o do deputado, um \u00f4nibus escolar. E Eugen\u00f3polis um ve\u00edculo palio para ser utilizado nas a\u00e7\u00f5es de educa\u00e7\u00e3o do munic\u00edpio.<\/p>\n<p style=\"text-align: justify;\"><strong>SEGURAN\u00c7A:<\/strong>&nbsp;Com a crise no setor de seguran\u00e7a, o deputado realizou em Juiz de Fora um encontro com a presen\u00e7a do secret\u00e1rio de Estado de Seguran\u00e7a de Minas Gerais. O deputado aproveitou o evento para cobrar o aumento do efetivo e o reaparelhamento das pol\u00edcias Civil e Militar na Zona da Mata.<\/p>\n<p style=\"text-align: justify;\"><strong>ESPORTE:<\/strong> Foram indicadas pelo deputado as cidades de Argirita, Astolfo Dutra, Cataguases, Chiador, Coronel Pacheco, Erv\u00e1lia, Ewbank da C\u00e2mara, Guarar\u00e1, Guiricema, Juiz de Fora, Laranjal, Lima Duarte, Mira\u00ed, Muria\u00e9, Oliveira Fortes, Pedra Dourada, Pira\u00faba, Rio Preto, Ros\u00e1rio da Limeira, Rochedo de Minas, Santana do Deserto, Senador Firmino e Tabuleiro para repasse pelo Estado de academias ao ar livre que, segundo o deputado, \u00e9 uma \u00f3tima op\u00e7\u00e3o para aqueles que querem iniciar uma atividade esportiva, principalmente na terceira idade.&nbsp;Isauro&nbsp;garantiu com secretarias do Estado a ilumina\u00e7\u00e3o de campos de futebol, como o do Esporte Clube Mira\u00ed.<\/p>\n","protected":false},"excerpt":{"rendered":"<p>J\u00e1 s\u00e3o tr\u00eas anos de trabalho na Assembleia Legislativa de Minas Gerais defendendo o direito dos mineiros com in\u00fameras a\u00e7\u00f5es. Por meio de emendas parlamentares e indica\u00e7\u00e3o de conv\u00eanios com o Estado, o deputado estadual&nbsp;Isauro&nbsp;Calais tem repassado recursos para a manuten\u00e7\u00e3o de servi\u00e7os essenciais em cidades da Zona da Mata. SA\u00daDE: Por meio de emenda [&hellip;]<\/p>\n","protected":false},"author":2,"featured_media":47327,"comment_status":"open","ping_status":"closed","sticky":false,"template":"","format":"standard","meta":{"_joinchat":[],"footnotes":""},"categories":[1],"tags":[],"class_list":["post-47326","post","type-post","status-publish","format-standard","has-post-thumbnail","hentry","category-sem-categoria"],"_links":{"self":[{"href":"http:\/\/folhadosudeste.com\/site\/index.php?rest_route=\/wp\/v2\/posts\/47326","targetHints":{"allow":["GET"]}}],"collection":[{"href":"http:\/\/folhadosudeste.com\/site\/index.php?rest_route=\/wp\/v2\/posts"}],"about":[{"href":"http:\/\/folhadosudeste.com\/site\/index.php?rest_route=\/wp\/v2\/types\/post"}],"author":[{"embeddable":true,"href":"http:\/\/folhadosudeste.com\/site\/index.php?rest_route=\/wp\/v2\/users\/2"}],"replies":[{"embeddable":true,"href":"http:\/\/folhadosudeste.com\/site\/index.php?rest_route=%2Fwp%2Fv2%2Fcomments&post=47326"}],"version-history":[{"count":1,"href":"http:\/\/folhadosudeste.com\/site\/index.php?rest_route=\/wp\/v2\/posts\/47326\/revisions"}],"predecessor-version":[{"id":47328,"href":"http:\/\/folhadosudeste.com\/site\/index.php?rest_route=\/wp\/v2\/posts\/47326\/revisions\/47328"}],"wp:featuredmedia":[{"embeddable":true,"href":"http:\/\/folhadosudeste.com\/site\/index.php?rest_route=\/wp\/v2\/media\/47327"}],"wp:attachment":[{"href":"http:\/\/folhadosudeste.com\/site\/index.php?rest_route=%2Fwp%2Fv2%2Fmedia&parent=47326"}],"wp:term":[{"taxonomy":"category","embeddable":true,"href":"http:\/\/folhadosudeste.com\/site\/index.php?rest_route=%2Fwp%2Fv2%2Fcategories&post=47326"},{"taxonomy":"post_tag","embeddable":true,"href":"http:\/\/folhadosudeste.com\/site\/index.php?rest_route=%2Fwp%2Fv2%2Ftags&post=47326"}],"curies":[{"name":"wp","href":"https:\/\/api.w.org\/{rel}","templated":true}]}}