{"id":47329,"date":"2017-12-29T11:24:45","date_gmt":"2017-12-29T11:24:45","guid":{"rendered":"http:\/\/folhadosudeste.com\/site\/?p=47329"},"modified":"2017-12-29T11:24:45","modified_gmt":"2017-12-29T11:24:45","slug":"barra-em-boas-maos-associacao-do-bairro-da-barra","status":"publish","type":"post","link":"http:\/\/folhadosudeste.com\/site\/?p=47329","title":{"rendered":"BARRA EM BOAS M\u00c3OS! ASSOCIA\u00c7\u00c3O DO BAIRRO DA BARRA"},"content":{"rendered":"<p style=\"text-align: justify;\"><a href=\"http:\/\/folhadosudeste.com\/site\/wp-content\/uploads\/2017\/12\/ANTONIO-DE-LIMA.jpg\"><img loading=\"lazy\" decoding=\"async\" class=\"aligncenter size-large wp-image-47330\" src=\"http:\/\/folhadosudeste.com\/site\/wp-content\/uploads\/2017\/12\/ANTONIO-DE-LIMA-433x1024.jpg\" alt=\"\" width=\"433\" height=\"1024\" srcset=\"http:\/\/folhadosudeste.com\/site\/wp-content\/uploads\/2017\/12\/ANTONIO-DE-LIMA-433x1024.jpg 433w, http:\/\/folhadosudeste.com\/site\/wp-content\/uploads\/2017\/12\/ANTONIO-DE-LIMA-127x300.jpg 127w, http:\/\/folhadosudeste.com\/site\/wp-content\/uploads\/2017\/12\/ANTONIO-DE-LIMA.jpg 620w\" sizes=\"auto, (max-width: 433px) 100vw, 433px\" \/><\/a><\/p>\n<p style=\"text-align: justify;\">Foram tr\u00eas mandatos e tr\u00eas reelei\u00e7\u00f5es e eleito 12 anos \u00e0 frente da Associa\u00e7\u00e3o.<\/p>\n<p style=\"text-align: justify;\">Muitos projetos e conquistas foram realizados, com reivindica\u00e7\u00f5es atrav\u00e9s de of\u00edcios e parceria com a Prefeitura Municipal: ag\u00eancia da Caixa Econ\u00f4mica Federal da Barra, ag\u00eancia dos Correios da Barra, Constru\u00e7\u00e3o do Polo Esportivo Tat\u00e3o Levate, reforma da Pra\u00e7a do Trabalhador, IFET da Barra, constru\u00e7\u00e3o da Escola Municipal Professora Odal\u00e9ia Morais de Azevedo (foi uma grande moradora do bairro da Barra, tamb\u00e9m foi amiga e companheira e a Escola que leva o seu nome \u00e9 uma justa homenagem).<\/p>\n<p style=\"text-align: justify;\">\u201cTenho orgulho de ser o primeiro presidente desta Associa\u00e7\u00e3o do bairro da Barra e com 3 mandatos ser reeleito. Aos eleitores, o meu muito obrigado. Um feliz ano novo a todos\u201d, disse Antonio de Lima, presidente do bi\u00eanio 2016\/2017, que cumprir\u00e1 seu mandato de voto popular at\u00e9 o dia 31 de dezembro 2017.<\/p>\n<p style=\"text-align: justify;\">Ele acredita ser uma grande responsabilidade e fica feliz de ter cumprido sua miss\u00e3o, com todas as dificuldades enfrentadas, em fun\u00e7\u00e3o da aus\u00eancia de parceria.<\/p>\n<p style=\"text-align: justify;\">Ant\u00f4nio de Lima, presidente da associa\u00e7\u00e3o<\/p>\n","protected":false},"excerpt":{"rendered":"<p>Foram tr\u00eas mandatos e tr\u00eas reelei\u00e7\u00f5es e eleito 12 anos \u00e0 frente da Associa\u00e7\u00e3o. Muitos projetos e conquistas foram realizados, com reivindica\u00e7\u00f5es atrav\u00e9s de of\u00edcios e parceria com a Prefeitura Municipal: ag\u00eancia da Caixa Econ\u00f4mica Federal da Barra, ag\u00eancia dos Correios da Barra, Constru\u00e7\u00e3o do Polo Esportivo Tat\u00e3o Levate, reforma da Pra\u00e7a do Trabalhador, IFET [&hellip;]<\/p>\n","protected":false},"author":2,"featured_media":47330,"comment_status":"open","ping_status":"closed","sticky":false,"template":"","format":"standard","meta":{"_joinchat":[],"footnotes":""},"categories":[1],"tags":[],"class_list":["post-47329","post","type-post","status-publish","format-standard","has-post-thumbnail","hentry","category-sem-categoria"],"_links":{"self":[{"href":"http:\/\/folhadosudeste.com\/site\/index.php?rest_route=\/wp\/v2\/posts\/47329","targetHints":{"allow":["GET"]}}],"collection":[{"href":"http:\/\/folhadosudeste.com\/site\/index.php?rest_route=\/wp\/v2\/posts"}],"about":[{"href":"http:\/\/folhadosudeste.com\/site\/index.php?rest_route=\/wp\/v2\/types\/post"}],"author":[{"embeddable":true,"href":"http:\/\/folhadosudeste.com\/site\/index.php?rest_route=\/wp\/v2\/users\/2"}],"replies":[{"embeddable":true,"href":"http:\/\/folhadosudeste.com\/site\/index.php?rest_route=%2Fwp%2Fv2%2Fcomments&post=47329"}],"version-history":[{"count":1,"href":"http:\/\/folhadosudeste.com\/site\/index.php?rest_route=\/wp\/v2\/posts\/47329\/revisions"}],"predecessor-version":[{"id":47331,"href":"http:\/\/folhadosudeste.com\/site\/index.php?rest_route=\/wp\/v2\/posts\/47329\/revisions\/47331"}],"wp:featuredmedia":[{"embeddable":true,"href":"http:\/\/folhadosudeste.com\/site\/index.php?rest_route=\/wp\/v2\/media\/47330"}],"wp:attachment":[{"href":"http:\/\/folhadosudeste.com\/site\/index.php?rest_route=%2Fwp%2Fv2%2Fmedia&parent=47329"}],"wp:term":[{"taxonomy":"category","embeddable":true,"href":"http:\/\/folhadosudeste.com\/site\/index.php?rest_route=%2Fwp%2Fv2%2Fcategories&post=47329"},{"taxonomy":"post_tag","embeddable":true,"href":"http:\/\/folhadosudeste.com\/site\/index.php?rest_route=%2Fwp%2Fv2%2Ftags&post=47329"}],"curies":[{"name":"wp","href":"https:\/\/api.w.org\/{rel}","templated":true}]}}