{"id":47352,"date":"2017-12-29T11:31:17","date_gmt":"2017-12-29T11:31:17","guid":{"rendered":"http:\/\/folhadosudeste.com\/site\/?p=47352"},"modified":"2017-12-29T11:31:17","modified_gmt":"2017-12-29T11:31:17","slug":"solidariedade-carinho-e-respeito-lael-varela-promove-45o-almoco-de-confraternizacao-dos-idosos-e-enfermos","status":"publish","type":"post","link":"http:\/\/folhadosudeste.com\/site\/?p=47352","title":{"rendered":"SOLIDARIEDADE, CARINHO E RESPEITO: LAEL VARELA PROMOVE 45\u00ba ALMO\u00c7O DE CONFRATERNIZA\u00c7\u00c3O DOS IDOSOS E ENFERMOS"},"content":{"rendered":"<p style=\"text-align: justify;\"><a href=\"http:\/\/folhadosudeste.com\/site\/wp-content\/uploads\/2017\/12\/LAEL-VARELLA.jpg\"><img loading=\"lazy\" decoding=\"async\" class=\"aligncenter size-full wp-image-47353\" src=\"http:\/\/folhadosudeste.com\/site\/wp-content\/uploads\/2017\/12\/LAEL-VARELLA.jpg\" alt=\"\" width=\"620\" height=\"247\" srcset=\"http:\/\/folhadosudeste.com\/site\/wp-content\/uploads\/2017\/12\/LAEL-VARELLA.jpg 620w, http:\/\/folhadosudeste.com\/site\/wp-content\/uploads\/2017\/12\/LAEL-VARELLA-300x120.jpg 300w\" sizes=\"auto, (max-width: 620px) 100vw, 620px\" \/><\/a><\/p>\n<p style=\"text-align: justify;\">Promovido pelo o empres\u00e1rio e suplente de senador, Lael Varella, foi realizada na manh\u00e3 da \u00faltima quinta (28), na quadra poliesportiva da UNIFAMINAS \u2013 Centro Universit\u00e1rio, com a presen\u00e7a de mais de 500 pessoas, a 45\u00aa edi\u00e7\u00e3o do tradicional Almo\u00e7o de Confraterniza\u00e7\u00e3o dos Idosos e Enfermos, evento que ele promove anualmente com o objetivo de reuni-los e proporcionar um momento de reflex\u00e3o \u00e0s pessoas sobre a solidariedade.<\/p>\n<p style=\"text-align: justify;\">Lael Varella lembra que, h\u00e1 45 anos foi convidado para ajudar a institui\u00e7\u00e3o muriaeense infanto-juvenil Casa da Menina. Por\u00e9m, percebeu uma necessidade ainda maior no asilo, porque as crian\u00e7as, muitas vezes contam com a ado\u00e7\u00e3o das pessoas, mas os idosos, ao contr\u00e1rio, costumam ser menosprezados e quase ningu\u00e9m quer cuidar, sendo, inclusive, abandonados pelos filhos em muitos casos.<\/p>\n<p style=\"text-align: justify;\">No final daquele ano, Lael Varella come\u00e7ou a fazer um almo\u00e7o convidando pessoas mais velhas e enfermas para participarem com ele, bem como proporcionar uma missa celebrada em sua casa. No in\u00edcio eram poucos participantes, mas com o tempo esse n\u00famero aumentou e a comemora\u00e7\u00e3o passou a ser sediada na UNIFAMINAS, local que comporta um p\u00fablico maior.<\/p>\n<p style=\"text-align: justify;\">De acordo com Lael Varella, \u00e9 uma grande satisfa\u00e7\u00e3o realizar essa comemora\u00e7\u00e3o por 45 anos ininterruptos. <em>\u201cTemos que cuidar dos idosos, pois muitos deles est\u00e3o abandonados. Com essa confraterniza\u00e7\u00e3o, desejo que as pessoas lembrem-se, cada vez mais, do verdadeiro sentido do Natal, que n\u00e3o \u00e9 comprar presentes como o com\u00e9rcio diz. O sentido da vida \u00e9 fazer algo pelo pr\u00f3ximo, principalmente aqueles que mais precisam, dar uma esperan\u00e7a \u00e0s pessoas, seja na sua rua, no seu bairro, e cada um ajudando da maneira que puder. Deus me deu essa miss\u00e3o sabendo que eu podia ajudar e essa \u00e9 uma tradi\u00e7\u00e3o que nossa fam\u00edlia continuar\u00e1\u201d,<\/em> explica.<\/p>\n<p style=\"text-align: justify;\">A missa foi celebrada por Pe. Geraldo Chaves da Cruz, capel\u00e3o hospitalar, titular da Capela Nossa Senhora do Divino Pranto e Pastoral Universit\u00e1ria UNIFAMINAS. Segundo ele, o Natal \u00e9 uma data muito especial para os crist\u00e3os, pois comemora a vinda de Jesus Cristo, portanto \u00e9 importante celebrar esse gesto de carinho proporcionado pela confraterniza\u00e7\u00e3o, que tamb\u00e9m \u00e9 um momento de despertar a reflex\u00e3o. <em>\u201cNo mundo capitalista, o ser humano, na maioria das vezes, n\u00e3o \u00e9 valorizado. N\u00e3o importa a idade, as pessoas t\u00eam o mesmo valor como seres humanos, principalmente as mais velhas, que v\u00e3o ficando mais dependentes e precisam ser respeitadas, merecem nosso carinho e acolhida. Muitos n\u00e3o t\u00eam ningu\u00e9m para cuidar deles. Desejo a todos um Ano Novo repleto de muita paz e esperan\u00e7a. Parab\u00e9ns ao Lael Varella e que essa festa permane\u00e7a sempre\u201d,<\/em> completa.<\/p>\n<p style=\"text-align: justify;\">Ap\u00f3s a celebra\u00e7\u00e3o, os idosos serviram-se do delicioso almo\u00e7o. Eva L\u00facia Ferreira de Andrade (Tica), moradora do Santa Terezinha, frequenta h\u00e1 10 anos a confraterniza\u00e7\u00e3o: <em>\u201c\u00c9 muito bom reunirmos aqui, em um clima t\u00e3o familiar\u201d.<\/em> \u00c9 o que tamb\u00e9m refor\u00e7a Jos\u00e9 Ara\u00fajo, morador do Planalto, que frequenta h\u00e1 cerca de 3 anos: <em>\u201cFicamos muito felizes com essa iniciativa do Lael\u201d<\/em>. Maria Auxiliadora Gon\u00e7alves, moradora da Vila Santa Luzia, que acompanha a confraterniza\u00e7\u00e3o desde quando ela come\u00e7ou, agradece ao Lael Varella por proporcionar esse momento: <em>\u201cNos sentimos muito bem de participar de um momento como este\u201d<\/em>.<\/p>\n<p>[ngg_images source=&#8221;galleries&#8221; container_ids=&#8221;1238&#8243; display_type=&#8221;photocrati-nextgen_basic_thumbnails&#8221; override_thumbnail_settings=&#8221;0&#8243; thumbnail_width=&#8221;100&#8243; thumbnail_height=&#8221;75&#8243; thumbnail_crop=&#8221;1&#8243; images_per_page=&#8221;0&#8243; number_of_columns=&#8221;0&#8243; ajax_pagination=&#8221;0&#8243; show_all_in_lightbox=&#8221;0&#8243; use_imagebrowser_effect=&#8221;0&#8243; show_slideshow_link=&#8221;1&#8243; slideshow_link_text=&#8221;[Show as slideshow]&#8221; order_by=&#8221;sortorder&#8221; order_direction=&#8221;ASC&#8221; returns=&#8221;included&#8221; maximum_entity_count=&#8221;500&#8243;]<\/p>\n","protected":false},"excerpt":{"rendered":"<p>Promovido pelo o empres\u00e1rio e suplente de senador, Lael Varella, foi realizada na manh\u00e3 da \u00faltima quinta (28), na quadra poliesportiva da UNIFAMINAS \u2013 Centro Universit\u00e1rio, com a presen\u00e7a de mais de 500 pessoas, a 45\u00aa edi\u00e7\u00e3o do tradicional Almo\u00e7o de Confraterniza\u00e7\u00e3o dos Idosos e Enfermos, evento que ele promove anualmente com o objetivo de [&hellip;]<\/p>\n","protected":false},"author":2,"featured_media":47353,"comment_status":"open","ping_status":"closed","sticky":false,"template":"","format":"standard","meta":{"_joinchat":[],"footnotes":""},"categories":[1],"tags":[],"class_list":["post-47352","post","type-post","status-publish","format-standard","has-post-thumbnail","hentry","category-sem-categoria"],"_links":{"self":[{"href":"http:\/\/folhadosudeste.com\/site\/index.php?rest_route=\/wp\/v2\/posts\/47352","targetHints":{"allow":["GET"]}}],"collection":[{"href":"http:\/\/folhadosudeste.com\/site\/index.php?rest_route=\/wp\/v2\/posts"}],"about":[{"href":"http:\/\/folhadosudeste.com\/site\/index.php?rest_route=\/wp\/v2\/types\/post"}],"author":[{"embeddable":true,"href":"http:\/\/folhadosudeste.com\/site\/index.php?rest_route=\/wp\/v2\/users\/2"}],"replies":[{"embeddable":true,"href":"http:\/\/folhadosudeste.com\/site\/index.php?rest_route=%2Fwp%2Fv2%2Fcomments&post=47352"}],"version-history":[{"count":1,"href":"http:\/\/folhadosudeste.com\/site\/index.php?rest_route=\/wp\/v2\/posts\/47352\/revisions"}],"predecessor-version":[{"id":47402,"href":"http:\/\/folhadosudeste.com\/site\/index.php?rest_route=\/wp\/v2\/posts\/47352\/revisions\/47402"}],"wp:featuredmedia":[{"embeddable":true,"href":"http:\/\/folhadosudeste.com\/site\/index.php?rest_route=\/wp\/v2\/media\/47353"}],"wp:attachment":[{"href":"http:\/\/folhadosudeste.com\/site\/index.php?rest_route=%2Fwp%2Fv2%2Fmedia&parent=47352"}],"wp:term":[{"taxonomy":"category","embeddable":true,"href":"http:\/\/folhadosudeste.com\/site\/index.php?rest_route=%2Fwp%2Fv2%2Fcategories&post=47352"},{"taxonomy":"post_tag","embeddable":true,"href":"http:\/\/folhadosudeste.com\/site\/index.php?rest_route=%2Fwp%2Fv2%2Ftags&post=47352"}],"curies":[{"name":"wp","href":"https:\/\/api.w.org\/{rel}","templated":true}]}}