{"id":47403,"date":"2017-12-29T11:34:15","date_gmt":"2017-12-29T11:34:15","guid":{"rendered":"http:\/\/folhadosudeste.com\/site\/?p=47403"},"modified":"2017-12-29T11:34:15","modified_gmt":"2017-12-29T11:34:15","slug":"consep-de-rosario-da-limeira-realiza-festa-de-natal-para-as-criancas","status":"publish","type":"post","link":"http:\/\/folhadosudeste.com\/site\/?p=47403","title":{"rendered":"CONSEP DE ROS\u00c1RIO DA LIMEIRA REALIZA FESTA DE NATAL PARA AS CRIAN\u00c7AS"},"content":{"rendered":"<p style=\"text-align: justify;\"><a href=\"http:\/\/folhadosudeste.com\/site\/wp-content\/uploads\/2017\/12\/CONSEP-LIMEIRA.jpeg\"><img loading=\"lazy\" decoding=\"async\" class=\"aligncenter size-full wp-image-47404\" src=\"http:\/\/folhadosudeste.com\/site\/wp-content\/uploads\/2017\/12\/CONSEP-LIMEIRA.jpeg\" alt=\"\" width=\"620\" height=\"282\" srcset=\"http:\/\/folhadosudeste.com\/site\/wp-content\/uploads\/2017\/12\/CONSEP-LIMEIRA.jpeg 620w, http:\/\/folhadosudeste.com\/site\/wp-content\/uploads\/2017\/12\/CONSEP-LIMEIRA-300x136.jpeg 300w, http:\/\/folhadosudeste.com\/site\/wp-content\/uploads\/2017\/12\/CONSEP-LIMEIRA-272x125.jpeg 272w\" sizes=\"auto, (max-width: 620px) 100vw, 620px\" \/><\/a><\/p>\n<p style=\"text-align: justify;\">O Conselho Comunit\u00e1rio de Seguran\u00e7a P\u00fablica de Ros\u00e1rio da Limeira (CONSEP) realizou uma Festa de Natal para as crian\u00e7as do munic\u00edpio, no \u00faltimo s\u00e1bado (23), na Escola Municipal Maria Auxiliadora Guar\u00e7oni Benini Bonato. Cerca de 800 crian\u00e7as estiveram presentes e se divertiram com um dia de lazer e comemora\u00e7\u00e3o, refletindo tamb\u00e9m sobre o sentido do Natal. Teve pipoca, pula-pula, algod\u00e3o doce e picol\u00e9s, balas e pirulitos distribu\u00eddos pelo Papai Noel. Teve a presen\u00e7a do PM Legal do PROERD e a Pol\u00edcia Florestal, que mostraram um pouco de seu trabalho.<\/p>\n<p style=\"text-align: justify;\">Segundo Lenir Rodrigues da Silva Viena Costa, presidente do CONSEP pelo 2\u00ba mandato consecutivo (a elei\u00e7\u00e3o \u00e9 referente a dois anos, podendo ser prorrogada por mais dois, portanto exercer\u00e1 o cargo at\u00e9 2019), essa confraterniza\u00e7\u00e3o \u00e9 realizada todos os anos, com a contribui\u00e7\u00e3o de volunt\u00e1rios, empres\u00e1rios, parceiros e organiza\u00e7\u00f5es, que fazem as doa\u00e7\u00f5es ou se empenham no trabalho. <em>\u201cEsse foi um ano dif\u00edcil, mas mostramos que n\u00e3o precisa de coisas grandiosas, podemos trazer muitas alegrias com coisas simples. Nossas reuni\u00f5es acontecem uma vez por m\u00eas ou quando s\u00e3o necess\u00e1rias sess\u00f5es extraordin\u00e1rias. Sobrevivemos de doa\u00e7\u00f5es na conta de luz, recursos que s\u00e3o usados em eventualidades, por exemplo, suporte para reparos quando n\u00e3o \u00e9 poss\u00edvel naquele momento. Administramos e prestamos conta \u00e0 popula\u00e7\u00e3o sobre o destino do mesmo. Gostaria de agradecer \u00e0 popula\u00e7\u00e3o de Ros\u00e1rio da Limeira, os volunt\u00e1rios, a Administra\u00e7\u00e3o Municipal e todos que confiaram em n\u00f3s. Obrigada tamb\u00e9m \u00e0s crian\u00e7as e fam\u00edlias pela presen\u00e7a. Desejamos que possam ter esse esp\u00edrito de Natal e que aprendam que o maior presente que podemos dar \u00e9 compartilhar o amor e o carinho o ano inteiro\u201d,<\/em> explica.<\/p>\n<p style=\"text-align: justify;\">Na ocasi\u00e3o, foi homenageada com um buqu\u00ea de flores Catarina Aparecida de F\u00e1tima Gon\u00e7alves Maciel, esposa do vice-prefeito Davi Maciel, fundadora e primeira presidente do CONSEP de Ros\u00e1rio da Limeira. Segundo ela, o fato do \u00f3rg\u00e3o s\u00f3 ter tido mulheres em sua dire\u00e7\u00e3o mostra a for\u00e7a delas e representatividade na parceria com um grupo que \u00e9 formado quase que exclusivamente por homens: a Pol\u00edcia Militar. <em>\u201cMostramos sempre a boa vontade, disposi\u00e7\u00e3o de trabalhar, incentivar e participar. Como a fam\u00edlia n\u00e3o \u00e9 s\u00f3 responsabilidade do homem, a sociedade tamb\u00e9m n\u00e3o \u00e9. As mulheres, atuando em conjunto, possibilitam uma abertura maior e podem trazer a resolu\u00e7\u00e3o de muitos problemas. Nessa oportunidade de confraterniza\u00e7\u00e3o, aproximamos mais uma vez as crian\u00e7as da Pol\u00edcia Militar, de modo que possam ver que ela est\u00e1 a\u00ed para contribuir para o bem da sociedade, n\u00e3o pra amedrontar nem espantar ningu\u00e9m. Temos que criar outra consci\u00eancia sobre esse trabalho que eles exercem. A fun\u00e7\u00e3o \u00e9 ajudar e n\u00e3o criar mais conflitos na sociedade. Fico muito feliz e emocionada com essa homenagem e com a valoriza\u00e7\u00e3o da mulher na sociedade, pois n\u00e3o \u00e9 s\u00f3 o homem que faz hist\u00f3ria, n\u00f3s tamb\u00e9m estamos aqui para dar nossa for\u00e7a e contribui\u00e7\u00e3o. Desejo a todos um Feliz Natal e Pr\u00f3spero Ano Novo, desejando que possamos trabalhar mais o amor ao longo de 2018\u201d,<\/em> completa.<\/p>\n<p style=\"text-align: justify;\">Para Lenir Costa, a homenagem de Catarina foi justa e merecida. <em>\u201c\u00c9 uma mulher guerreira, batalhadora, professora e companheira de trabalho. Tenho por ela muita admira\u00e7\u00e3o e um carinho muito especial, porque luta pelo que quer, \u00e9 muito determinada. Sempre acompanha os trabalhos, voluntariamente. Agrade\u00e7o tamb\u00e9m a todos que contribu\u00edram com o CONSEP ao longo dos anos\u201d, <\/em>finaliza.<\/p>\n<p style=\"text-align: justify;\">Foi feita tamb\u00e9m uma homenagem ao 3\u00ba Sgto. Sidiclei Borges, que participou da cria\u00e7\u00e3o do CONSEP em Ros\u00e1rio da Limeira, sendo o \u00fanico militar daquela \u00e9poca que permanece atuando no munic\u00edpio. Fez um trabalho de casa em casa, conscientizando sobre o que era e a import\u00e2ncia da institui\u00e7\u00e3o, da necessidade da contribui\u00e7\u00e3o da popula\u00e7\u00e3o para o \u00f3rg\u00e3o na conta de luz com os demais fundadores e, at\u00e9 hoje, n\u00e3o mede esfor\u00e7os para auxiliar, sugerir e criticar, com o objetivo de fortalecer a diretoria. O CONSEP orgulha muito de poder contar com o apoio dos primeiros fundadores e da popula\u00e7\u00e3o limeirense.<\/p>\n<p style=\"text-align: justify;\">A atual diretoria do CONSEP \u00e9 formada tamb\u00e9m por: Rose Louren\u00e7o (vice-presidente), Meire Borges (diretora administrativa) e Maria Peixoto (diretora financeira).<\/p>\n<p>[ngg_images source=&#8221;galleries&#8221; container_ids=&#8221;1239&#8243; display_type=&#8221;photocrati-nextgen_basic_thumbnails&#8221; override_thumbnail_settings=&#8221;0&#8243; thumbnail_width=&#8221;100&#8243; thumbnail_height=&#8221;75&#8243; thumbnail_crop=&#8221;1&#8243; images_per_page=&#8221;0&#8243; number_of_columns=&#8221;0&#8243; ajax_pagination=&#8221;0&#8243; show_all_in_lightbox=&#8221;0&#8243; use_imagebrowser_effect=&#8221;0&#8243; show_slideshow_link=&#8221;1&#8243; slideshow_link_text=&#8221;[Show as slideshow]&#8221; order_by=&#8221;sortorder&#8221; order_direction=&#8221;ASC&#8221; returns=&#8221;included&#8221; maximum_entity_count=&#8221;500&#8243;]<\/p>\n","protected":false},"excerpt":{"rendered":"<p>O Conselho Comunit\u00e1rio de Seguran\u00e7a P\u00fablica de Ros\u00e1rio da Limeira (CONSEP) realizou uma Festa de Natal para as crian\u00e7as do munic\u00edpio, no \u00faltimo s\u00e1bado (23), na Escola Municipal Maria Auxiliadora Guar\u00e7oni Benini Bonato. Cerca de 800 crian\u00e7as estiveram presentes e se divertiram com um dia de lazer e comemora\u00e7\u00e3o, refletindo tamb\u00e9m sobre o sentido do [&hellip;]<\/p>\n","protected":false},"author":2,"featured_media":47404,"comment_status":"open","ping_status":"closed","sticky":false,"template":"","format":"standard","meta":{"_joinchat":[],"footnotes":""},"categories":[1],"tags":[],"class_list":["post-47403","post","type-post","status-publish","format-standard","has-post-thumbnail","hentry","category-sem-categoria"],"_links":{"self":[{"href":"http:\/\/folhadosudeste.com\/site\/index.php?rest_route=\/wp\/v2\/posts\/47403","targetHints":{"allow":["GET"]}}],"collection":[{"href":"http:\/\/folhadosudeste.com\/site\/index.php?rest_route=\/wp\/v2\/posts"}],"about":[{"href":"http:\/\/folhadosudeste.com\/site\/index.php?rest_route=\/wp\/v2\/types\/post"}],"author":[{"embeddable":true,"href":"http:\/\/folhadosudeste.com\/site\/index.php?rest_route=\/wp\/v2\/users\/2"}],"replies":[{"embeddable":true,"href":"http:\/\/folhadosudeste.com\/site\/index.php?rest_route=%2Fwp%2Fv2%2Fcomments&post=47403"}],"version-history":[{"count":1,"href":"http:\/\/folhadosudeste.com\/site\/index.php?rest_route=\/wp\/v2\/posts\/47403\/revisions"}],"predecessor-version":[{"id":47423,"href":"http:\/\/folhadosudeste.com\/site\/index.php?rest_route=\/wp\/v2\/posts\/47403\/revisions\/47423"}],"wp:featuredmedia":[{"embeddable":true,"href":"http:\/\/folhadosudeste.com\/site\/index.php?rest_route=\/wp\/v2\/media\/47404"}],"wp:attachment":[{"href":"http:\/\/folhadosudeste.com\/site\/index.php?rest_route=%2Fwp%2Fv2%2Fmedia&parent=47403"}],"wp:term":[{"taxonomy":"category","embeddable":true,"href":"http:\/\/folhadosudeste.com\/site\/index.php?rest_route=%2Fwp%2Fv2%2Fcategories&post=47403"},{"taxonomy":"post_tag","embeddable":true,"href":"http:\/\/folhadosudeste.com\/site\/index.php?rest_route=%2Fwp%2Fv2%2Ftags&post=47403"}],"curies":[{"name":"wp","href":"https:\/\/api.w.org\/{rel}","templated":true}]}}