{"id":47424,"date":"2017-12-29T11:36:32","date_gmt":"2017-12-29T11:36:32","guid":{"rendered":"http:\/\/folhadosudeste.com\/site\/?p=47424"},"modified":"2017-12-29T11:36:32","modified_gmt":"2017-12-29T11:36:32","slug":"missa-de-natal-da-igreja-sao-joao-evangelista","status":"publish","type":"post","link":"http:\/\/folhadosudeste.com\/site\/?p=47424","title":{"rendered":"MISSA DE NATAL DA IGREJA S\u00c3O JO\u00c3O EVANGELISTA"},"content":{"rendered":"<p style=\"text-align: justify;\"><a href=\"http:\/\/folhadosudeste.com\/site\/wp-content\/uploads\/2017\/12\/JO\u00c3O-XXIII.jpg\"><img loading=\"lazy\" decoding=\"async\" class=\"aligncenter size-full wp-image-47425\" src=\"http:\/\/folhadosudeste.com\/site\/wp-content\/uploads\/2017\/12\/JO\u00c3O-XXIII.jpg\" alt=\"\" width=\"620\" height=\"262\" srcset=\"http:\/\/folhadosudeste.com\/site\/wp-content\/uploads\/2017\/12\/JO\u00c3O-XXIII.jpg 620w, http:\/\/folhadosudeste.com\/site\/wp-content\/uploads\/2017\/12\/JO\u00c3O-XXIII-300x127.jpg 300w\" sizes=\"auto, (max-width: 620px) 100vw, 620px\" \/><\/a><\/p>\n<p style=\"text-align: justify;\">A Missa de Natal da Igreja S\u00e3o Jo\u00e3o Evangelista (bairro Jo\u00e3o XXIII) foi celebrada na noite do \u00faltimo domingo (24), presidida por Pe. \u00c9lcio. Em um clima especial e festivo, ele realizou a B\u00ean\u00e7\u00e3o do Pres\u00e9pio e teve tamb\u00e9m a chegada do Menino Jesus, representado por um beb\u00ea da comunidade. Na ocasi\u00e3o, os aniversariantes receberam os parab\u00e9ns e a menina Let\u00edcia narrou a hist\u00f3ria dos tr\u00eas Reis Magos, emocionando toda assembl\u00e9ia com seus conhecimentos e dom\u00ednio no que estava falando. Padre Elcio encerrou a missa desejando a todos um feliz e aben\u00e7oado Natal e um Ano Novo de realiza\u00e7\u00f5es!<\/p>\n<p>[ngg_images source=&#8221;galleries&#8221; container_ids=&#8221;1240&#8243; display_type=&#8221;photocrati-nextgen_basic_thumbnails&#8221; override_thumbnail_settings=&#8221;0&#8243; thumbnail_width=&#8221;100&#8243; thumbnail_height=&#8221;75&#8243; thumbnail_crop=&#8221;1&#8243; images_per_page=&#8221;0&#8243; number_of_columns=&#8221;0&#8243; ajax_pagination=&#8221;0&#8243; show_all_in_lightbox=&#8221;0&#8243; use_imagebrowser_effect=&#8221;0&#8243; show_slideshow_link=&#8221;1&#8243; slideshow_link_text=&#8221;[Show as slideshow]&#8221; order_by=&#8221;sortorder&#8221; order_direction=&#8221;ASC&#8221; returns=&#8221;included&#8221; maximum_entity_count=&#8221;500&#8243;]<\/p>\n","protected":false},"excerpt":{"rendered":"<p>A Missa de Natal da Igreja S\u00e3o Jo\u00e3o Evangelista (bairro Jo\u00e3o XXIII) foi celebrada na noite do \u00faltimo domingo (24), presidida por Pe. \u00c9lcio. Em um clima especial e festivo, ele realizou a B\u00ean\u00e7\u00e3o do Pres\u00e9pio e teve tamb\u00e9m a chegada do Menino Jesus, representado por um beb\u00ea da comunidade. Na ocasi\u00e3o, os aniversariantes receberam [&hellip;]<\/p>\n","protected":false},"author":2,"featured_media":47425,"comment_status":"open","ping_status":"closed","sticky":false,"template":"","format":"standard","meta":{"_joinchat":[],"footnotes":""},"categories":[1],"tags":[],"class_list":["post-47424","post","type-post","status-publish","format-standard","has-post-thumbnail","hentry","category-sem-categoria"],"_links":{"self":[{"href":"http:\/\/folhadosudeste.com\/site\/index.php?rest_route=\/wp\/v2\/posts\/47424","targetHints":{"allow":["GET"]}}],"collection":[{"href":"http:\/\/folhadosudeste.com\/site\/index.php?rest_route=\/wp\/v2\/posts"}],"about":[{"href":"http:\/\/folhadosudeste.com\/site\/index.php?rest_route=\/wp\/v2\/types\/post"}],"author":[{"embeddable":true,"href":"http:\/\/folhadosudeste.com\/site\/index.php?rest_route=\/wp\/v2\/users\/2"}],"replies":[{"embeddable":true,"href":"http:\/\/folhadosudeste.com\/site\/index.php?rest_route=%2Fwp%2Fv2%2Fcomments&post=47424"}],"version-history":[{"count":1,"href":"http:\/\/folhadosudeste.com\/site\/index.php?rest_route=\/wp\/v2\/posts\/47424\/revisions"}],"predecessor-version":[{"id":47436,"href":"http:\/\/folhadosudeste.com\/site\/index.php?rest_route=\/wp\/v2\/posts\/47424\/revisions\/47436"}],"wp:featuredmedia":[{"embeddable":true,"href":"http:\/\/folhadosudeste.com\/site\/index.php?rest_route=\/wp\/v2\/media\/47425"}],"wp:attachment":[{"href":"http:\/\/folhadosudeste.com\/site\/index.php?rest_route=%2Fwp%2Fv2%2Fmedia&parent=47424"}],"wp:term":[{"taxonomy":"category","embeddable":true,"href":"http:\/\/folhadosudeste.com\/site\/index.php?rest_route=%2Fwp%2Fv2%2Fcategories&post=47424"},{"taxonomy":"post_tag","embeddable":true,"href":"http:\/\/folhadosudeste.com\/site\/index.php?rest_route=%2Fwp%2Fv2%2Ftags&post=47424"}],"curies":[{"name":"wp","href":"https:\/\/api.w.org\/{rel}","templated":true}]}}