{"id":47437,"date":"2017-12-29T11:41:16","date_gmt":"2017-12-29T11:41:16","guid":{"rendered":"http:\/\/folhadosudeste.com\/site\/?p=47437"},"modified":"2017-12-29T11:41:16","modified_gmt":"2017-12-29T11:41:16","slug":"missa-de-acolhida-do-pe-atila-e-de-despedida-do-pe-cicero","status":"publish","type":"post","link":"http:\/\/folhadosudeste.com\/site\/?p=47437","title":{"rendered":"MISSA DE ACOLHIDA DO PE. \u00c1TILA E DE DESPEDIDA DO PE. C\u00cdCERO"},"content":{"rendered":"<p style=\"text-align: justify;\"><a href=\"http:\/\/folhadosudeste.com\/site\/wp-content\/uploads\/2017\/12\/PE-C\u00cdCERO.jpg\"><img loading=\"lazy\" decoding=\"async\" class=\"aligncenter size-full wp-image-47438\" src=\"http:\/\/folhadosudeste.com\/site\/wp-content\/uploads\/2017\/12\/PE-C\u00cdCERO.jpg\" alt=\"\" width=\"620\" height=\"307\" srcset=\"http:\/\/folhadosudeste.com\/site\/wp-content\/uploads\/2017\/12\/PE-C\u00cdCERO.jpg 620w, http:\/\/folhadosudeste.com\/site\/wp-content\/uploads\/2017\/12\/PE-C\u00cdCERO-300x149.jpg 300w\" sizes=\"auto, (max-width: 620px) 100vw, 620px\" \/><\/a><\/p>\n<p style=\"text-align: justify;\">A Missa de Acolhida do Pe. \u00c1tila foi celebrada na \u00faltima sexta (22), na Matriz S\u00e3o Paulo, pelo o Bispo Diocesano Dom Jos\u00e9 Eudes, enquanto a Missa de Despedida do Pe. C\u00edcero Machado aconteceu no s\u00e1bado (23). Centenas de fi\u00e9is prestigiaram estes importantes e marcantes momentos na vida dos padres. Essa foi a apresenta\u00e7\u00e3o oficial de Pe. \u00c1tila, que assume agora como p\u00e1roco da Matriz S\u00e3o Paulo. J\u00e1 Pe. C\u00edcero seguir\u00e1 evangelizando na cidade de Vila Velha ES, a partir do m\u00eas de janeiro. Deixamos nossos desejos de muito sucesso aos amigos padres, que continuem levando com sabedoria a Palavra de Deus ao cora\u00e7\u00e3o das pessoas.<\/p>\n<p>[ngg_images source=&#8221;galleries&#8221; container_ids=&#8221;1241&#8243; display_type=&#8221;photocrati-nextgen_basic_thumbnails&#8221; override_thumbnail_settings=&#8221;0&#8243; thumbnail_width=&#8221;100&#8243; thumbnail_height=&#8221;75&#8243; thumbnail_crop=&#8221;1&#8243; images_per_page=&#8221;0&#8243; number_of_columns=&#8221;0&#8243; ajax_pagination=&#8221;0&#8243; show_all_in_lightbox=&#8221;0&#8243; use_imagebrowser_effect=&#8221;0&#8243; show_slideshow_link=&#8221;1&#8243; slideshow_link_text=&#8221;[Show as slideshow]&#8221; order_by=&#8221;sortorder&#8221; order_direction=&#8221;ASC&#8221; returns=&#8221;included&#8221; maximum_entity_count=&#8221;500&#8243;]<\/p>\n","protected":false},"excerpt":{"rendered":"<p>A Missa de Acolhida do Pe. \u00c1tila foi celebrada na \u00faltima sexta (22), na Matriz S\u00e3o Paulo, pelo o Bispo Diocesano Dom Jos\u00e9 Eudes, enquanto a Missa de Despedida do Pe. C\u00edcero Machado aconteceu no s\u00e1bado (23). Centenas de fi\u00e9is prestigiaram estes importantes e marcantes momentos na vida dos padres. Essa foi a apresenta\u00e7\u00e3o oficial [&hellip;]<\/p>\n","protected":false},"author":2,"featured_media":47438,"comment_status":"open","ping_status":"closed","sticky":false,"template":"","format":"standard","meta":{"_joinchat":[],"footnotes":""},"categories":[1],"tags":[],"class_list":["post-47437","post","type-post","status-publish","format-standard","has-post-thumbnail","hentry","category-sem-categoria"],"_links":{"self":[{"href":"http:\/\/folhadosudeste.com\/site\/index.php?rest_route=\/wp\/v2\/posts\/47437","targetHints":{"allow":["GET"]}}],"collection":[{"href":"http:\/\/folhadosudeste.com\/site\/index.php?rest_route=\/wp\/v2\/posts"}],"about":[{"href":"http:\/\/folhadosudeste.com\/site\/index.php?rest_route=\/wp\/v2\/types\/post"}],"author":[{"embeddable":true,"href":"http:\/\/folhadosudeste.com\/site\/index.php?rest_route=\/wp\/v2\/users\/2"}],"replies":[{"embeddable":true,"href":"http:\/\/folhadosudeste.com\/site\/index.php?rest_route=%2Fwp%2Fv2%2Fcomments&post=47437"}],"version-history":[{"count":1,"href":"http:\/\/folhadosudeste.com\/site\/index.php?rest_route=\/wp\/v2\/posts\/47437\/revisions"}],"predecessor-version":[{"id":47447,"href":"http:\/\/folhadosudeste.com\/site\/index.php?rest_route=\/wp\/v2\/posts\/47437\/revisions\/47447"}],"wp:featuredmedia":[{"embeddable":true,"href":"http:\/\/folhadosudeste.com\/site\/index.php?rest_route=\/wp\/v2\/media\/47438"}],"wp:attachment":[{"href":"http:\/\/folhadosudeste.com\/site\/index.php?rest_route=%2Fwp%2Fv2%2Fmedia&parent=47437"}],"wp:term":[{"taxonomy":"category","embeddable":true,"href":"http:\/\/folhadosudeste.com\/site\/index.php?rest_route=%2Fwp%2Fv2%2Fcategories&post=47437"},{"taxonomy":"post_tag","embeddable":true,"href":"http:\/\/folhadosudeste.com\/site\/index.php?rest_route=%2Fwp%2Fv2%2Ftags&post=47437"}],"curies":[{"name":"wp","href":"https:\/\/api.w.org\/{rel}","templated":true}]}}