{"id":47465,"date":"2018-01-04T19:21:00","date_gmt":"2018-01-04T19:21:00","guid":{"rendered":"http:\/\/folhadosudeste.com\/site\/?p=47465"},"modified":"2018-01-04T19:21:00","modified_gmt":"2018-01-04T19:21:00","slug":"vereador-ademar-camerino-e-o-novo-presidente-da-camara-municipal-de-muriae","status":"publish","type":"post","link":"http:\/\/folhadosudeste.com\/site\/?p=47465","title":{"rendered":"Vereador Ademar Camerino \u00e9 o novo presidente da C\u00e2mara Municipal de Muria\u00e9"},"content":{"rendered":"<p><a href=\"http:\/\/folhadosudeste.com\/site\/wp-content\/uploads\/2018\/01\/DSC_0086.jpg\"><img loading=\"lazy\" decoding=\"async\" class=\"aligncenter wp-image-47466 size-full\" src=\"http:\/\/folhadosudeste.com\/site\/wp-content\/uploads\/2018\/01\/DSC_0086.jpg\" alt=\"\" width=\"800\" height=\"533\" srcset=\"http:\/\/folhadosudeste.com\/site\/wp-content\/uploads\/2018\/01\/DSC_0086.jpg 800w, http:\/\/folhadosudeste.com\/site\/wp-content\/uploads\/2018\/01\/DSC_0086-300x200.jpg 300w, http:\/\/folhadosudeste.com\/site\/wp-content\/uploads\/2018\/01\/DSC_0086-768x512.jpg 768w\" sizes=\"auto, (max-width: 800px) 100vw, 800px\" \/><\/a><\/p>\n<p style=\"text-align: justify;\">Foi realizada, na noite de quarta-feira 3 de janeiro, a solenidade de posse da nova Mesa Diretora da C\u00e2mara de Vereadores de Muria\u00e9- Legislatura 2018. A solenidade oficial aconteceu no Plen\u00e1rio, na ocasi\u00e3o em que foram empossados: o presidente da Casa Legislativa (Ademar Camerino \u2013 DEM), o 1\u00ba vice-presidente (Celsinho \u2013 DEM), o 2\u00ba vice-presidente (Dr. Jos\u00e9 Carlos \u2013 PSB), o 1\u00ba secret\u00e1rio (Ciso \u2013 PPS) e o 2\u00ba secret\u00e1rio (Lelei \u2013 DEM). Logo ap\u00f3s a assinatura do termo de posse, Ademar e Ciso ocuparam suas respectivas cadeiras.<\/p>\n<p style=\"text-align: justify;\">Na ocasi\u00e3o, estiveram presentes o vice-prefeito, Dr. Marcos Guarino, o chefe de gabinete da prefeitura, Jo\u00e3o Francisco dos Santos, secret\u00e1rios municipais, o delegado Rangel Martino e a sess\u00e3o v\u00e1rias lideran\u00e7as comunit\u00e1rias. O prefeito Grego felicitou os empossados e desejou sucesso no cumprimento de suas atividades, por meio de um v\u00eddeo exibido durante a solenidade, no qual esclareceu sua aus\u00eancia na cerim\u00f4nia, por motivo de doen\u00e7a na fam\u00edlia.<\/p>\n<p style=\"text-align: justify;\">Ademar Camerino assume a presid\u00eancia da Casa pela segunda vez \u2013 tendo sido a primeira no ano de 2009. Ele foi eleito por unanimidade em chapa \u00fanica, no dia 12 de dezembro. Atualmente, aos 58 anos, exerce seu 5\u00ba mandato legislativo.<\/p>\n<p style=\"text-align: justify;\">Apesar da posse, a C\u00e2mara segue em recesso, voltando \u00e0s suas atividades normais no in\u00edcio do m\u00eas de fevereiro.<\/p>\n<p style=\"text-align: justify;\">Para Ademar, \u00e9 muito gratificante exercer um cargo t\u00e3o importante e de tamanha responsabilidade. <em>\u201c\u00c9 um prazer ser presidente da C\u00e2mara novamente, tive o apoio dos meus colegas vereadores e obtive 16 votos, que \u00e9 algo hist\u00f3rico, pois isso \u00e9 muito dif\u00edcil acontecer. Agrade\u00e7o a Deus e ao povo de Muria\u00e9 e a minha fam\u00edlia, n\u00f3s iremos fazer um trabalho s\u00e9rio e transparente, pois o povo est\u00e1 precisando de pessoas s\u00e9rias no poder. S\u00e3o 20 anos que atuo como vereador, quando fui presidente da C\u00e2mara em 2009, devolvi para o prefeito 274 mil reais aos cofres p\u00fablicos, na \u00e9poca, o or\u00e7amento era muito menor. Temos feito um trabalho s\u00e9rio, atuante, transparente, democr\u00e1tico e muito produtivo, valorizando a escolha da popula\u00e7\u00e3o que confiou em n\u00f3s\u201d,<\/em> destaca.<\/p>\n<p style=\"text-align: justify;\">Para o vice-prefeito Dr. Marcos Guarino que \u00e9 amigo do Ademar Camerino e da sua esposa Elis\u00e2ngela, com quem tem um relacionamento muito bom, declara que o vereador est\u00e1 fazendo um trabalho bonito e atuante com 5 mandatos de experi\u00eancia, ele acredita que em 2018 far\u00e1 uma administra\u00e7\u00e3o democr\u00e1tica, junto aos colegas. Mesmo com os empates que tiveram em 2017, ele acredita que este ano tudo ser\u00e1 diferente e deseja a todos um aben\u00e7oado Ano Novo.<\/p>\n<p>[ngg_images source=&#8221;galleries&#8221; container_ids=&#8221;1242&#8243; display_type=&#8221;photocrati-nextgen_basic_thumbnails&#8221; override_thumbnail_settings=&#8221;0&#8243; thumbnail_width=&#8221;100&#8243; thumbnail_height=&#8221;75&#8243; thumbnail_crop=&#8221;1&#8243; images_per_page=&#8221;0&#8243; number_of_columns=&#8221;0&#8243; ajax_pagination=&#8221;0&#8243; show_all_in_lightbox=&#8221;0&#8243; use_imagebrowser_effect=&#8221;0&#8243; show_slideshow_link=&#8221;1&#8243; slideshow_link_text=&#8221;[Show as slideshow]&#8221; order_by=&#8221;sortorder&#8221; order_direction=&#8221;ASC&#8221; returns=&#8221;included&#8221; maximum_entity_count=&#8221;500&#8243;]<\/p>\n<p>&nbsp;<\/p>\n","protected":false},"excerpt":{"rendered":"<p>Foi realizada, na noite de quarta-feira 3 de janeiro, a solenidade de posse da nova Mesa Diretora da C\u00e2mara de Vereadores de Muria\u00e9- Legislatura 2018. A solenidade oficial aconteceu no Plen\u00e1rio, na ocasi\u00e3o em que foram empossados: o presidente da Casa Legislativa (Ademar Camerino \u2013 DEM), o 1\u00ba vice-presidente (Celsinho \u2013 DEM), o 2\u00ba vice-presidente [&hellip;]<\/p>\n","protected":false},"author":6,"featured_media":47466,"comment_status":"open","ping_status":"closed","sticky":false,"template":"","format":"standard","meta":{"_joinchat":[],"footnotes":""},"categories":[1],"tags":[],"class_list":["post-47465","post","type-post","status-publish","format-standard","has-post-thumbnail","hentry","category-sem-categoria"],"_links":{"self":[{"href":"http:\/\/folhadosudeste.com\/site\/index.php?rest_route=\/wp\/v2\/posts\/47465","targetHints":{"allow":["GET"]}}],"collection":[{"href":"http:\/\/folhadosudeste.com\/site\/index.php?rest_route=\/wp\/v2\/posts"}],"about":[{"href":"http:\/\/folhadosudeste.com\/site\/index.php?rest_route=\/wp\/v2\/types\/post"}],"author":[{"embeddable":true,"href":"http:\/\/folhadosudeste.com\/site\/index.php?rest_route=\/wp\/v2\/users\/6"}],"replies":[{"embeddable":true,"href":"http:\/\/folhadosudeste.com\/site\/index.php?rest_route=%2Fwp%2Fv2%2Fcomments&post=47465"}],"version-history":[{"count":1,"href":"http:\/\/folhadosudeste.com\/site\/index.php?rest_route=\/wp\/v2\/posts\/47465\/revisions"}],"predecessor-version":[{"id":47691,"href":"http:\/\/folhadosudeste.com\/site\/index.php?rest_route=\/wp\/v2\/posts\/47465\/revisions\/47691"}],"wp:featuredmedia":[{"embeddable":true,"href":"http:\/\/folhadosudeste.com\/site\/index.php?rest_route=\/wp\/v2\/media\/47466"}],"wp:attachment":[{"href":"http:\/\/folhadosudeste.com\/site\/index.php?rest_route=%2Fwp%2Fv2%2Fmedia&parent=47465"}],"wp:term":[{"taxonomy":"category","embeddable":true,"href":"http:\/\/folhadosudeste.com\/site\/index.php?rest_route=%2Fwp%2Fv2%2Fcategories&post=47465"},{"taxonomy":"post_tag","embeddable":true,"href":"http:\/\/folhadosudeste.com\/site\/index.php?rest_route=%2Fwp%2Fv2%2Ftags&post=47465"}],"curies":[{"name":"wp","href":"https:\/\/api.w.org\/{rel}","templated":true}]}}