{"id":48046,"date":"2018-01-31T16:07:29","date_gmt":"2018-01-31T16:07:29","guid":{"rendered":"http:\/\/folhadosudeste.com\/site\/?p=48046"},"modified":"2018-01-31T16:07:29","modified_gmt":"2018-01-31T16:07:29","slug":"prefeitura-reestrutura-escadao-da-vila-cavalhier","status":"publish","type":"post","link":"http:\/\/folhadosudeste.com\/site\/?p=48046","title":{"rendered":"Prefeitura reestrutura \u201cescad\u00e3o\u201d da Vila Cavalhier"},"content":{"rendered":"<p align=\"center\"><a href=\"http:\/\/folhadosudeste.com\/site\/wp-content\/uploads\/2018\/01\/IMG_8489.jpg\"><img loading=\"lazy\" decoding=\"async\" class=\"aligncenter wp-image-48047 size-large\" src=\"http:\/\/folhadosudeste.com\/site\/wp-content\/uploads\/2018\/01\/IMG_8489-1024x864.jpg\" alt=\"\" width=\"620\" height=\"523\" srcset=\"http:\/\/folhadosudeste.com\/site\/wp-content\/uploads\/2018\/01\/IMG_8489-1024x864.jpg 1024w, http:\/\/folhadosudeste.com\/site\/wp-content\/uploads\/2018\/01\/IMG_8489-300x253.jpg 300w, http:\/\/folhadosudeste.com\/site\/wp-content\/uploads\/2018\/01\/IMG_8489-768x648.jpg 768w, http:\/\/folhadosudeste.com\/site\/wp-content\/uploads\/2018\/01\/IMG_8489.jpg 1500w\" sizes=\"auto, (max-width: 620px) 100vw, 620px\" \/><\/a><\/p>\n<p class=\"m_1873477834867210995gmail-MsoNoSpacing\" style=\"text-align: justify;\" align=\"center\"><i>Trabalho retoma acesso para facilitar rotina de moradores do Aeroporto<\/i><\/p>\n<p class=\"m_1873477834867210995gmail-MsoNoSpacing\" style=\"text-align: justify;\">A reconstitui\u00e7\u00e3o do \u201cescad\u00e3o\u201d que liga a Vila Cavalhier ao bairro Aeroporto chega \u00e0 fase final. A previs\u00e3o \u00e9 que o trabalho termine at\u00e9 a pr\u00f3xima sexta-feira (2). A obra vai beneficiar moradores que precisam utilizar a passagem diariamente, proporcionando mais rapidez para se chegar a pontos de \u00f4nibus e aos locais de trabalho da popula\u00e7\u00e3o.<\/p>\n<p class=\"m_1873477834867210995gmail-MsoNoSpacing\" style=\"text-align: justify;\">A estrutura desmoronou ap\u00f3s as fortes chuvas que ca\u00edram em dezembro na cidade. No dia 10 de janeiro, a Prefeitura iniciou a recomposi\u00e7\u00e3o do barranco e do muro de conten\u00e7\u00e3o, para, ent\u00e3o, reconstruir a travessia. A cabeleireira Patr\u00edcia Lima, moradora da Rua Cavalhier, ressalta a import\u00e2ncia do \u201cescad\u00e3o\u201d. \u201cQuando podemos usar esse atalho, conseguimos chegar mais r\u00e1pido ao nosso destino. Sem o \u2018escad\u00e3o\u2019 precisamos fazer um longo contorno no bairro. Al\u00e9m disso, a subida \u00e9 bem complicada. Para n\u00f3s, \u00e9 essencial ter esse caminho\u201d, conta.<\/p>\n<p class=\"m_1873477834867210995gmail-MsoNoSpacing\" style=\"text-align: justify;\">O prefeito Grego frisa a import\u00e2ncia desta obra para os moradores locais. \u201cEsse \u2018escad\u00e3o\u2019 \u00e9 uma importante via de acesso para as pessoas que residem ou trabalham no bairro. Ao investirmos em a\u00e7\u00f5es e em infraestrutura, estamos construindo um novo caminho para os muriaeenses\u201d, afirma.<\/p>\n","protected":false},"excerpt":{"rendered":"<p>Trabalho retoma acesso para facilitar rotina de moradores do Aeroporto A reconstitui\u00e7\u00e3o do \u201cescad\u00e3o\u201d que liga a Vila Cavalhier ao bairro Aeroporto chega \u00e0 fase final. A previs\u00e3o \u00e9 que o trabalho termine at\u00e9 a pr\u00f3xima sexta-feira (2). A obra vai beneficiar moradores que precisam utilizar a passagem diariamente, proporcionando mais rapidez para se chegar [&hellip;]<\/p>\n","protected":false},"author":6,"featured_media":48047,"comment_status":"open","ping_status":"closed","sticky":false,"template":"","format":"standard","meta":{"_joinchat":[],"footnotes":""},"categories":[1],"tags":[],"class_list":["post-48046","post","type-post","status-publish","format-standard","has-post-thumbnail","hentry","category-sem-categoria"],"_links":{"self":[{"href":"http:\/\/folhadosudeste.com\/site\/index.php?rest_route=\/wp\/v2\/posts\/48046","targetHints":{"allow":["GET"]}}],"collection":[{"href":"http:\/\/folhadosudeste.com\/site\/index.php?rest_route=\/wp\/v2\/posts"}],"about":[{"href":"http:\/\/folhadosudeste.com\/site\/index.php?rest_route=\/wp\/v2\/types\/post"}],"author":[{"embeddable":true,"href":"http:\/\/folhadosudeste.com\/site\/index.php?rest_route=\/wp\/v2\/users\/6"}],"replies":[{"embeddable":true,"href":"http:\/\/folhadosudeste.com\/site\/index.php?rest_route=%2Fwp%2Fv2%2Fcomments&post=48046"}],"version-history":[{"count":1,"href":"http:\/\/folhadosudeste.com\/site\/index.php?rest_route=\/wp\/v2\/posts\/48046\/revisions"}],"predecessor-version":[{"id":48048,"href":"http:\/\/folhadosudeste.com\/site\/index.php?rest_route=\/wp\/v2\/posts\/48046\/revisions\/48048"}],"wp:featuredmedia":[{"embeddable":true,"href":"http:\/\/folhadosudeste.com\/site\/index.php?rest_route=\/wp\/v2\/media\/48047"}],"wp:attachment":[{"href":"http:\/\/folhadosudeste.com\/site\/index.php?rest_route=%2Fwp%2Fv2%2Fmedia&parent=48046"}],"wp:term":[{"taxonomy":"category","embeddable":true,"href":"http:\/\/folhadosudeste.com\/site\/index.php?rest_route=%2Fwp%2Fv2%2Fcategories&post=48046"},{"taxonomy":"post_tag","embeddable":true,"href":"http:\/\/folhadosudeste.com\/site\/index.php?rest_route=%2Fwp%2Fv2%2Ftags&post=48046"}],"curies":[{"name":"wp","href":"https:\/\/api.w.org\/{rel}","templated":true}]}}