{"id":48049,"date":"2018-01-31T16:52:56","date_gmt":"2018-01-31T16:52:56","guid":{"rendered":"http:\/\/folhadosudeste.com\/site\/?p=48049"},"modified":"2018-01-31T16:52:56","modified_gmt":"2018-01-31T16:52:56","slug":"matricula-de-alunos-classificados-para-proeja-fic-sera-feita-de-5-a-9-de-fevereiro","status":"publish","type":"post","link":"http:\/\/folhadosudeste.com\/site\/?p=48049","title":{"rendered":"Matr\u00edcula de alunos classificados para Proeja FIC ser\u00e1 feita de 5 a 9 de fevereiro"},"content":{"rendered":"<p align=\"center\"><a href=\"http:\/\/folhadosudeste.com\/site\/wp-content\/uploads\/2018\/01\/Aulas-acontecer\u00e3o-na-Escola-Municipal-Professora-Odal\u00e9ia-Oliveira-Moraes-de-Azevedo-na-Barra.jpg\"><img loading=\"lazy\" decoding=\"async\" class=\"aligncenter wp-image-48050 size-large\" src=\"http:\/\/folhadosudeste.com\/site\/wp-content\/uploads\/2018\/01\/Aulas-acontecer\u00e3o-na-Escola-Municipal-Professora-Odal\u00e9ia-Oliveira-Moraes-de-Azevedo-na-Barra-1024x768.jpg\" alt=\"\" width=\"620\" height=\"465\" srcset=\"http:\/\/folhadosudeste.com\/site\/wp-content\/uploads\/2018\/01\/Aulas-acontecer\u00e3o-na-Escola-Municipal-Professora-Odal\u00e9ia-Oliveira-Moraes-de-Azevedo-na-Barra-1024x768.jpg 1024w, http:\/\/folhadosudeste.com\/site\/wp-content\/uploads\/2018\/01\/Aulas-acontecer\u00e3o-na-Escola-Municipal-Professora-Odal\u00e9ia-Oliveira-Moraes-de-Azevedo-na-Barra-300x225.jpg 300w, http:\/\/folhadosudeste.com\/site\/wp-content\/uploads\/2018\/01\/Aulas-acontecer\u00e3o-na-Escola-Municipal-Professora-Odal\u00e9ia-Oliveira-Moraes-de-Azevedo-na-Barra-768x576.jpg 768w, http:\/\/folhadosudeste.com\/site\/wp-content\/uploads\/2018\/01\/Aulas-acontecer\u00e3o-na-Escola-Municipal-Professora-Odal\u00e9ia-Oliveira-Moraes-de-Azevedo-na-Barra.jpg 1500w\" sizes=\"auto, (max-width: 620px) 100vw, 620px\" \/><\/a><\/p>\n<p class=\"m_4716327514528554616gmail-MsoNoSpacing\" style=\"text-align: justify;\" align=\"center\"><i>Projeto realizado com apoio da Prefeitura permite que muriaeenses concluam educa\u00e7\u00e3o b\u00e1sica; 45 vagas est\u00e3o sendo oferecidas para 2018<\/i><\/p>\n<p class=\"m_4716327514528554616gmail-MsoNoSpacing\" style=\"text-align: justify;\">&nbsp;<\/p>\n<p class=\"m_4716327514528554616gmail-MsoNoSpacing\" style=\"text-align: justify;\">Os alunos classificados na sele\u00e7\u00e3o para o Programa Nacional de Integra\u00e7\u00e3o da Educa\u00e7\u00e3o Profissional com a Educa\u00e7\u00e3o B\u00e1sica na Modalidade de Educa\u00e7\u00e3o de Jovens e Adultos (Proeja FIC) podem fazer a matr\u00edcula a partir da pr\u00f3xima segunda-feira (5). O programa na cidade \u00e9 realizado pela Prefeitura para oferecer oportunidade de conclus\u00e3o da educa\u00e7\u00e3o b\u00e1sica, juntamente com a forma\u00e7\u00e3o profissional, \u00e0queles que n\u00e3o tiveram acesso ao ensino na idade regular. O prazo termina em 9 de fevereiro.<\/p>\n<p class=\"m_4716327514528554616gmail-MsoNoSpacing\" style=\"text-align: justify;\">&nbsp;<\/p>\n<p class=\"m_4716327514528554616gmail-MsoNoSpacing\" style=\"text-align: justify;\">A inscri\u00e7\u00e3o ser\u00e1 realizada de 7h \u00e0s 9h, na Secretaria Municipal de Educa\u00e7\u00e3o, Esporte e Lazer, localizada no primeiro andar do Centro Administrativo. Ao todo, est\u00e3o sendo disponibilizadas 45 vagas para 2018. As aulas ter\u00e3o in\u00edcio dia 19, na Escola Municipal Professora Odal\u00e9ia Oliveira Moraes de Azevedo, na Barra (\u201cPra\u00e7a do Trabalhador\u201d, durante o per\u00edodo noturno, de 18h30min \u00e0s 22h20min).<\/p>\n<p class=\"m_4716327514528554616gmail-MsoNoSpacing\" style=\"text-align: justify;\">&nbsp;<\/p>\n<p class=\"m_4716327514528554616gmail-MsoNoSpacing\" style=\"text-align: justify;\">Al\u00e9m do ensino formal, os alunos tamb\u00e9m participam do curso T\u00e9cnico de Secretariado, oferecido por meio de parceria com o IF Sudeste. O prefeito Grego frisa a import\u00e2ncia do Proeja FIC para a promo\u00e7\u00e3o do ensino na cidade. \u201cEssa \u00e9 uma excelente oportunidade para aqueles que n\u00e3o tiveram como frequentar a escola quando mais jovens conclu\u00edrem seus estudos. Al\u00e9m disso, o programa oferece qualifica\u00e7\u00e3o profissional, proporcionando um novo caminho para os muriaeenses\u201d, diz.<\/p>\n<p class=\"m_4716327514528554616gmail-MsoNoSpacing\" style=\"text-align: justify;\">&nbsp;<\/p>\n<p class=\"m_4716327514528554616gmail-MsoNoSpacing\" style=\"text-align: justify;\"><b>Servi\u00e7o:<\/b><\/p>\n<p class=\"m_4716327514528554616gmail-MsoNoSpacing\" style=\"text-align: justify;\"><b>Inscri\u00e7\u00f5es para Proeja FIC:<\/b><\/p>\n<p class=\"m_4716327514528554616gmail-MsoNoSpacing\" style=\"text-align: justify;\">Per\u00edodo: de 5 a 9 de fevereiro<\/p>\n<p class=\"m_4716327514528554616gmail-MsoNoSpacing\" style=\"text-align: justify;\">Local: Secretaria Municipal de Educa\u00e7\u00e3o, Esporte e Lazer (localizada no primeiro andar do Centro Administrativo)<\/p>\n<p class=\"m_4716327514528554616gmail-MsoNoSpacing\" style=\"text-align: justify;\">Hor\u00e1rio: de 7h \u00e0s 9h<\/p>\n<p class=\"m_4716327514528554616gmail-MsoNoSpacing\" style=\"text-align: justify;\">In\u00edcio das aulas: 19 de fevereiro<\/p>\n<p class=\"m_4716327514528554616gmail-MsoNoSpacing\" style=\"text-align: justify;\">Local onde as aulas ser\u00e3o ministradas: Escola Municipal Professora Odal\u00e9ia Oliveira Moraes de Azevedo, na Barra (\u201cPra\u00e7a do Trabalhador\u201d, durante o per\u00edodo noturno, de 18h30min \u00e0s 22h20min)<\/p>\n<p class=\"m_4716327514528554616gmail-MsoNoSpacing\" style=\"text-align: justify;\">&nbsp;<\/p>\n<p class=\"m_4716327514528554616gmail-MsoNoSpacing\" style=\"text-align: justify;\"><b>Documentos a serem apresentados na matr\u00edcula:<\/b><\/p>\n<p class=\"m_4716327514528554616gmail-MsoNoSpacing\" style=\"text-align: justify;\">&nbsp;&#8211; Hist\u00f3rico escolar do 1\u00ba ao 5\u00ba ano do Ensino Fundamental (1\u00aa a 4\u00aa s\u00e9rie) ou declara\u00e7\u00e3o provis\u00f3ria (original e duas c\u00f3pias)<\/p>\n<p class=\"m_4716327514528554616gmail-MsoNoSpacing\" style=\"text-align: justify;\">&nbsp;&#8211; Certid\u00e3o de Nascimento e\/ou Casamento (original e duas c\u00f3pias)<\/p>\n<p class=\"m_4716327514528554616gmail-MsoNoSpacing\" style=\"text-align: justify;\">&nbsp;&#8211; CPF e Carteira de Identidade (original e duas c\u00f3pias)<\/p>\n<p class=\"m_4716327514528554616gmail-MsoNoSpacing\" style=\"text-align: justify;\">&nbsp;&#8211; T\u00edtulo de Eleitor e comprovante de vota\u00e7\u00e3o (original e duas c\u00f3pias)<\/p>\n<p class=\"m_4716327514528554616gmail-MsoNoSpacing\" style=\"text-align: justify;\">&nbsp;&#8211; Comprovante de resid\u00eancia atual (original e duas c\u00f3pias)<\/p>\n<p class=\"m_4716327514528554616gmail-MsoNoSpacing\" style=\"text-align: justify;\">&nbsp;&#8211; Duas fotografias 3&#215;4<\/p>\n<p class=\"m_4716327514528554616gmail-MsoNoSpacing\" style=\"text-align: justify;\">&nbsp;&#8211; Informar se h\u00e1 necessidade do vale-transporte<\/p>\n","protected":false},"excerpt":{"rendered":"<p>Projeto realizado com apoio da Prefeitura permite que muriaeenses concluam educa\u00e7\u00e3o b\u00e1sica; 45 vagas est\u00e3o sendo oferecidas para 2018 &nbsp; Os alunos classificados na sele\u00e7\u00e3o para o Programa Nacional de Integra\u00e7\u00e3o da Educa\u00e7\u00e3o Profissional com a Educa\u00e7\u00e3o B\u00e1sica na Modalidade de Educa\u00e7\u00e3o de Jovens e Adultos (Proeja FIC) podem fazer a matr\u00edcula a partir da [&hellip;]<\/p>\n","protected":false},"author":6,"featured_media":48050,"comment_status":"open","ping_status":"closed","sticky":false,"template":"","format":"standard","meta":{"_joinchat":[],"footnotes":""},"categories":[1],"tags":[],"class_list":["post-48049","post","type-post","status-publish","format-standard","has-post-thumbnail","hentry","category-sem-categoria"],"_links":{"self":[{"href":"http:\/\/folhadosudeste.com\/site\/index.php?rest_route=\/wp\/v2\/posts\/48049","targetHints":{"allow":["GET"]}}],"collection":[{"href":"http:\/\/folhadosudeste.com\/site\/index.php?rest_route=\/wp\/v2\/posts"}],"about":[{"href":"http:\/\/folhadosudeste.com\/site\/index.php?rest_route=\/wp\/v2\/types\/post"}],"author":[{"embeddable":true,"href":"http:\/\/folhadosudeste.com\/site\/index.php?rest_route=\/wp\/v2\/users\/6"}],"replies":[{"embeddable":true,"href":"http:\/\/folhadosudeste.com\/site\/index.php?rest_route=%2Fwp%2Fv2%2Fcomments&post=48049"}],"version-history":[{"count":1,"href":"http:\/\/folhadosudeste.com\/site\/index.php?rest_route=\/wp\/v2\/posts\/48049\/revisions"}],"predecessor-version":[{"id":48051,"href":"http:\/\/folhadosudeste.com\/site\/index.php?rest_route=\/wp\/v2\/posts\/48049\/revisions\/48051"}],"wp:featuredmedia":[{"embeddable":true,"href":"http:\/\/folhadosudeste.com\/site\/index.php?rest_route=\/wp\/v2\/media\/48050"}],"wp:attachment":[{"href":"http:\/\/folhadosudeste.com\/site\/index.php?rest_route=%2Fwp%2Fv2%2Fmedia&parent=48049"}],"wp:term":[{"taxonomy":"category","embeddable":true,"href":"http:\/\/folhadosudeste.com\/site\/index.php?rest_route=%2Fwp%2Fv2%2Fcategories&post=48049"},{"taxonomy":"post_tag","embeddable":true,"href":"http:\/\/folhadosudeste.com\/site\/index.php?rest_route=%2Fwp%2Fv2%2Ftags&post=48049"}],"curies":[{"name":"wp","href":"https:\/\/api.w.org\/{rel}","templated":true}]}}