{"id":48055,"date":"2018-02-02T12:31:29","date_gmt":"2018-02-02T12:31:29","guid":{"rendered":"http:\/\/folhadosudeste.com\/site\/?p=48055"},"modified":"2018-02-02T12:31:29","modified_gmt":"2018-02-02T12:31:29","slug":"fique-por-dentro","status":"publish","type":"post","link":"http:\/\/folhadosudeste.com\/site\/?p=48055","title":{"rendered":"FIQUE POR DENTRO!"},"content":{"rendered":"<p style=\"text-align: justify;\"><a href=\"http:\/\/folhadosudeste.com\/site\/wp-content\/uploads\/2018\/02\/MAT-EXTRAS.jpg\"><img loading=\"lazy\" decoding=\"async\" class=\"size-full wp-image-48056 aligncenter\" src=\"http:\/\/folhadosudeste.com\/site\/wp-content\/uploads\/2018\/02\/MAT-EXTRAS.jpg\" alt=\"\" width=\"620\" height=\"269\" srcset=\"http:\/\/folhadosudeste.com\/site\/wp-content\/uploads\/2018\/02\/MAT-EXTRAS.jpg 620w, http:\/\/folhadosudeste.com\/site\/wp-content\/uploads\/2018\/02\/MAT-EXTRAS-300x130.jpg 300w\" sizes=\"auto, (max-width: 620px) 100vw, 620px\" \/><\/a><\/p>\n<p style=\"text-align: justify;\"><strong>LIVRO CELEBRA A VIDA EM POESIA E ESTIMULA O RESPEITO \u00c0S DIFEREN\u00c7AS<\/strong><\/p>\n<p style=\"text-align: justify;\"><strong>&nbsp;<\/strong><strong><em>Crian\u00e7a com a rar\u00edssima S\u00edndrome Corn\u00e9lia D&#8217;Lange conversa <\/em><\/strong><strong><em>com outras crian\u00e7as e revela o seu modo de ver o mundo<\/em><\/strong><\/p>\n<p style=\"text-align: justify;\"><strong><em>&nbsp;<\/em><\/strong>Como falar \u00e0s crian\u00e7as e adolescentes sobre respeito \u00e0s diferen\u00e7as? E se essas diferen\u00e7as forem algo de certa forma muito dif\u00edcil de explicar? \u00c9 isso que faz de forma po\u00e9tica e muito alegre o livro Voc\u00ea sabe quem eu sou? Ent\u00e3o vou te contar, de Herica B. T. Secali (Editora Pandorga, 32 p\u00e1gs, R$ 29,90).<\/p>\n<p style=\"text-align: justify;\">Herica, a autora, \u00e9 m\u00e3e de Daniella, uma garotinha de 21 anos, mas uma garotinha. Quando Daniella nasceu, os m\u00e9dicos logo chamaram a aten\u00e7\u00e3o da fam\u00edlia sobre as dificuldades que eles teriam, o que demandaria muita for\u00e7a, paci\u00eancia e dedica\u00e7\u00e3o. Daniella \u00e9 uma Corn\u00e9lia. Sim, \u00e9 assim que se chamam as crian\u00e7as que t\u00eam a S\u00edndrome de Corn\u00e9lia D\u2019Lange, de que se tinha pouqu\u00edssimas informa\u00e7\u00f5es na \u00e9poca do seu nascimento, em 1996, quando a Internet ainda estava come\u00e7ando.<\/p>\n<p style=\"text-align: justify;\">Com muito esfor\u00e7o e aprendizado, os dedicados pais viram sua filha chegar aos 21 anos, contrariando algumas expectativas m\u00e9dicas que se limitavam ao primeiro ano. Aos tr\u00eas meses de idade, Daniella j\u00e1 fazia fisioterapia, fonoaudiologia e terapia ocupacional para estimul\u00e1-la ao m\u00e1ximo, dando a ela uma boa condi\u00e7\u00e3o de vida. Depois veio a s\u00e9rie de cirurgias com os mais diversos especialistas. Mas, definitivamente, n\u00e3o \u00e9 sobre isto que trata o livro.<\/p>\n<p style=\"text-align: justify;\">O texto escrito pela m\u00e3e como se fosse a filha \u00e9 uma verdadeira celebra\u00e7\u00e3o \u00e0 vida e ao amor incondicional. \u201cEste livro surgiu em comemora\u00e7\u00e3o a essa importante fase de aprendizado, aceita\u00e7\u00e3o e supera\u00e7\u00e3o. Assim como a Daniella, todos n\u00f3s da fam\u00edlia renascemos para a vida\u201d, afirma Herica. A rela\u00e7\u00e3o entre m\u00e3e e filha est\u00e1 presente do come\u00e7o ao fim da obra. A autora empresta seus sentimentos e observa\u00e7\u00f5es. Daniella, em retribui\u00e7\u00e3o, oferece seu carinho, for\u00e7a e perseveran\u00e7a.<\/p>\n<p style=\"text-align: justify;\">Daniella fala, por meio de sua m\u00e3e, sobre seus primeiros anos, a sua maneira de ver, entender e explicar o mundo. Com muita leveza e a ingenuidade t\u00edpica das crian\u00e7as, ela conversa com outras crian\u00e7as e adolescentes, mostrando que \u00e9 poss\u00edvel aprender juntos a respeitar o que \u00e9 diferente. Um est\u00edmulo \u00e0 reflex\u00e3o para crian\u00e7as de todas as idades. Por meio de um texto po\u00e9tico e questionamentos, o livro convida o leitor a uma atitude de pesquisa, reflex\u00e3o e analise sobre a sua pr\u00f3pria hist\u00f3ria de vida. Um est\u00edmulo \u00e0 leitura desde os primeiros anos, excelente ferramenta paradid\u00e1tica e uma fonte de inspira\u00e7\u00e3o para que outras fam\u00edlias venham a fazer o mesmo.<\/p>\n<p style=\"text-align: justify;\"><strong>Rar\u00edssimas e Casa dos Marcos, importantes refer\u00eancias mundiais<\/strong><\/p>\n<p style=\"text-align: justify;\">Segundo a Associa\u00e7\u00e3o Brasileira S\u00edndrome de Corn\u00e9lia D&#8217;Lange, esta \u00e9 uma rara doen\u00e7a de origem gen\u00e9tica que provoca d\u00e9ficit global do desenvolvimento f\u00edsico, motor e intelectual. Cerca de 90% dos portadores n\u00e3o desenvolvem a fala. A taxa de ocorr\u00eancia na popula\u00e7\u00e3o em geral \u00e9 estimada em at\u00e9 um caso a cada 62.500 nascimentos. No Brasil, esse n\u00famero n\u00e3o chama aten\u00e7\u00e3o para a\u00e7\u00f5es de sa\u00fade p\u00fablica. Em Portugal, Paula Costa, a m\u00e3e de um Corn\u00e9lia chamado Marco, fundou a Rar\u00edssimas, associa\u00e7\u00e3o dedicada a doen\u00e7as raras, e construiu a Casa dos Marcos, uma das mais importantes inciativas mundiais nessa \u00e1rea, com o apoio de personalidades como primeira-dama Maria Cavaco Silva e da rainha da Espanha Letizia Ortiz.<\/p>\n<p style=\"text-align: justify;\">&#8212;&#8212;&#8212;&#8212;&#8212;&#8212;&#8212;&#8212;&#8212;&#8212;&#8212;&#8212;&#8212;&#8212;&#8212;&#8212;&#8212;&#8212;&#8212;&#8212;&#8212;&#8212;&#8212;&#8212;&#8212;&#8212;&#8212;&#8212;&#8212;&#8212;&#8212;&#8212;&#8212;&#8212;&#8212;&#8212;&#8212;&#8212;&#8212;&#8212;&#8212;&#8212;&#8212;&#8212;&#8212;&#8212;&#8212;&#8212;&#8212;&#8212;&#8212;&#8212;&#8212;&#8212;&#8212;&#8212;&#8212;&#8212;&#8211;<\/p>\n<p style=\"text-align: justify;\"><strong>PERIGOS DA MISTURA DE \u00c1LCOOL E <\/strong><strong>MEDICAMENTOS NO CARNAVAL<\/strong><\/p>\n<p style=\"text-align: justify;\">Com a aproxima\u00e7\u00e3o do carnaval, aumenta a ingest\u00e3o de bebidas alco\u00f3licas e, consequentemente, o risco de intera\u00e7\u00e3o entre \u00e1lcool e medicamentos.&nbsp;<\/p>\n<p style=\"text-align: justify;\">Segundo levantamento realizado pelo Instituto de Ci\u00eancia Tecnologia e Qualidade (ICTQ), em 2014, a automedica\u00e7\u00e3o \u00e9 praticada por 76,4% dos brasileiros. Considerando que o consumo de \u00e1lcool per capita no Brasil \u00e9 de 8,7 L, superior \u00e0 m\u00e9dia mundial de 6,2 L, de acordo pesquisa da Organiza\u00e7\u00e3o Mundial da Sa\u00fade (OMS) do mesmo ano, o consumo de medicamentos e bebidas alco\u00f3licas \u00e9 uma pr\u00e1tica comum no Brasil.<\/p>\n<p style=\"text-align: justify;\">Segundo a farmac\u00eautica Adriana Tupynamb\u00e1, diretora tesoureira do Conselho Regional de Farm\u00e1cia de Minas Gerais (CRF\/MG), qualquer tratamento medicamentoso \u00e9 prejudicado com a ingest\u00e3o de \u00e1lcool. \u201cMedicamento \u00e9 coisa s\u00e9ria. A bebida altera o metabolismo do corpo e pode alterar a elimina\u00e7\u00e3o da subst\u00e2ncia, deixando esse processo mais lento ou mais r\u00e1pido do que o previsto, atrapalhando de forma importante o efeito causado no organismo\u201d, explica.<\/p>\n<p style=\"text-align: justify;\">O caso mais comum de intera\u00e7\u00e3o perigosa entre \u00e1lcool e medicamentos \u00e9 o dos antibi\u00f3ticos, que t\u00eam efeito no organismo prejudicado quando ingeridos junto com bebidas alco\u00f3licas, sendo recomend\u00e1vel a interrup\u00e7\u00e3o total do uso de bebidas durante o tratamento medicamentoso.<\/p>\n<p style=\"text-align: justify;\">Outros medicamentos de uso comum pela popula\u00e7\u00e3o tamb\u00e9m sofrem altera\u00e7\u00f5es. \u201cNo caso dos analg\u00e9sicos e antit\u00e9rmicos, como Paracetamol e da Dipirona, e anti-inflamat\u00f3rios, o efeito diminui devido \u00e0 elimina\u00e7\u00e3o mais r\u00e1pida da subst\u00e2ncia, podendo acarretar at\u00e9 a sobrecarga do f\u00edgado\u201d, afirma Adriana.<\/p>\n<p style=\"text-align: justify;\">Adriana Tupynamb\u00e1 ressalta a import\u00e2ncia de sempre consultar o farmac\u00eautico em caso de d\u00favida sobre medicamentos. \u201cEle \u00e9 o profissional mais pr\u00f3ximo da popula\u00e7\u00e3o e especialista no assunto. Quando for comprar nas drogarias, converse com o profissional de Farm\u00e1cia e aproveite para esclarecer tudo o que precisa saber sobre o uso do f\u00e1rmaco, especialmente sobre a intera\u00e7\u00e3o com bebidas se for participar de alguma festa de Carnaval\u201d.<\/p>\n<p style=\"text-align: justify;\">&#8212;&#8212;&#8212;&#8212;&#8212;&#8212;&#8212;&#8212;&#8212;&#8212;&#8212;&#8212;&#8212;&#8212;&#8212;&#8212;&#8212;&#8212;&#8212;&#8212;&#8212;&#8212;&#8212;&#8212;&#8212;&#8212;&#8212;&#8212;&#8212;&#8212;&#8212;&#8212;&#8212;&#8212;&#8212;&#8212;&#8212;&#8212;&#8212;&#8212;&#8212;&#8212;&#8212;&#8212;&#8212;&#8212;&#8212;&#8212;&#8212;&#8212;&#8212;&#8212;&#8212;&#8212;&#8212;&#8212;&#8212;&#8212;&#8211;<\/p>\n<p style=\"text-align: justify;\"><strong>FUNRURAL E CONTRIBUI\u00c7\u00c3O SINDICAL<\/strong><\/p>\n<p style=\"text-align: justify;\">O presidente da FAEMG, Roberto Sim\u00f5es, enviou of\u00edcios aos deputados federais e senadores mineiros sobre dois temas de grande import\u00e2ncia para os produtores rurais: o Funrural e a reforma trabalhista; em especial no que se refere \u00e0 contribui\u00e7\u00e3o sindical.<\/p>\n<p style=\"text-align: justify;\">Sobre a aprova\u00e7\u00e3o da Lei 13.060\/18, que rege o Funrural, solicitou apoio para a derrubada dos vetos presidenciais a importantes dispositivos, como a redu\u00e7\u00e3o em 100% das multas e encargos; a redu\u00e7\u00e3o da al\u00edquota para a pessoa jur\u00eddica; o restabelecimento da isen\u00e7\u00e3o nas opera\u00e7\u00f5es entre produtores rurais; a possibilidade de pagamento com o preju\u00edzo fiscal.<\/p>\n<p style=\"text-align: justify;\">Sobre a reforma trabalhista, criticou a retirada abrupta da compulsoriedade do recolhimento da contribui\u00e7\u00e3o sindical, com manuten\u00e7\u00e3o da obrigatoriedade do repasse de percentual da arrecada\u00e7\u00e3o ao Minist\u00e9rio do Trabalho e Emprego \u2013 MTE e, consequentemente, \u00e0s centrais sindicais.<\/p>\n<p style=\"text-align: justify;\">No of\u00edcio, pediu o apoio dos parlamentares para corrigir essa injusti\u00e7a: \u201cPrecisamos da apresenta\u00e7\u00e3o de um projeto de lei que d\u00ea nova reda\u00e7\u00e3o ao inciso I do art. 589 da CLT e acabe de vez com o repasse ao MTE da nossa contribui\u00e7\u00e3o sindical patronal\u201d.<\/p>\n<p style=\"text-align: justify;\">&#8212;&#8212;&#8212;&#8212;&#8212;&#8212;&#8212;&#8212;&#8212;&#8212;&#8212;&#8212;&#8212;&#8212;&#8212;&#8212;&#8212;&#8212;&#8212;&#8212;&#8212;&#8212;&#8212;&#8212;&#8212;&#8212;&#8212;&#8212;&#8212;&#8212;&#8212;&#8212;&#8212;&#8212;&#8212;&#8212;&#8212;&#8212;&#8212;&#8212;&#8212;&#8212;&#8212;&#8212;&#8212;&#8212;&#8212;&#8212;&#8212;&#8212;&#8212;&#8212;&#8212;&#8212;&#8212;&#8212;&#8212;&#8212;&#8211;<\/p>\n<p style=\"text-align: justify;\"><strong>CENTRO DE CONVIV\u00caNCIA PARA IDOSOS RETOMA ATIVIDADES PARA 2018<\/strong><\/p>\n<p style=\"text-align: justify;\"><strong>&nbsp;<\/strong><strong><em>Institui\u00e7\u00e3o mantida pela Prefeitura oferece a\u00e7\u00f5es gratuitas para centenas de idosos<\/em><\/strong><\/p>\n<p style=\"text-align: justify;\">Ap\u00f3s o recesso de final de ano, as atividades do Centro de Conviv\u00eancia para Idosos (CCI) retornaram na tarde desta ter\u00e7a-feira (30). Mantida pela Prefeitura, a institui\u00e7\u00e3o oferece gratuitamente diversas a\u00e7\u00f5es e projetos para centenas de idosos muriaeenses, proporcionando lazer e qualidade de vida.<\/p>\n<p style=\"text-align: justify;\">Concei\u00e7\u00e3o Vieira, de 74 anos, moradora do bairro Santa Terezinha, diz estar feliz com o retorno das atividades do CCI, ressaltando o benef\u00edcio que o espa\u00e7o proporciona. \u201cDepois que comecei a frequentar o Centro do Idoso, deixei de tomar v\u00e1rios rem\u00e9dios, de tanto que esse lugar me faz bem. Hoje tomo bem menos rem\u00e9dios e estou me sentindo muito bem\u201d, conta Concei\u00e7\u00e3o, frequentadora do Centro h\u00e1 20 anos.<\/p>\n<p style=\"text-align: justify;\">Funcionando de segunda a sexta-feira, de 12h \u00e0s 17h, o Centro disponibiliza atendimento psicol\u00f3gico, assist\u00eancia social, oficina de pintura, atividade f\u00edsica e aulas de dan\u00e7a, capoeira e de alfabetiza\u00e7\u00e3o para os idosos que n\u00e3o tiveram oportunidade de frequentar a escola no tempo regular. Aos domingos, acontece o tradicional baile. Atualmente, possui cerca de 800 idosos cadastrados. Os interessados em frequentar o CCI devem ter mais de 60 anos e apresentar Carteira de Identidade, CPF, Cart\u00e3o do SUS e comprovante de resid\u00eancia.<\/p>\n<p style=\"text-align: justify;\"><strong>Centro proporciona mais sa\u00fade, lazer e qualidade de vida na terceira idade<\/strong><\/p>\n<p style=\"text-align: justify;\">O prefeito Grego frisa a import\u00e2ncia do Centro na promo\u00e7\u00e3o da qualidade de vida na chamada \u201cmelhor idade\u201d. \u201cComo o Centro de Conviv\u00eancia para Idosos \u00e9 um espa\u00e7o de bem-estar para as pessoas da terceira idade, estamos investindo neste servi\u00e7o, pois queremos que os idosos de Muria\u00e9 tenham mais lazer, sa\u00fade e qualidade de vida\u201d, afirma.<\/p>\n<p style=\"text-align: justify;\"><strong>Servi\u00e7o:<\/strong><\/p>\n<p style=\"text-align: justify;\">Centro de Conviv\u00eancia para Idosos:<\/p>\n<p style=\"text-align: justify;\">Local: Pra\u00e7a Jo\u00e3o Pinheiro, Centro<\/p>\n<p style=\"text-align: justify;\">Dias de funcionamento: de segunda a sexta-feira<\/p>\n<p style=\"text-align: justify;\">Hor\u00e1rio de funcionamento: de 12h \u00e0s 17h<\/p>\n<p style=\"text-align: justify;\">Telefone: 3729-1263<\/p>\n<p style=\"text-align: justify;\">Quem pode participar: idosos a partir de 60 anos<\/p>\n<p style=\"text-align: justify;\">Documentos para fazer o cadastro: Carteira de Identidade, CPF, Cart\u00e3o do SUS e comprovante de resid\u00eancia<\/p>\n<p style=\"text-align: justify;\">Os servi\u00e7os oferecidos s\u00e3o gratuitos<\/p>\n<p style=\"text-align: justify;\">&#8212;&#8212;&#8212;&#8212;&#8212;&#8212;&#8212;&#8212;&#8212;&#8212;&#8212;&#8212;&#8212;&#8212;&#8212;&#8212;&#8212;&#8212;&#8212;&#8212;&#8212;&#8212;&#8212;&#8212;&#8212;&#8212;&#8212;&#8212;&#8212;&#8212;&#8212;&#8212;&#8212;&#8212;&#8212;&#8212;&#8212;&#8212;&#8212;&#8212;&#8212;&#8212;&#8212;&#8212;&#8212;&#8212;&#8212;&#8212;&#8212;&#8212;&#8212;&#8212;&#8212;&#8212;&#8212;&#8212;&#8212;&#8212;&#8211;<\/p>\n<p style=\"text-align: justify;\"><strong>PR\u00c9-CARNAVAL <\/strong><strong>DE MURIA\u00c9<\/strong><strong>&nbsp;<\/strong><\/p>\n<p style=\"text-align: justify;\">O pr\u00e9-carnaval \u201cEsquenta, Muria\u00e9\u201d vai agitar a Pra\u00e7a Jo\u00e3o Pinheiro pelo segundo ano seguido. De 2 a 4 de fevereiro, a folia estar\u00e1 garantida com programa\u00e7\u00e3o que inclui desfiles das escolas de samba muriaeenses, shows e bailes para crian\u00e7as e idosos, promovendo cultura e lazer para os muriaeenses.<\/p>\n<p style=\"text-align: justify;\">A Folia come\u00e7a \u00e0s 17h da pr\u00f3xima sexta (2), com a banda Sociedade Musical Uni\u00e3o dos Artistas animando o Baile da Melhor Idade. Mais tarde, \u00e0s 21h, acontece a abertura oficial do evento, com desfiles das escolas Unidos do S\u00e3o Joaquim e Marambloco na sequ\u00eancia. O encerramento da primeira noite ficar\u00e1 por conta da banda Lance Legal.<\/p>\n<p style=\"text-align: justify;\">No s\u00e1bado (3), os desfiles come\u00e7am \u00e0s 21h30, com as escolas Canarinhos do Samba, Unidos do Santa Terezinha e Papagaio passando pela avenida ao longo da Pra\u00e7a Jo\u00e3o Pinheiro \u2013 vale destacar que a ilumina\u00e7\u00e3o no local ser\u00e1 refor\u00e7ada para melhorar a visibilidade das fantasias e alegorias. Logo depois, a banda Salamandra sobe ao palco para colocar o p\u00fablico para dan\u00e7ar.<\/p>\n<p style=\"text-align: justify;\"><strong>Programa\u00e7\u00e3o inclui atividades para p\u00fablico infantil<\/strong><\/p>\n<p style=\"text-align: justify;\">J\u00e1 no domingo (4), a folia ser\u00e1 destinada especialmente para as crian\u00e7as. \u00c0s 17h, a Liga Carnavalesca de Muria\u00e9 apresenta o desfile da Escola de Samba Mirim; j\u00e1 \u00e0s 18h, acontece o Bailinho Infantil, tamb\u00e9m com apresenta\u00e7\u00e3o da banda Uni\u00e3o dos Artistas e direito a concurso de fantasias. \u00c0s 20h, o grupo Art\u2019Samba e a cantora Carol Pereira comandam o encerramento da festa.<\/p>\n<p style=\"text-align: justify;\">O prefeito Grego comemora a realiza\u00e7\u00e3o da segunda edi\u00e7\u00e3o do \u201cEsquenta, Muria\u00e9\u201d e destaca a import\u00e2ncia que a festa tem para milhares de muriaeenses. \u201cO pr\u00e9-carnaval permite que as pessoas possam curtir a folia na cidade e, depois, aproveitar o feriado da forma que quiserem\u201d, afirma. \u201cO evento faz muito mais do que trazer divers\u00e3o para as pessoas. Ele movimenta as comunidades participantes, contribuindo para tirar crian\u00e7as e adolescentes do crime e das drogas, al\u00e9m de gerar ocupa\u00e7\u00e3o para muita gente que trabalha na elabora\u00e7\u00e3o das fantasias e no com\u00e9rcio local\u201d, completa.<\/p>\n<p style=\"text-align: justify;\"><strong>Blocos de rua tamb\u00e9m t\u00eam espa\u00e7o na folia<\/strong><\/p>\n<p style=\"text-align: justify;\">Cada vez mais frequentes em Muria\u00e9, os blocos de rua tamb\u00e9m ter\u00e3o import\u00e2ncia no pr\u00e9-carnaval. Ainda que n\u00e3o integrem a programa\u00e7\u00e3o oficial do evento, a Prefeitura abriu edital de chamamento p\u00fablico para as folias de rua promovidas por bares e associa\u00e7\u00f5es. Os blocos B.Binha, Mangua\u00e7a e Vira-Lata est\u00e3o entre os que v\u00e3o animar as ruas da cidade<\/p>\n<p style=\"text-align: justify;\"><strong>PR\u00c9-CARNAVAL \u201cESQUENTA, MURIA\u00c9\u201d<\/strong><\/p>\n<p style=\"text-align: justify;\"><strong>Realiza\u00e7\u00e3o:<\/strong> Prefeitura de Muria\u00e9, Fundarte, Liga Carnavalesca de Muria\u00e9<\/p>\n<p style=\"text-align: justify;\"><strong>Quando:<\/strong> de 2 a 4 de fevereiro<\/p>\n<p style=\"text-align: justify;\"><strong>Local:<\/strong> Pra\u00e7a Jo\u00e3o Pinheiro<\/p>\n<p style=\"text-align: justify;\"><strong>Evento gratuito<\/strong><\/p>\n<p style=\"text-align: justify;\">&#8212;&#8212;&#8212;&#8212;&#8212;&#8212;&#8212;&#8212;&#8212;&#8212;&#8212;&#8212;&#8212;&#8212;&#8212;&#8212;&#8212;&#8212;&#8212;&#8212;&#8212;&#8212;&#8212;&#8212;&#8212;&#8212;&#8212;&#8212;&#8212;&#8212;&#8212;&#8212;&#8212;&#8212;&#8212;&#8212;&#8212;&#8212;&#8212;&#8212;&#8212;&#8212;&#8212;&#8212;&#8212;&#8212;&#8212;&#8212;&#8212;&#8212;&#8212;&#8212;&#8212;&#8212;&#8212;&#8212;&#8212;&#8212;&nbsp;<\/p>\n<p style=\"text-align: justify;\"><strong>DIVULGADA RELA\u00c7\u00c3O DE ESTAGI\u00c1RIOS CONVOCADOS <\/strong><strong>PARA TRABALHO NA ASSIST\u00caNCIA SOCIAL<\/strong><strong>&nbsp;<\/strong><\/p>\n<p style=\"text-align: justify;\"><strong><em>Lista est\u00e1 dispon\u00edvel no site da Prefeitura; processo preencher\u00e1 vagas de est\u00e1gio em institui\u00e7\u00f5es que prestam servi\u00e7os sociais na cidade<\/em><\/strong><em>&nbsp;<\/em><\/p>\n<p style=\"text-align: justify;\">Est\u00e1 dispon\u00edvel para consulta no site da Prefeitura a rela\u00e7\u00e3o dos estagi\u00e1rios convocados para atuar em institui\u00e7\u00f5es que prestam servi\u00e7os da pol\u00edtica de assist\u00eancia social na cidade. O procedimento vai auxiliar o trabalho prestado aos muriaeenses nesse setor em 2018, al\u00e9m de proporcionar experi\u00eancia aos estudantes.<\/p>\n<p style=\"text-align: justify;\">A lista pode ser conferida no endere\u00e7o eletr\u00f4nico www.muriae.mg.gov.br, aba \u201cCidad\u00e3o\u201d, link \u201cEst\u00e1gios\u201d, op\u00e7\u00e3o \u201cSecretaria de Desenvolvimento Social\u201d. Foram convocados sete alunos de Sistemas de Informa\u00e7\u00e3o e An\u00e1lise e Desenvolvimento de Sistemas, seis de Educa\u00e7\u00e3o F\u00edsica e 30 para as \u00e1reas de Pedagogia, Psicologia e Servi\u00e7o Social \u2013 totalizando 43 estagi\u00e1rios. Eles come\u00e7ar\u00e3o a atuar no dia 16 de fevereiro, por\u00e9m, no dia anterior (15 deste m\u00eas), v\u00e3o passar por capacita\u00e7\u00e3o. \u201cParabenizo e desejo boas-vindas a todos. O refor\u00e7o desses estagi\u00e1rios \u00e9 importante para auxiliar o servi\u00e7o prestado aos muriaeenses na assist\u00eancia social, al\u00e9m de ser uma oportunidade de aprendizagem para os estudantes\u201d, diz o prefeito Grego.<\/p>\n<p style=\"text-align: justify;\"><strong>Servi\u00e7o:<\/strong><\/p>\n<p style=\"text-align: justify;\">Resultado processo seletivo de estagi\u00e1rios para assist\u00eancia social:<\/p>\n<p style=\"text-align: justify;\">Endere\u00e7o eletr\u00f4nico para consulta: www.muriae.mg.gov.br, aba \u201cCidad\u00e3o\u201d, link \u201cEst\u00e1gios\u201d, op\u00e7\u00e3o \u201cSecretaria de Desenvolvimento Social\u201d<\/p>\n<p style=\"text-align: justify;\">In\u00edcio da atua\u00e7\u00e3o: 16 de fevereiro<\/p>\n<p style=\"text-align: justify;\">&#8212;&#8212;&#8212;&#8212;&#8212;&#8212;&#8212;&#8212;&#8212;&#8212;&#8212;&#8212;&#8212;&#8212;&#8212;&#8212;&#8212;&#8212;&#8212;&#8212;&#8212;&#8212;&#8212;&#8212;&#8212;&#8212;&#8212;&#8212;&#8212;&#8212;&#8212;&#8212;&#8212;&#8212;&#8212;&#8212;&#8212;&#8212;&#8212;&#8212;&#8212;&#8212;&#8212;&#8212;&#8212;&#8212;&#8212;&#8212;&#8212;&#8212;&#8212;&#8212;&#8212;&#8212;&#8212;&#8212;&#8212;&#8212;&#8211;<\/p>\n<p style=\"text-align: justify;\"><strong>MINAS GERAIS ADOTA CNH DIGITAL<\/strong><strong>&nbsp;<\/strong><\/p>\n<p style=\"text-align: justify;\">Minas Gerais \u00e9 um dos primeiros estados brasileiros a adotar a Carteira Nacional de Habilita\u00e7\u00e3o Digital (CNH-e), que tem a mesma validade do documento impresso e poder\u00e1 ser apresentada no lugar da CNH em papel.<\/p>\n<p style=\"text-align: justify;\">Os motoristas mineiros j\u00e1 podem solicitar carteira digital gratuitamente, junto ao Departamento Nacional de Tr\u00e2nsito (Denatran), a partir de 1\u00ba de fevereiro. O documento ser\u00e1 acessado por meio de um aplicativo para celular e ser\u00e1 aceito em todo territ\u00f3rio nacional.<\/p>\n<p style=\"text-align: justify;\">Podem fazer a CHN-e todo condutor que tiver tirado ou renovado a carteira a partir de 2 de maio de 2017, quando as mesmas passaram a possuir o QR Code (Quick Response Code &#8211; c\u00f3digo de barras quadrado, que pode ser lido por meio de um aplicativo). Os motoristas que j\u00e1 possuem o novo modelo de CNH 2017 e est\u00e3o com os dados atualizados no Detran, como e-mail e telefone celular, j\u00e1 podem solicitar o documentos eletr\u00f4nico no site do Detran.<\/p>\n<p style=\"text-align: justify;\">&#8212;&#8212;&#8212;&#8212;&#8212;&#8212;&#8212;&#8212;&#8212;&#8212;&#8212;&#8212;&#8212;&#8212;&#8212;&#8212;&#8212;&#8212;&#8212;&#8212;&#8212;&#8212;&#8212;&#8212;&#8212;&#8212;&#8212;&#8212;&#8212;&#8212;&#8212;&#8212;&#8212;&#8212;&#8212;&#8212;&#8212;&#8212;&#8212;&#8212;&#8212;&#8212;&#8212;&#8212;&#8212;&#8212;&#8212;&#8212;&#8212;&#8212;&#8212;&#8212;&#8212;&#8212;&#8212;&#8212;&#8212;&#8212;&#8211;<\/p>\n<p style=\"text-align: justify;\"><strong>EXAMES D\u00c3O RESULTADO NEGATIVO PARA FEBRE AMARELA EM MURIA\u00c9<\/strong><strong>&nbsp;<\/strong><\/p>\n<p style=\"text-align: justify;\"><strong><em>An\u00e1lise feita por laborat\u00f3rio de BH descarta doen\u00e7a como causa de interna\u00e7\u00e3o de pacientes que deram entrada no HSP; Prefeitura segue oferecendo vacina nos postos de sa\u00fade<\/em><\/strong><em>&nbsp;<\/em><\/p>\n<p style=\"text-align: justify;\">A febre amarela foi descartada como causa da interna\u00e7\u00e3o de dois pacientes que deram entrada no Hospital S\u00e3o Paulo nos \u00faltimos dias. A informa\u00e7\u00e3o vem da Funda\u00e7\u00e3o Ezequiel Dias, laborat\u00f3rio de Belo Horizonte respons\u00e1vel pela an\u00e1lise do sangue coletado na semana passada, confirmando que os exames de ambos deram negativo para a doen\u00e7a.<\/p>\n<p style=\"text-align: justify;\">O resultado reitera a informa\u00e7\u00e3o emitida na \u00faltima quinta-feira (25), pelo m\u00e9dico Daniel Licy, a respeito da morte da senhora de 79 anos que era uma das pessoas internadas sob suspeita de febre amarela. Na ocasi\u00e3o, o infectologista relatou que a paciente veio a \u00f3bito em consequ\u00eancia de uma icter\u00edcia obstrutiva &#8211; ou seja, de obstru\u00e7\u00e3o das vias de passagem da bile, o fluido que \u00e9 produzido pelo f\u00edgado e armazenado na ves\u00edcula. O problema tamb\u00e9m provoca amarelamento da pele, mas n\u00e3o tem, necessariamente, rela\u00e7\u00e3o com a doen\u00e7a causada pelos mosquitos Haemagogus e Aedes aegypti.<\/p>\n<p style=\"text-align: justify;\">Prefeitura oferece vacina contra febre amarela nas unidades de sa\u00fade da cidade<\/p>\n<p style=\"text-align: justify;\">Enquanto isso, a Prefeitura continua realizando a campanha de vacina\u00e7\u00e3o contra a febre amarela &#8211; vale lembrar que, de acordo com recomenda\u00e7\u00e3o do Minist\u00e9rio da Sa\u00fade, uma dose da vacina \u00e9 suficiente para oferecer prote\u00e7\u00e3o por toda a vida. A imuniza\u00e7\u00e3o est\u00e1 dispon\u00edvel em todos os postos de sa\u00fade da cidade e vem sendo aplicada de acordo com escala criada pela Secretaria Municipal de Sa\u00fade, para melhor aproveitamento do prazo de validade dos frascos. &#8220;Estamos trabalhando, sempre atentos e empenhados para proteger os muriaeenses contra a doen\u00e7a&#8221;, afirma o prefeito Grego.<\/p>\n<p style=\"text-align: justify;\">Confira a escala de vacina\u00e7\u00e3o nas unidades de sa\u00fade de Muria\u00e9:<\/p>\n<p style=\"text-align: justify;\">Segundas-feiras: Planalto, Dornelas, Porto, Joan\u00f3polis e Gaspar<\/p>\n<p style=\"text-align: justify;\">Ter\u00e7as-feiras: PSF Safira, Barra I e Inconfid\u00eancia<\/p>\n<p style=\"text-align: justify;\">Quartas-feiras: S\u00e3o Gotardo, Cl\u00f3vis de Aquino, S\u00e3o Francisco, Santa Terezinha, S\u00e3o Crist\u00f3v\u00e3o, Jos\u00e9 Cirilo, Cardoso de Melo, Santana, Barra II e Vermelho<\/p>\n<p style=\"text-align: justify;\">Quintas-feiras: Centro, Marambaia, S\u00e3o Pedro, Itamuri, Belis\u00e1rio, Boa Fam\u00edlia, Policl\u00ednica Safira e Aeroporto<\/p>\n<p style=\"text-align: justify;\">Sextas-feiras: Santo Ant\u00f4nio, Bom Jesus da Cachoeira e Primavera<\/p>\n<p style=\"text-align: justify;\">* Para receber a dose \u00e9 necess\u00e1rio levar cart\u00e3o de vacina; se n\u00e3o tiver o cart\u00e3o, levar documento de identifica\u00e7\u00e3o pessoal.<\/p>\n<p style=\"text-align: justify;\">* As unidades de sa\u00fade e o Centro Municipal de Imuniza\u00e7\u00e3o funcionam de segunda a sexta-feira, de 7h \u00e0s 17h (sem intervalo para almo\u00e7o).<\/p>\n<p style=\"text-align: justify;\">&nbsp;<\/p>\n<p style=\"text-align: justify;\">&nbsp;<\/p>\n<p>&nbsp;<\/p>\n","protected":false},"excerpt":{"rendered":"<p>LIVRO CELEBRA A VIDA EM POESIA E ESTIMULA O RESPEITO \u00c0S DIFEREN\u00c7AS &nbsp;Crian\u00e7a com a rar\u00edssima S\u00edndrome Corn\u00e9lia D&#8217;Lange conversa com outras crian\u00e7as e revela o seu modo de ver o mundo &nbsp;Como falar \u00e0s crian\u00e7as e adolescentes sobre respeito \u00e0s diferen\u00e7as? E se essas diferen\u00e7as forem algo de certa forma muito dif\u00edcil de explicar? [&hellip;]<\/p>\n","protected":false},"author":2,"featured_media":48056,"comment_status":"open","ping_status":"closed","sticky":false,"template":"","format":"standard","meta":{"_joinchat":[],"footnotes":""},"categories":[1],"tags":[],"class_list":["post-48055","post","type-post","status-publish","format-standard","has-post-thumbnail","hentry","category-sem-categoria"],"_links":{"self":[{"href":"http:\/\/folhadosudeste.com\/site\/index.php?rest_route=\/wp\/v2\/posts\/48055","targetHints":{"allow":["GET"]}}],"collection":[{"href":"http:\/\/folhadosudeste.com\/site\/index.php?rest_route=\/wp\/v2\/posts"}],"about":[{"href":"http:\/\/folhadosudeste.com\/site\/index.php?rest_route=\/wp\/v2\/types\/post"}],"author":[{"embeddable":true,"href":"http:\/\/folhadosudeste.com\/site\/index.php?rest_route=\/wp\/v2\/users\/2"}],"replies":[{"embeddable":true,"href":"http:\/\/folhadosudeste.com\/site\/index.php?rest_route=%2Fwp%2Fv2%2Fcomments&post=48055"}],"version-history":[{"count":1,"href":"http:\/\/folhadosudeste.com\/site\/index.php?rest_route=\/wp\/v2\/posts\/48055\/revisions"}],"predecessor-version":[{"id":48057,"href":"http:\/\/folhadosudeste.com\/site\/index.php?rest_route=\/wp\/v2\/posts\/48055\/revisions\/48057"}],"wp:featuredmedia":[{"embeddable":true,"href":"http:\/\/folhadosudeste.com\/site\/index.php?rest_route=\/wp\/v2\/media\/48056"}],"wp:attachment":[{"href":"http:\/\/folhadosudeste.com\/site\/index.php?rest_route=%2Fwp%2Fv2%2Fmedia&parent=48055"}],"wp:term":[{"taxonomy":"category","embeddable":true,"href":"http:\/\/folhadosudeste.com\/site\/index.php?rest_route=%2Fwp%2Fv2%2Fcategories&post=48055"},{"taxonomy":"post_tag","embeddable":true,"href":"http:\/\/folhadosudeste.com\/site\/index.php?rest_route=%2Fwp%2Fv2%2Ftags&post=48055"}],"curies":[{"name":"wp","href":"https:\/\/api.w.org\/{rel}","templated":true}]}}