{"id":48064,"date":"2018-02-02T13:29:14","date_gmt":"2018-02-02T13:29:14","guid":{"rendered":"http:\/\/folhadosudeste.com\/site\/?p=48064"},"modified":"2018-02-02T13:29:14","modified_gmt":"2018-02-02T13:29:14","slug":"volta-as-aulas-busca-por-materiais-escolares-ja-movimenta-o-comercio","status":"publish","type":"post","link":"http:\/\/folhadosudeste.com\/site\/?p=48064","title":{"rendered":"VOLTA \u00c0S AULAS: BUSCA POR MATERIAIS ESCOLARES J\u00c1 MOVIMENTA O COM\u00c9RCIO"},"content":{"rendered":"<p style=\"text-align: justify;\"><a href=\"http:\/\/folhadosudeste.com\/site\/wp-content\/uploads\/2018\/02\/VOLTA-AS-AULAS.jpg\"><img loading=\"lazy\" decoding=\"async\" class=\"aligncenter size-full wp-image-48065\" src=\"http:\/\/folhadosudeste.com\/site\/wp-content\/uploads\/2018\/02\/VOLTA-AS-AULAS.jpg\" alt=\"\" width=\"620\" height=\"315\" srcset=\"http:\/\/folhadosudeste.com\/site\/wp-content\/uploads\/2018\/02\/VOLTA-AS-AULAS.jpg 620w, http:\/\/folhadosudeste.com\/site\/wp-content\/uploads\/2018\/02\/VOLTA-AS-AULAS-300x152.jpg 300w\" sizes=\"auto, (max-width: 620px) 100vw, 620px\" \/><\/a><\/p>\n<p style=\"text-align: justify;\">Faltam poucos dias para o in\u00edcio do ano letivo nas escolas municipais e estaduais, sendo que as escolas particulares iniciaram nessa quinta-feira dia 1\u00b0. Com isso, as papelarias da cidade j\u00e1 registram movimento na compra dos materiais escolares.<\/p>\n<p style=\"text-align: justify;\">Para evitar o tumulto de \u00faltima hora, muitos pais optaram por comprar os materiais logo nas primeiras semanas de janeiro.<\/p>\n<p style=\"text-align: justify;\">As vendas deste ano, de modo geral, est\u00e3o melhores em compara\u00e7\u00e3o ao ano passado. As pessoas est\u00e3o mais confiantes, j\u00e1 que 2017 foi um ano cr\u00edtico, at\u00edpico de todos os anos e este j\u00e1 est\u00e1 bem melhor.<\/p>\n<p style=\"text-align: justify;\">A variedade do material \u00e9 outro ponto que se destaca. Com o lan\u00e7amento de filmes, s\u00e9ries e desenhos animados, s\u00e3o estes personagens que fazem a cabe\u00e7a das crian\u00e7as e adolescentes.<\/p>\n<p style=\"text-align: justify;\">Eles ganham as capas dos cadernos, agendas e estampam as mochilas. E nas papelarias, todas as novas cole\u00e7\u00f5es podem ser encontradas \u2013 toda a linha de mercado que est\u00e1 em novidade nas grandes lojas.<\/p>\n<p style=\"text-align: justify;\">Segundo Carlos Francisco Levate, propriet\u00e1rio da Karlos Papelaria, as vendas est\u00e3o muito boas e essa \u00e9 uma \u00e9poca em que os empres\u00e1rios do ramo de papelaria concentram mais na venda de material escolar, bem como brinquedos. <em>\u201cO in\u00edcio do ano letivo acontecer\u00e1, em algumas escolas, no dia 1\u00ba, outras dia 5 e outras dia 19; ent\u00e3o vamos dar tempo aos clientes. Temos muito espa\u00e7o, todos sendo atendidos e n\u00f3s trabalhando tranquilos. Temos muito estoque, novidades em todos os setores e trabalhamos com uma variedade muito grande, facilidade de pagamento, desconto de 5% nos cart\u00f5es e 10% no dinheiro. Uma grande variedade nossa s\u00e3o mochilas e estojos. Quem ainda n\u00e3o fez suas compras, pode vir que estamos prontos para atender. Nossa loja vai fazer 34 anos. S\u00f3 quero agradecer aos clientes, funcion\u00e1rios e fornecedores. Procuramos sempre aperfei\u00e7oar mais\u201d,<\/em> diz.<\/p>\n<p style=\"text-align: justify;\">Ant\u00f4nio Monteira da Trindade, propriet\u00e1rio da Monteiro Papelaria, explica que a empresa est\u00e1 preparada para a volta \u00e0s aulas, atendendo todas as s\u00e9ries. <em>\u201cProcuramos aquilo que o mercado pede, com grande estoque. Sobre as novidades que surgem no mercado, procuramos adquirir o que h\u00e1 de melhor; mochilas famosas, que geralmente as pessoas est\u00e3o em busca, e n\u00e3o deixamos de prestar bom atendimento, pre\u00e7o acess\u00edvel, descontos, cart\u00f5es, tudo bem tranquilo para fazer uma excelente volta \u00e0s aulas. Tivemos algumas escolas j\u00e1 iniciando suas atividades. Outras ser\u00e3o depois do carnaval e, nesse espa\u00e7o de tempo, com condi\u00e7\u00f5es legais, satisfazendo nossos clientes\u201d, <\/em>completa.<\/p>\n<p>[ngg_images source=&#8221;galleries&#8221; container_ids=&#8221;1245&#8243; display_type=&#8221;photocrati-nextgen_basic_thumbnails&#8221; override_thumbnail_settings=&#8221;0&#8243; thumbnail_width=&#8221;100&#8243; thumbnail_height=&#8221;75&#8243; thumbnail_crop=&#8221;1&#8243; images_per_page=&#8221;0&#8243; number_of_columns=&#8221;0&#8243; ajax_pagination=&#8221;0&#8243; show_all_in_lightbox=&#8221;0&#8243; use_imagebrowser_effect=&#8221;0&#8243; show_slideshow_link=&#8221;1&#8243; slideshow_link_text=&#8221;[Show as slideshow]&#8221; order_by=&#8221;sortorder&#8221; order_direction=&#8221;ASC&#8221; returns=&#8221;included&#8221; maximum_entity_count=&#8221;500&#8243;]<\/p>\n<p>&nbsp;<\/p>\n","protected":false},"excerpt":{"rendered":"<p>Faltam poucos dias para o in\u00edcio do ano letivo nas escolas municipais e estaduais, sendo que as escolas particulares iniciaram nessa quinta-feira dia 1\u00b0. Com isso, as papelarias da cidade j\u00e1 registram movimento na compra dos materiais escolares. Para evitar o tumulto de \u00faltima hora, muitos pais optaram por comprar os materiais logo nas primeiras [&hellip;]<\/p>\n","protected":false},"author":2,"featured_media":48065,"comment_status":"open","ping_status":"closed","sticky":false,"template":"","format":"standard","meta":{"_joinchat":[],"footnotes":""},"categories":[1],"tags":[],"class_list":["post-48064","post","type-post","status-publish","format-standard","has-post-thumbnail","hentry","category-sem-categoria"],"_links":{"self":[{"href":"http:\/\/folhadosudeste.com\/site\/index.php?rest_route=\/wp\/v2\/posts\/48064","targetHints":{"allow":["GET"]}}],"collection":[{"href":"http:\/\/folhadosudeste.com\/site\/index.php?rest_route=\/wp\/v2\/posts"}],"about":[{"href":"http:\/\/folhadosudeste.com\/site\/index.php?rest_route=\/wp\/v2\/types\/post"}],"author":[{"embeddable":true,"href":"http:\/\/folhadosudeste.com\/site\/index.php?rest_route=\/wp\/v2\/users\/2"}],"replies":[{"embeddable":true,"href":"http:\/\/folhadosudeste.com\/site\/index.php?rest_route=%2Fwp%2Fv2%2Fcomments&post=48064"}],"version-history":[{"count":1,"href":"http:\/\/folhadosudeste.com\/site\/index.php?rest_route=\/wp\/v2\/posts\/48064\/revisions"}],"predecessor-version":[{"id":48078,"href":"http:\/\/folhadosudeste.com\/site\/index.php?rest_route=\/wp\/v2\/posts\/48064\/revisions\/48078"}],"wp:featuredmedia":[{"embeddable":true,"href":"http:\/\/folhadosudeste.com\/site\/index.php?rest_route=\/wp\/v2\/media\/48065"}],"wp:attachment":[{"href":"http:\/\/folhadosudeste.com\/site\/index.php?rest_route=%2Fwp%2Fv2%2Fmedia&parent=48064"}],"wp:term":[{"taxonomy":"category","embeddable":true,"href":"http:\/\/folhadosudeste.com\/site\/index.php?rest_route=%2Fwp%2Fv2%2Fcategories&post=48064"},{"taxonomy":"post_tag","embeddable":true,"href":"http:\/\/folhadosudeste.com\/site\/index.php?rest_route=%2Fwp%2Fv2%2Ftags&post=48064"}],"curies":[{"name":"wp","href":"https:\/\/api.w.org\/{rel}","templated":true}]}}