{"id":4807,"date":"2014-08-25T21:31:38","date_gmt":"2014-08-25T21:31:38","guid":{"rendered":"http:\/\/folhadosudeste.com\/site\/?p=4807"},"modified":"2014-08-25T21:31:38","modified_gmt":"2014-08-25T21:31:38","slug":"profissionais-da-saude-passam-por-treinamento-para-identificar-sinais-da-hanseniase","status":"publish","type":"post","link":"http:\/\/folhadosudeste.com\/site\/?p=4807","title":{"rendered":"Profissionais da sa\u00fade passam por treinamento para identificar sinais da Hansen\u00edase"},"content":{"rendered":"<h2 style=\"text-align: justify;\"><a href=\"http:\/\/folhadosudeste.com\/site\/wp-content\/uploads\/2014\/08\/PALESTRA-Hanseniase-1.jpg\"><img loading=\"lazy\" decoding=\"async\" class=\"aligncenter size-full wp-image-4808\" alt=\"PALESTRA Hanseniase 1\" src=\"http:\/\/folhadosudeste.com\/site\/wp-content\/uploads\/2014\/08\/PALESTRA-Hanseniase-1.jpg\" width=\"600\" height=\"450\" srcset=\"http:\/\/folhadosudeste.com\/site\/wp-content\/uploads\/2014\/08\/PALESTRA-Hanseniase-1.jpg 600w, http:\/\/folhadosudeste.com\/site\/wp-content\/uploads\/2014\/08\/PALESTRA-Hanseniase-1-300x225.jpg 300w\" sizes=\"auto, (max-width: 600px) 100vw, 600px\" \/><\/a> <a href=\"http:\/\/folhadosudeste.com\/site\/wp-content\/uploads\/2014\/08\/PALESTRA-Hanseniase.jpg\"><img loading=\"lazy\" decoding=\"async\" class=\"aligncenter size-full wp-image-4809\" alt=\"PALESTRA Hanseniase\" src=\"http:\/\/folhadosudeste.com\/site\/wp-content\/uploads\/2014\/08\/PALESTRA-Hanseniase.jpg\" width=\"600\" height=\"450\" srcset=\"http:\/\/folhadosudeste.com\/site\/wp-content\/uploads\/2014\/08\/PALESTRA-Hanseniase.jpg 600w, http:\/\/folhadosudeste.com\/site\/wp-content\/uploads\/2014\/08\/PALESTRA-Hanseniase-300x225.jpg 300w\" sizes=\"auto, (max-width: 600px) 100vw, 600px\" \/><\/a><\/h2>\n<h2 style=\"text-align: justify;\"><strong>Profissionais da sa\u00fade passam por treinamento para identificar sinais da Hansen\u00edase<\/strong><\/h2>\n<p style=\"text-align: justify;\">Para que Muria\u00e9 continue acompanhando a m\u00e9dia nacional e n\u00e3o pare de reduzir a taxa de ocorr\u00eancia da Hanseniase, a Secretaria Municipal de Sa\u00fade realizou na \u00faltima semana, um evento voltado para os profissionais da sa\u00fade p\u00fablica municipal.<\/p>\n<p style=\"text-align: justify;\">A palestra ministrada pela dermatologista, Cristiane Dornelas, marca o in\u00edcio de um trabalho proposto pela Secretaria, com o objetivo de orientar os profissionais da \u00e1rea a identificar os sinais e sintomas da doen\u00e7a, visando o diagn\u00f3stico precoce e, por consequ\u00eancia, um tratamento mais eficaz com menor possibilidade de sequelas.<\/p>\n<p style=\"text-align: justify;\">Segundo a dermatologista, a popula\u00e7\u00e3o consegue identificar alguns sintomas da doen\u00e7a, como as manchas, que podem ser de v\u00e1rias cores, al\u00e9m da altera\u00e7\u00e3o de sensibilidade nesse local e, inclusive, cita que se o pelo da regi\u00e3o da mancha caiu, ou a pessoa parou de suar na regi\u00e3o, tamb\u00e9m podem ser sintomas de hansen\u00edase e deve-se procurar o posto de sa\u00fade mais pr\u00f3ximo para diagn\u00f3stico apropriado e acompanhamento, frisou.<\/p>\n<p style=\"text-align: justify;\">Cristiane Dornelas explica tamb\u00e9m que \u201ca doen\u00e7a s\u00f3 \u00e9 contagiosa para quem tem contato direto e frequente com o paciente\u201d. De acordo com a dermatologista, a transmiss\u00e3o acontece devido ao contato prolongado, numa frequ\u00eancia entre 2 a 5 anos com quem tem a doen\u00e7a e, por isso, quando se faz o diagn\u00f3stico \u00e9 comum fazer o exame em outros membros da fam\u00edlia, al\u00e9m de aplicar a vacina para preven\u00e7\u00e3o da doen\u00e7a.<\/p>\n<p style=\"text-align: justify;\">A Secret\u00e1ria Adjunta, Grasiele Esp\u00f3sito, lembra que as pessoas devem procurar assist\u00eancia m\u00e9dica o mais r\u00e1pido poss\u00edvel, para evitar o cont\u00e1gio. O atendimento sempre \u00e9 mantido em sigilo.<\/p>\n<p style=\"text-align: justify;\">A hansen\u00edase \u00e9 uma doen\u00e7a causada por um bacilo que \u00e9 atra\u00eddo, principalmente, pela pele e pelo sistema nervoso do ser humano. \u00c9 caracterizada pelo aparecimento de uma ou mais manchas na pele do portador da doen\u00e7a, al\u00e9m da perda de sensibilidade no local. O tratamento \u00e9 gratuito e dura de 6 \u00e0 12 meses, dependendo do est\u00e1gio da doen\u00e7a quando diagnosticada.<\/p>\n<p style=\"text-align: justify;\">De acordo dados do Governo Federal, a taxa de preval\u00eancia de hansen\u00edase caiu 65% nos \u00faltimos 10 anos. A queda \u00e9 resultado das a\u00e7\u00f5es de combate \u00e0 doen\u00e7a, intensificadas em todo o pa\u00eds.<\/p>\n<p style=\"text-align: justify;\">Em Muria\u00e9 o procedimento \u00e9 realizado no Centro Epidemiol\u00f3gico que fica localizado na Rua Vereador Paulo Messias Soares, 65, no Bairro Santo Ant\u00f4nio na sede da Secretaria Municipal de Sa\u00fade.<\/p>\n","protected":false},"excerpt":{"rendered":"<p>Profissionais da sa\u00fade passam por treinamento para identificar sinais da Hansen\u00edase Para que Muria\u00e9 continue acompanhando a m\u00e9dia nacional e n\u00e3o pare de reduzir a taxa de ocorr\u00eancia da Hanseniase, a Secretaria Municipal de Sa\u00fade realizou na \u00faltima semana, um evento voltado para os profissionais da sa\u00fade p\u00fablica municipal. A palestra ministrada pela dermatologista, Cristiane [&hellip;]<\/p>\n","protected":false},"author":4,"featured_media":4809,"comment_status":"open","ping_status":"closed","sticky":false,"template":"","format":"standard","meta":{"_joinchat":[],"footnotes":""},"categories":[1],"tags":[],"class_list":["post-4807","post","type-post","status-publish","format-standard","has-post-thumbnail","hentry","category-sem-categoria"],"_links":{"self":[{"href":"http:\/\/folhadosudeste.com\/site\/index.php?rest_route=\/wp\/v2\/posts\/4807","targetHints":{"allow":["GET"]}}],"collection":[{"href":"http:\/\/folhadosudeste.com\/site\/index.php?rest_route=\/wp\/v2\/posts"}],"about":[{"href":"http:\/\/folhadosudeste.com\/site\/index.php?rest_route=\/wp\/v2\/types\/post"}],"author":[{"embeddable":true,"href":"http:\/\/folhadosudeste.com\/site\/index.php?rest_route=\/wp\/v2\/users\/4"}],"replies":[{"embeddable":true,"href":"http:\/\/folhadosudeste.com\/site\/index.php?rest_route=%2Fwp%2Fv2%2Fcomments&post=4807"}],"version-history":[{"count":1,"href":"http:\/\/folhadosudeste.com\/site\/index.php?rest_route=\/wp\/v2\/posts\/4807\/revisions"}],"predecessor-version":[{"id":4810,"href":"http:\/\/folhadosudeste.com\/site\/index.php?rest_route=\/wp\/v2\/posts\/4807\/revisions\/4810"}],"wp:featuredmedia":[{"embeddable":true,"href":"http:\/\/folhadosudeste.com\/site\/index.php?rest_route=\/wp\/v2\/media\/4809"}],"wp:attachment":[{"href":"http:\/\/folhadosudeste.com\/site\/index.php?rest_route=%2Fwp%2Fv2%2Fmedia&parent=4807"}],"wp:term":[{"taxonomy":"category","embeddable":true,"href":"http:\/\/folhadosudeste.com\/site\/index.php?rest_route=%2Fwp%2Fv2%2Fcategories&post=4807"},{"taxonomy":"post_tag","embeddable":true,"href":"http:\/\/folhadosudeste.com\/site\/index.php?rest_route=%2Fwp%2Fv2%2Ftags&post=4807"}],"curies":[{"name":"wp","href":"https:\/\/api.w.org\/{rel}","templated":true}]}}