{"id":48082,"date":"2018-02-02T13:41:31","date_gmt":"2018-02-02T13:41:31","guid":{"rendered":"http:\/\/folhadosudeste.com\/site\/?p=48082"},"modified":"2018-02-02T13:41:31","modified_gmt":"2018-02-02T13:41:31","slug":"5a-festa-do-carro-de-boi-e-cavalgada-de-mirai","status":"publish","type":"post","link":"http:\/\/folhadosudeste.com\/site\/?p=48082","title":{"rendered":"5\u00aa FESTA DO CARRO DE BOI E CAVALGADA DE MIRA\u00cd"},"content":{"rendered":"<p style=\"text-align: justify;\"><a href=\"http:\/\/folhadosudeste.com\/site\/wp-content\/uploads\/2018\/02\/MIRAI.jpg\"><img loading=\"lazy\" decoding=\"async\" class=\"aligncenter size-full wp-image-48083\" src=\"http:\/\/folhadosudeste.com\/site\/wp-content\/uploads\/2018\/02\/MIRAI.jpg\" alt=\"\" width=\"620\" height=\"288\" srcset=\"http:\/\/folhadosudeste.com\/site\/wp-content\/uploads\/2018\/02\/MIRAI.jpg 620w, http:\/\/folhadosudeste.com\/site\/wp-content\/uploads\/2018\/02\/MIRAI-300x139.jpg 300w, http:\/\/folhadosudeste.com\/site\/wp-content\/uploads\/2018\/02\/MIRAI-272x125.jpg 272w\" sizes=\"auto, (max-width: 620px) 100vw, 620px\" \/><\/a><\/p>\n<p style=\"text-align: justify;\">O munic\u00edpio de Mira\u00ed recebeu, no dia 21\/01 a 5\u00aa Festa do Carro de Boi e Cavalgada, festa que j\u00e1 vem se popularizando na regi\u00e3o e se tornando tradicional no calend\u00e1rio de festividades. O evento foi realizado um dia depois da data original em que se comemora o Dia de S\u00e3o Sebasti\u00e3o \u2013 padroeiro da igreja matriz da cidade, que recebeu os fundos arrecadados \u2013, pois j\u00e1 haviam outras festas nas proximidades, como no munic\u00edpio de S\u00e3o Sebasti\u00e3o da Vargem Alegre (SSVA), por exemplo, o qual recebe o nome do santo.<\/p>\n<p style=\"text-align: justify;\">Al\u00e9m da cavalgada e do passeio, a festa contou com a Santa Missa, leil\u00e3o de bezerros e assados, Almo\u00e7o de Confraterniza\u00e7\u00e3o e a Domingueira com Jo\u00e3o Paulo &amp; Pedro In\u00e1cio, animando o grande p\u00fablico presente, entre espectadores, carreiros, amazonas e cavaleiros. Segundo Jos\u00e9 Augusto Rezende Cumani (Guto Cumani), vice-prefeito de Mira\u00ed, a cavalgada e o passeio iniciaram na Fazenda Monte Verde, finalizando no Parque de Exposi\u00e7\u00f5es de Mira\u00ed, sendo as premia\u00e7\u00f5es entregues logo em seguida, para os carreiros participantes, os quais receberam uma lembran\u00e7a. <em>\u201c\u00c9 importante fazer uma renda para nossa Matriz. O evento \u00e9 patrocinado pela Prefeitura, com\u00e9rcio local, Sindicato Rural e Clube do Cavalo. Outro importante objetivo \u00e9 resgatar a cultura e proporcionar um evento com ambiente familiar. Os Carros de Bois s\u00e3o algo que est\u00e1 em extin\u00e7\u00e3o. As crian\u00e7as muitas vezes n\u00e3o conhecem, felizmente eu tive o privil\u00e9gio de crescer conhecendo\u201d,<\/em> afirma.<\/p>\n<p style=\"text-align: justify;\">Paulo Jorge Pires Vargas, coordenador da festa, destaca que participaram 12 carros de bois, com animais de todos os tamanhos. <em>\u201cAnteriormente eram charretes, carro\u00e7as, at\u00e9 tratores e agora carros de bois. A renda \u00e9 toda em prol da igreja. Desejamos que essa festa continue sendo feita todo ano, com o mesmo sucesso de sempre\u201d,<\/em> afirma.<\/p>\n<p style=\"text-align: justify;\">Adaelson de Almeida Magalh\u00e3es, empres\u00e1rio do Rio de Janeiro, natural de Mira\u00ed, participou pela segunda vez do evento. <em>\u201c\u00c9 muito interessante porque valoriza a cultura local e a hist\u00f3ria. Atrai pessoas de outras cidades, estimulando o turismo e a economia do munic\u00edpio, por isso tem que investir\u201d,<\/em> acrescenta.<\/p>\n<p style=\"text-align: justify;\">Marcos Paulo Albu\u00edne, secret\u00e1rio municipal de Cultura de Mira\u00ed, destaca que \u00e9 um prazer participar e que a secretaria tem dado apoio aos grandes, mas tamb\u00e9m aos pequenos eventos. <em>\u201cBuscamos valorizar a tradi\u00e7\u00e3o, a cultura rural e tamb\u00e9m \u00e9 fundamental levantar fundos para igreja. Tivemos um grande p\u00fablico, mesmo com a ocasi\u00e3o das f\u00e9rias. A cultura popular de Mira\u00ed \u00e9 muito grande para festas e ficamos muito felizes com isso. O resultado foi satisfat\u00f3rio\u201d,<\/em> completa.<\/p>\n<p>[ngg_images source=&#8221;galleries&#8221; container_ids=&#8221;1246&#8243; display_type=&#8221;photocrati-nextgen_basic_thumbnails&#8221; override_thumbnail_settings=&#8221;0&#8243; thumbnail_width=&#8221;100&#8243; thumbnail_height=&#8221;75&#8243; thumbnail_crop=&#8221;1&#8243; images_per_page=&#8221;0&#8243; number_of_columns=&#8221;0&#8243; ajax_pagination=&#8221;0&#8243; show_all_in_lightbox=&#8221;0&#8243; use_imagebrowser_effect=&#8221;0&#8243; show_slideshow_link=&#8221;1&#8243; slideshow_link_text=&#8221;[Show as slideshow]&#8221; order_by=&#8221;sortorder&#8221; order_direction=&#8221;ASC&#8221; returns=&#8221;included&#8221; maximum_entity_count=&#8221;500&#8243;]<\/p>\n","protected":false},"excerpt":{"rendered":"<p>O munic\u00edpio de Mira\u00ed recebeu, no dia 21\/01 a 5\u00aa Festa do Carro de Boi e Cavalgada, festa que j\u00e1 vem se popularizando na regi\u00e3o e se tornando tradicional no calend\u00e1rio de festividades. O evento foi realizado um dia depois da data original em que se comemora o Dia de S\u00e3o Sebasti\u00e3o \u2013 padroeiro da [&hellip;]<\/p>\n","protected":false},"author":2,"featured_media":48083,"comment_status":"open","ping_status":"closed","sticky":false,"template":"","format":"standard","meta":{"_joinchat":[],"footnotes":""},"categories":[1],"tags":[],"class_list":["post-48082","post","type-post","status-publish","format-standard","has-post-thumbnail","hentry","category-sem-categoria"],"_links":{"self":[{"href":"http:\/\/folhadosudeste.com\/site\/index.php?rest_route=\/wp\/v2\/posts\/48082","targetHints":{"allow":["GET"]}}],"collection":[{"href":"http:\/\/folhadosudeste.com\/site\/index.php?rest_route=\/wp\/v2\/posts"}],"about":[{"href":"http:\/\/folhadosudeste.com\/site\/index.php?rest_route=\/wp\/v2\/types\/post"}],"author":[{"embeddable":true,"href":"http:\/\/folhadosudeste.com\/site\/index.php?rest_route=\/wp\/v2\/users\/2"}],"replies":[{"embeddable":true,"href":"http:\/\/folhadosudeste.com\/site\/index.php?rest_route=%2Fwp%2Fv2%2Fcomments&post=48082"}],"version-history":[{"count":1,"href":"http:\/\/folhadosudeste.com\/site\/index.php?rest_route=\/wp\/v2\/posts\/48082\/revisions"}],"predecessor-version":[{"id":48130,"href":"http:\/\/folhadosudeste.com\/site\/index.php?rest_route=\/wp\/v2\/posts\/48082\/revisions\/48130"}],"wp:featuredmedia":[{"embeddable":true,"href":"http:\/\/folhadosudeste.com\/site\/index.php?rest_route=\/wp\/v2\/media\/48083"}],"wp:attachment":[{"href":"http:\/\/folhadosudeste.com\/site\/index.php?rest_route=%2Fwp%2Fv2%2Fmedia&parent=48082"}],"wp:term":[{"taxonomy":"category","embeddable":true,"href":"http:\/\/folhadosudeste.com\/site\/index.php?rest_route=%2Fwp%2Fv2%2Fcategories&post=48082"},{"taxonomy":"post_tag","embeddable":true,"href":"http:\/\/folhadosudeste.com\/site\/index.php?rest_route=%2Fwp%2Fv2%2Ftags&post=48082"}],"curies":[{"name":"wp","href":"https:\/\/api.w.org\/{rel}","templated":true}]}}