{"id":48138,"date":"2018-02-02T17:27:05","date_gmt":"2018-02-02T17:27:05","guid":{"rendered":"http:\/\/folhadosudeste.com\/site\/?p=48138"},"modified":"2018-02-02T17:27:05","modified_gmt":"2018-02-02T17:27:05","slug":"nilda-dantes-toma-posse-na-associacao-de-moradores-do-bairro-da-barra-e-comemora-seu-aniversario","status":"publish","type":"post","link":"http:\/\/folhadosudeste.com\/site\/?p=48138","title":{"rendered":"Nilda Dantes toma posse na Associa\u00e7\u00e3o de Moradores do Bairro da Barra e comemora seu anivers\u00e1rio"},"content":{"rendered":"<p><a href=\"http:\/\/folhadosudeste.com\/site\/wp-content\/uploads\/2018\/02\/WhatsApp-Image-2018-02-02-at-14.35.01.jpeg\"><img loading=\"lazy\" decoding=\"async\" class=\"aligncenter wp-image-48140 size-large\" src=\"http:\/\/folhadosudeste.com\/site\/wp-content\/uploads\/2018\/02\/WhatsApp-Image-2018-02-02-at-14.35.01-1024x678.jpeg\" alt=\"\" width=\"620\" height=\"411\" srcset=\"http:\/\/folhadosudeste.com\/site\/wp-content\/uploads\/2018\/02\/WhatsApp-Image-2018-02-02-at-14.35.01-1024x678.jpeg 1024w, http:\/\/folhadosudeste.com\/site\/wp-content\/uploads\/2018\/02\/WhatsApp-Image-2018-02-02-at-14.35.01-300x199.jpeg 300w, http:\/\/folhadosudeste.com\/site\/wp-content\/uploads\/2018\/02\/WhatsApp-Image-2018-02-02-at-14.35.01-768x508.jpeg 768w, http:\/\/folhadosudeste.com\/site\/wp-content\/uploads\/2018\/02\/WhatsApp-Image-2018-02-02-at-14.35.01.jpeg 1280w\" sizes=\"auto, (max-width: 620px) 100vw, 620px\" \/><\/a><\/p>\n<p style=\"text-align: justify;\">A senhora Nilda de Souza Dantes eleita no dia 17\/12\/17 presidente da Associa\u00e7\u00e3o de Moradores do bairro da Barra, para cumprir o Bi\u00eanio 2018\/2020, foi empossada no dia 02\/02\/18, pelo Sr. Wilson Lucindo (Rela\u00e7\u00f5es P\u00fablicas da UACEBEM), juntamente com os membros que comp\u00f5em sua chapa.<\/p>\n<p style=\"text-align: justify;\">Aproveitando a ocasi\u00e3o da sua posse, Sra. Nilda festejou seu anivers\u00e1rio, prestigiando seus convidados, fam\u00edlia e amigos com um delicioso bolo.<\/p>\n<p style=\"text-align: justify;\">Fato esse realizado na quadra de esporte dito na Pra\u00e7a Carlos Drummond de Andrade (Pracinha do Trabalhador), onde recebeu os cumprimentos.<\/p>\n<p style=\"text-align: justify;\"><em>\u201cTrabalhar em prol de melhorias para nosso bairro, em parceria com nossos pol\u00edticos, para melhor servir a comunidade\u201d,<\/em> diz Sra. Nilda.<\/p>\n<p style=\"text-align: justify;\">&nbsp;<\/p>\n<p style=\"text-align: justify;\"><strong>Chapa 2018\/2020 Bairro \u2013 Barra<\/strong><\/p>\n<p style=\"text-align: justify;\"><strong>Presidente:<\/strong> Nilda de Souza Dantes<\/p>\n<p style=\"text-align: justify;\"><strong>Vice-presidente:<\/strong> Wanildo P. Guedes<\/p>\n<p style=\"text-align: justify;\"><strong>1\u00ba Secret\u00e1ria:<\/strong> Regina Celi M. S. Furtado<\/p>\n<p style=\"text-align: justify;\"><strong>2\u00ba Secret\u00e1ria:<\/strong> Oneida Dias Souza<\/p>\n<p style=\"text-align: justify;\"><strong>1\u00ba Tesoureiro:<\/strong> Gerson Araujo de Souza<\/p>\n<p style=\"text-align: justify;\"><strong>2\u00ba Tesoureira:<\/strong> Vit\u00f3ria Ferreira da Silva<\/p>\n<p style=\"text-align: justify;\"><strong>Conselheiro Fiscal:<\/strong> Maria Sena Moreira<\/p>\n<p style=\"text-align: justify;\">&nbsp;<\/p>\n<p style=\"text-align: justify;\">Parab\u00e9ns em dose dupla \u00e0 Dona Nilda, de seus familiares, amigos e da equipe do jornal Folha do Sudeste, com votos de sa\u00fade e que Deus continue aben\u00e7oando para continuar sendo essa pessoa alegre e cheia de energia.<\/p>\n<p>[ngg_images source=&#8221;galleries&#8221; container_ids=&#8221;1247&#8243; display_type=&#8221;photocrati-nextgen_basic_thumbnails&#8221; override_thumbnail_settings=&#8221;0&#8243; thumbnail_width=&#8221;100&#8243; thumbnail_height=&#8221;75&#8243; thumbnail_crop=&#8221;1&#8243; images_per_page=&#8221;0&#8243; number_of_columns=&#8221;0&#8243; ajax_pagination=&#8221;0&#8243; show_all_in_lightbox=&#8221;0&#8243; use_imagebrowser_effect=&#8221;0&#8243; show_slideshow_link=&#8221;1&#8243; slideshow_link_text=&#8221;[Show as slideshow]&#8221; order_by=&#8221;sortorder&#8221; order_direction=&#8221;ASC&#8221; returns=&#8221;included&#8221; maximum_entity_count=&#8221;500&#8243;]<\/p>\n","protected":false},"excerpt":{"rendered":"<p>A senhora Nilda de Souza Dantes eleita no dia 17\/12\/17 presidente da Associa\u00e7\u00e3o de Moradores do bairro da Barra, para cumprir o Bi\u00eanio 2018\/2020, foi empossada no dia 02\/02\/18, pelo Sr. Wilson Lucindo (Rela\u00e7\u00f5es P\u00fablicas da UACEBEM), juntamente com os membros que comp\u00f5em sua chapa. Aproveitando a ocasi\u00e3o da sua posse, Sra. Nilda festejou seu [&hellip;]<\/p>\n","protected":false},"author":6,"featured_media":48140,"comment_status":"open","ping_status":"closed","sticky":false,"template":"","format":"standard","meta":{"_joinchat":[],"footnotes":""},"categories":[1],"tags":[],"class_list":["post-48138","post","type-post","status-publish","format-standard","has-post-thumbnail","hentry","category-sem-categoria"],"_links":{"self":[{"href":"http:\/\/folhadosudeste.com\/site\/index.php?rest_route=\/wp\/v2\/posts\/48138","targetHints":{"allow":["GET"]}}],"collection":[{"href":"http:\/\/folhadosudeste.com\/site\/index.php?rest_route=\/wp\/v2\/posts"}],"about":[{"href":"http:\/\/folhadosudeste.com\/site\/index.php?rest_route=\/wp\/v2\/types\/post"}],"author":[{"embeddable":true,"href":"http:\/\/folhadosudeste.com\/site\/index.php?rest_route=\/wp\/v2\/users\/6"}],"replies":[{"embeddable":true,"href":"http:\/\/folhadosudeste.com\/site\/index.php?rest_route=%2Fwp%2Fv2%2Fcomments&post=48138"}],"version-history":[{"count":1,"href":"http:\/\/folhadosudeste.com\/site\/index.php?rest_route=\/wp\/v2\/posts\/48138\/revisions"}],"predecessor-version":[{"id":48171,"href":"http:\/\/folhadosudeste.com\/site\/index.php?rest_route=\/wp\/v2\/posts\/48138\/revisions\/48171"}],"wp:featuredmedia":[{"embeddable":true,"href":"http:\/\/folhadosudeste.com\/site\/index.php?rest_route=\/wp\/v2\/media\/48140"}],"wp:attachment":[{"href":"http:\/\/folhadosudeste.com\/site\/index.php?rest_route=%2Fwp%2Fv2%2Fmedia&parent=48138"}],"wp:term":[{"taxonomy":"category","embeddable":true,"href":"http:\/\/folhadosudeste.com\/site\/index.php?rest_route=%2Fwp%2Fv2%2Fcategories&post=48138"},{"taxonomy":"post_tag","embeddable":true,"href":"http:\/\/folhadosudeste.com\/site\/index.php?rest_route=%2Fwp%2Fv2%2Ftags&post=48138"}],"curies":[{"name":"wp","href":"https:\/\/api.w.org\/{rel}","templated":true}]}}