{"id":4817,"date":"2014-08-26T12:28:53","date_gmt":"2014-08-26T12:28:53","guid":{"rendered":"http:\/\/folhadosudeste.com\/site\/?p=4817"},"modified":"2014-08-26T12:28:53","modified_gmt":"2014-08-26T12:28:53","slug":"folha-policial-ocorrencias-em-destaques-5","status":"publish","type":"post","link":"http:\/\/folhadosudeste.com\/site\/?p=4817","title":{"rendered":"Folha Policial &#8211; Ocorr\u00eancias em Destaques"},"content":{"rendered":"<p><a href=\"http:\/\/folhadosudeste.com\/site\/wp-content\/uploads\/2014\/08\/viatura-pm13.jpg\"><img loading=\"lazy\" decoding=\"async\" class=\"aligncenter size-full wp-image-4818\" alt=\"viatura-pm1\" src=\"http:\/\/folhadosudeste.com\/site\/wp-content\/uploads\/2014\/08\/viatura-pm13.jpg\" width=\"620\" height=\"346\" srcset=\"http:\/\/folhadosudeste.com\/site\/wp-content\/uploads\/2014\/08\/viatura-pm13.jpg 620w, http:\/\/folhadosudeste.com\/site\/wp-content\/uploads\/2014\/08\/viatura-pm13-300x167.jpg 300w\" sizes=\"auto, (max-width: 620px) 100vw, 620px\" \/><\/a><\/p>\n<p style=\"text-align: justify;\"><b>PM EFETUA PRIS\u00c3O POR RECEPTA\u00c7\u00c3O DE VE\u00cdCULO EM MURIA\u00c9<\/b><b>\u00a0<\/b><\/p>\n<p style=\"text-align: justify;\">Em 25\/08\/2014, por volta das 13h30min, na Rua Eug\u00eanio Gomes, no Bairro Jo\u00e3o XXIII, militares receberam informa\u00e7\u00f5es que haviam dois indiv\u00edduos negros, em uma moto YAMAHA YBR, azul, pela rua FARMAC\u00caUTICO JOS\u00c9 MOSTARO, parte alta do bairro JO\u00c3O XXIII, adentrando em uma porteira que d\u00e1 acesso a um pasto e retornaram empurrando uma motocicleta YAMAHA YBR, cor preta. Em deslocamento, militares observaram uma motocicleta de cor azul estacionada na rua EUG\u00caNIO CAMPOS, em frente a uma resid\u00eancia, sendo atendidos por J.A.A.J. de 31 anos e T.G.S. de 30 anos, e estes que estariam na moto azul, negaram saber qualquer informa\u00e7\u00e3o da motocicleta YAMAHA YBR, cor preta, contudo foi observado pela fresta da cerca do quintal que havia outra motocicleta por l\u00e1 escondida, ent\u00e3o relataram que tal motocicleta seria de propriedade de um indiv\u00edduo conhecido por &#8220;P.&#8221; ou &#8220;C.\u201d e residia de frente a porteira da rua FARMAC\u00caUTICO JOS\u00c9 MOSTARO. A motocicleta no quintal tratava-se da YAMAHA YBR, cor preta, que foi furtada. Foi dada voz de pris\u00e3o aos autores e a motocicleta apreendida. O denunciado B.C.C. de 17 anos confirmou ser de sua propriedade a motocicleta YAMAHA YBR e que teria a adquirido por R$500,00 de um indiv\u00edduo desconhecido, sendo o menor apreendido e conduzido \u00e0 DPJ junto com os outros autores. Quanto a motocicleta YAMAHA YBR, azul, nada de irregular foi constatado.<\/p>\n<p style=\"text-align: justify;\"><b>PM CUMPRE MANDADO DE PRIS\u00c3O EM MURIA\u00c9<\/b><\/p>\n<p style=\"text-align: justify;\">Em 25\/08\/2014, por volta das 16h30min, na Pra\u00e7a Jo\u00e3o Pinheiro, no Centro, militares depararam com A.F.A.M. de 41 anos que ao ser abordada foi detectado que existe em seu desfavor um mandado de pris\u00e3o em aberto, motivo que a mesma recebeu voz de pris\u00e3o e foi conduzida \u00e0 DPJ.<\/p>\n<p style=\"text-align: justify;\"><b>PM EFETUA PRIS\u00c3O POR TENTATIVA DE EXTORS\u00c3O EM LARANJAL<\/b><\/p>\n<p style=\"text-align: justify;\">Em 25\/08\/2014, por volta das 20h, na Rua Manoel Paes Tiago, no Centro, L.F.R. de 64 anos relatou que retirava seu ve\u00edculo da garagem quando o autor T.C.C. de 25 anos aproximou-se e exigiu da v\u00edtima dinheiro, tendo ele negado, por\u00e9m o autor, de forma agressiva, abriu o porta-luvas do ve\u00edculo e tentou subtrair os pertences que ali estavam, ent\u00e3o a v\u00edtima saiu do ve\u00edculo e impediu o autor, o qual evadiu. Em rastreamento, o autor foi localizado e, para tentar evadir, deu chutes nos integrantes da guarni\u00e7\u00e3o, resistindo ativamente \u00e0 pris\u00e3o, sendo necess\u00e1rio uso de t\u00e9cnicas de imobiliza\u00e7\u00e3o para cont\u00ea-lo, sendo este algemado. O autor foi levado ao hospital de laranjal e posteriormente \u00e0 DPJ. Ressalta-se que o autor esteve envolvido em outros delitos contra o patrim\u00f4nio e que se encontra em liberdade provis\u00f3ria sem fian\u00e7a. Pris\u00e3o ratificada<\/p>\n<p>\u00a0Fonte:47 bpm<\/p>\n","protected":false},"excerpt":{"rendered":"<p>PM EFETUA PRIS\u00c3O POR RECEPTA\u00c7\u00c3O DE VE\u00cdCULO EM MURIA\u00c9\u00a0 Em 25\/08\/2014, por volta das 13h30min, na Rua Eug\u00eanio Gomes, no Bairro Jo\u00e3o XXIII, militares receberam informa\u00e7\u00f5es que haviam dois indiv\u00edduos negros, em uma moto YAMAHA YBR, azul, pela rua FARMAC\u00caUTICO JOS\u00c9 MOSTARO, parte alta do bairro JO\u00c3O XXIII, adentrando em uma porteira que d\u00e1 acesso [&hellip;]<\/p>\n","protected":false},"author":4,"featured_media":4818,"comment_status":"open","ping_status":"closed","sticky":false,"template":"","format":"standard","meta":{"_joinchat":[],"footnotes":""},"categories":[1],"tags":[],"class_list":["post-4817","post","type-post","status-publish","format-standard","has-post-thumbnail","hentry","category-sem-categoria"],"_links":{"self":[{"href":"http:\/\/folhadosudeste.com\/site\/index.php?rest_route=\/wp\/v2\/posts\/4817","targetHints":{"allow":["GET"]}}],"collection":[{"href":"http:\/\/folhadosudeste.com\/site\/index.php?rest_route=\/wp\/v2\/posts"}],"about":[{"href":"http:\/\/folhadosudeste.com\/site\/index.php?rest_route=\/wp\/v2\/types\/post"}],"author":[{"embeddable":true,"href":"http:\/\/folhadosudeste.com\/site\/index.php?rest_route=\/wp\/v2\/users\/4"}],"replies":[{"embeddable":true,"href":"http:\/\/folhadosudeste.com\/site\/index.php?rest_route=%2Fwp%2Fv2%2Fcomments&post=4817"}],"version-history":[{"count":1,"href":"http:\/\/folhadosudeste.com\/site\/index.php?rest_route=\/wp\/v2\/posts\/4817\/revisions"}],"predecessor-version":[{"id":4819,"href":"http:\/\/folhadosudeste.com\/site\/index.php?rest_route=\/wp\/v2\/posts\/4817\/revisions\/4819"}],"wp:featuredmedia":[{"embeddable":true,"href":"http:\/\/folhadosudeste.com\/site\/index.php?rest_route=\/wp\/v2\/media\/4818"}],"wp:attachment":[{"href":"http:\/\/folhadosudeste.com\/site\/index.php?rest_route=%2Fwp%2Fv2%2Fmedia&parent=4817"}],"wp:term":[{"taxonomy":"category","embeddable":true,"href":"http:\/\/folhadosudeste.com\/site\/index.php?rest_route=%2Fwp%2Fv2%2Fcategories&post=4817"},{"taxonomy":"post_tag","embeddable":true,"href":"http:\/\/folhadosudeste.com\/site\/index.php?rest_route=%2Fwp%2Fv2%2Ftags&post=4817"}],"curies":[{"name":"wp","href":"https:\/\/api.w.org\/{rel}","templated":true}]}}