{"id":4846,"date":"2014-09-01T20:36:34","date_gmt":"2014-09-01T20:36:34","guid":{"rendered":"http:\/\/folhadosudeste.com\/site\/?p=4846"},"modified":"2014-09-01T20:36:34","modified_gmt":"2014-09-01T20:36:34","slug":"grande-publico-da-regiao-prestigia-expovieiras-2014-xii-concurso-leiteiro","status":"publish","type":"post","link":"http:\/\/folhadosudeste.com\/site\/?p=4846","title":{"rendered":"Grande p\u00fablico da regi\u00e3o prestigia Expovieiras 2014 \/ XII Concurso Leiteiro"},"content":{"rendered":"<p style=\"text-align: justify;\"><a href=\"http:\/\/folhadosudeste.com\/site\/wp-content\/uploads\/2014\/09\/DSC_0198.jpg\"><img loading=\"lazy\" decoding=\"async\" class=\"aligncenter size-full wp-image-4849\" alt=\"DSC_0198\" src=\"http:\/\/folhadosudeste.com\/site\/wp-content\/uploads\/2014\/09\/DSC_0198.jpg\" width=\"800\" height=\"533\" srcset=\"http:\/\/folhadosudeste.com\/site\/wp-content\/uploads\/2014\/09\/DSC_0198.jpg 800w, http:\/\/folhadosudeste.com\/site\/wp-content\/uploads\/2014\/09\/DSC_0198-300x199.jpg 300w\" sizes=\"auto, (max-width: 800px) 100vw, 800px\" \/><\/a><\/p>\n<p style=\"text-align: justify;\"><b>Grande p\u00fablico da regi\u00e3o prestigia Expovieiras 2014 \/ XII Concurso Leiteiro<\/b><\/p>\n<p style=\"text-align: justify;\">O munic\u00edpio de Vieiras atraiu um grande n\u00famero de pessoas de toda a regi\u00e3o para prestigiar a Expovieiras 2014 \/ XII Concurso Leiteiro, que aconteceu entre os dias 21 e 24 de agosto. Entre as atra\u00e7\u00f5es, destaque para a Companhia de Rodeio Tony Nascimento, com a maior estrutura de rodeio do pa\u00eds \u2013 participa\u00e7\u00e3o nas novelas Para\u00edso, Am\u00e9rica, Cora\u00e7\u00e3o de Estudante e Araguaia. E n\u00e3o parou por a\u00ed. A administra\u00e7\u00e3o 2009\/2016 preparou uma programa\u00e7\u00e3o especial, para animar os vieirenses e visitantes, cumprindo e superando todas as expectativas.<\/p>\n<p style=\"text-align: justify;\">No dia 21\/08, o grupo Mulher de Banda esquentou a festa, mostrando que muita coisa boa estava por vir. Dia 22\/08, foi feita a Abertura Oficial e dado in\u00edcio aos rodeios, finalizando com as apresenta\u00e7\u00f5es de grandes nomes da m\u00fasica, como Junior &amp; Gustavo, a participa\u00e7\u00e3o mais do que especial de Maur\u00edcio Mattar e Banda Zem. J\u00e1 no&#8230; Leia mais na edi\u00e7\u00e3o n\u00ba 625 do Jornal Folha do Sudeste, nas bancas a partir desse final de semana.[dopwgg id=&#8221;402&#8243;]<\/p>\n","protected":false},"excerpt":{"rendered":"<p>Grande p\u00fablico da regi\u00e3o prestigia Expovieiras 2014 \/ XII Concurso Leiteiro O munic\u00edpio de Vieiras atraiu um grande n\u00famero de pessoas de toda a regi\u00e3o para prestigiar a Expovieiras 2014 \/ XII Concurso Leiteiro, que aconteceu entre os dias 21 e 24 de agosto. Entre as atra\u00e7\u00f5es, destaque para a Companhia de Rodeio Tony Nascimento, [&hellip;]<\/p>\n","protected":false},"author":4,"featured_media":4849,"comment_status":"open","ping_status":"closed","sticky":false,"template":"","format":"standard","meta":{"_joinchat":[],"footnotes":""},"categories":[1],"tags":[],"class_list":["post-4846","post","type-post","status-publish","format-standard","has-post-thumbnail","hentry","category-sem-categoria"],"_links":{"self":[{"href":"http:\/\/folhadosudeste.com\/site\/index.php?rest_route=\/wp\/v2\/posts\/4846","targetHints":{"allow":["GET"]}}],"collection":[{"href":"http:\/\/folhadosudeste.com\/site\/index.php?rest_route=\/wp\/v2\/posts"}],"about":[{"href":"http:\/\/folhadosudeste.com\/site\/index.php?rest_route=\/wp\/v2\/types\/post"}],"author":[{"embeddable":true,"href":"http:\/\/folhadosudeste.com\/site\/index.php?rest_route=\/wp\/v2\/users\/4"}],"replies":[{"embeddable":true,"href":"http:\/\/folhadosudeste.com\/site\/index.php?rest_route=%2Fwp%2Fv2%2Fcomments&post=4846"}],"version-history":[{"count":2,"href":"http:\/\/folhadosudeste.com\/site\/index.php?rest_route=\/wp\/v2\/posts\/4846\/revisions"}],"predecessor-version":[{"id":4850,"href":"http:\/\/folhadosudeste.com\/site\/index.php?rest_route=\/wp\/v2\/posts\/4846\/revisions\/4850"}],"wp:featuredmedia":[{"embeddable":true,"href":"http:\/\/folhadosudeste.com\/site\/index.php?rest_route=\/wp\/v2\/media\/4849"}],"wp:attachment":[{"href":"http:\/\/folhadosudeste.com\/site\/index.php?rest_route=%2Fwp%2Fv2%2Fmedia&parent=4846"}],"wp:term":[{"taxonomy":"category","embeddable":true,"href":"http:\/\/folhadosudeste.com\/site\/index.php?rest_route=%2Fwp%2Fv2%2Fcategories&post=4846"},{"taxonomy":"post_tag","embeddable":true,"href":"http:\/\/folhadosudeste.com\/site\/index.php?rest_route=%2Fwp%2Fv2%2Ftags&post=4846"}],"curies":[{"name":"wp","href":"https:\/\/api.w.org\/{rel}","templated":true}]}}