{"id":4856,"date":"2014-09-01T20:53:44","date_gmt":"2014-09-01T20:53:44","guid":{"rendered":"http:\/\/folhadosudeste.com\/site\/?p=4856"},"modified":"2014-09-01T20:54:42","modified_gmt":"2014-09-01T20:54:42","slug":"transito-de-muriae-sofrera-mudancas-nos-dias-06-e-07-de-setembro","status":"publish","type":"post","link":"http:\/\/folhadosudeste.com\/site\/?p=4856","title":{"rendered":"Tr\u00e2nsito de Muria\u00e9 sofrer\u00e1 mudan\u00e7as nos dias 06 e 07 de setembro"},"content":{"rendered":"<div>\n<p style=\"text-align: justify;\"><a href=\"http:\/\/folhadosudeste.com\/site\/wp-content\/uploads\/2014\/09\/DSC02104.jpg\"><img loading=\"lazy\" decoding=\"async\" class=\"aligncenter size-full wp-image-4857\" alt=\"DSC02104\" src=\"http:\/\/folhadosudeste.com\/site\/wp-content\/uploads\/2014\/09\/DSC02104.jpg\" width=\"640\" height=\"410\" srcset=\"http:\/\/folhadosudeste.com\/site\/wp-content\/uploads\/2014\/09\/DSC02104.jpg 640w, http:\/\/folhadosudeste.com\/site\/wp-content\/uploads\/2014\/09\/DSC02104-300x192.jpg 300w\" sizes=\"auto, (max-width: 640px) 100vw, 640px\" \/><\/a><\/p>\n<p>Mudan\u00e7as no tr\u00e2nsito de Muria\u00e9 nos dias 06 e 07 de setembro<\/p>\n<\/div>\n<p>O Demuttran e a Pol\u00edcia Militar estar\u00e3o efetuando mudan\u00e7as no tr\u00e2nsito de Muria\u00e9 nos dias 06 e 07 de setembro, entre 7 e 14 horas, devido \u00e0 realiza\u00e7\u00e3o dos desfiles c\u00edvicos.<\/p>\n<p>O tr\u00e2nsito estar\u00e1 impedido na Rua Professor Carvalho no sentido bairro S\u00e3o Francisco \u2013 Centro, apesar de que o tr\u00e1fego de ve\u00edculos poder\u00e1 ser realizado pelos moradores do local e para quem precisar chegar at\u00e9 o Hospital S\u00e3o Paulo.<\/p>\n<p>Tamb\u00e9m ficar\u00e1 impedido o tr\u00e2nsito nas ruas S\u00e3o Pedro, esquina com a Pra\u00e7a S\u00e3o Paulo e a Dr. Alves Pequeno, que ter\u00e1 o tr\u00e1fego desviado para a Rua Dr. Ant\u00f4nio Can\u00eado e Rua Desembargador Can\u00eado. Estar\u00e1 fechada a passagem para a Rua Dr. Silveira Brum.<\/p>\n<p>Para os ve\u00edculos que fazem o transporte coletivo urbano \u2013 partem da Barra com dire\u00e7\u00e3o ao Centro -, o itiner\u00e1rio ser\u00e1 o seguinte: Avenida Constantino Pinto, seguindo pela Rua Coronel Domiciano, Rua Afonso Can\u00eado, Rua Desembargador Can\u00eado, Pra\u00e7a S\u00e3o Paulo e Rua Professor Carvalho (bairro S\u00e3o Francisco). Descer\u00e3o pela Pra\u00e7a Na\u00e7\u00f5es Unidas, fazendo parada na Rua Paschoal Bernardino \u2013 pr\u00f3ximo a Rua Coronel Marciano Rodrigues.<\/p>\n<p>Fonte:luciah_imp@muriae.mg.gov.br<\/p>\n","protected":false},"excerpt":{"rendered":"<p>Mudan\u00e7as no tr\u00e2nsito de Muria\u00e9 nos dias 06 e 07 de setembro O Demuttran e a Pol\u00edcia Militar estar\u00e3o efetuando mudan\u00e7as no tr\u00e2nsito de Muria\u00e9 nos dias 06 e 07 de setembro, entre 7 e 14 horas, devido \u00e0 realiza\u00e7\u00e3o dos desfiles c\u00edvicos. O tr\u00e2nsito estar\u00e1 impedido na Rua Professor Carvalho no sentido bairro S\u00e3o [&hellip;]<\/p>\n","protected":false},"author":4,"featured_media":4857,"comment_status":"open","ping_status":"closed","sticky":false,"template":"","format":"standard","meta":{"_joinchat":[],"footnotes":""},"categories":[1],"tags":[],"class_list":["post-4856","post","type-post","status-publish","format-standard","has-post-thumbnail","hentry","category-sem-categoria"],"_links":{"self":[{"href":"http:\/\/folhadosudeste.com\/site\/index.php?rest_route=\/wp\/v2\/posts\/4856","targetHints":{"allow":["GET"]}}],"collection":[{"href":"http:\/\/folhadosudeste.com\/site\/index.php?rest_route=\/wp\/v2\/posts"}],"about":[{"href":"http:\/\/folhadosudeste.com\/site\/index.php?rest_route=\/wp\/v2\/types\/post"}],"author":[{"embeddable":true,"href":"http:\/\/folhadosudeste.com\/site\/index.php?rest_route=\/wp\/v2\/users\/4"}],"replies":[{"embeddable":true,"href":"http:\/\/folhadosudeste.com\/site\/index.php?rest_route=%2Fwp%2Fv2%2Fcomments&post=4856"}],"version-history":[{"count":2,"href":"http:\/\/folhadosudeste.com\/site\/index.php?rest_route=\/wp\/v2\/posts\/4856\/revisions"}],"predecessor-version":[{"id":4859,"href":"http:\/\/folhadosudeste.com\/site\/index.php?rest_route=\/wp\/v2\/posts\/4856\/revisions\/4859"}],"wp:featuredmedia":[{"embeddable":true,"href":"http:\/\/folhadosudeste.com\/site\/index.php?rest_route=\/wp\/v2\/media\/4857"}],"wp:attachment":[{"href":"http:\/\/folhadosudeste.com\/site\/index.php?rest_route=%2Fwp%2Fv2%2Fmedia&parent=4856"}],"wp:term":[{"taxonomy":"category","embeddable":true,"href":"http:\/\/folhadosudeste.com\/site\/index.php?rest_route=%2Fwp%2Fv2%2Fcategories&post=4856"},{"taxonomy":"post_tag","embeddable":true,"href":"http:\/\/folhadosudeste.com\/site\/index.php?rest_route=%2Fwp%2Fv2%2Ftags&post=4856"}],"curies":[{"name":"wp","href":"https:\/\/api.w.org\/{rel}","templated":true}]}}