{"id":4865,"date":"2014-09-02T22:13:54","date_gmt":"2014-09-02T22:13:54","guid":{"rendered":"http:\/\/folhadosudeste.com\/site\/?p=4865"},"modified":"2014-09-02T22:13:54","modified_gmt":"2014-09-02T22:13:54","slug":"exposicao-cristo-da-minha-janela-de-maria-luisa-carvalho-van-den-bergen","status":"publish","type":"post","link":"http:\/\/folhadosudeste.com\/site\/?p=4865","title":{"rendered":"Exposi\u00e7\u00e3o CRISTO DA MINHA JANELA de MARIA LUISA CARVALHO VAN DEN BERGEN"},"content":{"rendered":"<p style=\"text-align: justify;\"><a href=\"http:\/\/folhadosudeste.com\/site\/wp-content\/uploads\/2014\/09\/Maria-Luisa-Carvalho-van-den-Bergen-3.jpg\"><img loading=\"lazy\" decoding=\"async\" class=\"aligncenter size-full wp-image-4866\" alt=\"Maria Luisa Carvalho van den Bergen 3\" src=\"http:\/\/folhadosudeste.com\/site\/wp-content\/uploads\/2014\/09\/Maria-Luisa-Carvalho-van-den-Bergen-3.jpg\" width=\"1595\" height=\"1575\" srcset=\"http:\/\/folhadosudeste.com\/site\/wp-content\/uploads\/2014\/09\/Maria-Luisa-Carvalho-van-den-Bergen-3.jpg 1595w, http:\/\/folhadosudeste.com\/site\/wp-content\/uploads\/2014\/09\/Maria-Luisa-Carvalho-van-den-Bergen-3-300x296.jpg 300w, http:\/\/folhadosudeste.com\/site\/wp-content\/uploads\/2014\/09\/Maria-Luisa-Carvalho-van-den-Bergen-3-1024x1011.jpg 1024w, http:\/\/folhadosudeste.com\/site\/wp-content\/uploads\/2014\/09\/Maria-Luisa-Carvalho-van-den-Bergen-3-55x55.jpg 55w\" sizes=\"auto, (max-width: 1595px) 100vw, 1595px\" \/><\/a> <a href=\"http:\/\/folhadosudeste.com\/site\/wp-content\/uploads\/2014\/09\/cristro-1.jpg\"><img loading=\"lazy\" decoding=\"async\" class=\"aligncenter size-full wp-image-4867\" alt=\"cristro 1\" src=\"http:\/\/folhadosudeste.com\/site\/wp-content\/uploads\/2014\/09\/cristro-1.jpg\" width=\"1537\" height=\"1162\" srcset=\"http:\/\/folhadosudeste.com\/site\/wp-content\/uploads\/2014\/09\/cristro-1.jpg 1537w, http:\/\/folhadosudeste.com\/site\/wp-content\/uploads\/2014\/09\/cristro-1-300x226.jpg 300w, http:\/\/folhadosudeste.com\/site\/wp-content\/uploads\/2014\/09\/cristro-1-1024x774.jpg 1024w\" sizes=\"auto, (max-width: 1537px) 100vw, 1537px\" \/><\/a> <a href=\"http:\/\/folhadosudeste.com\/site\/wp-content\/uploads\/2014\/09\/Maria-Luisa-Carvalho-van-den-Bergen-1.jpg\"><img loading=\"lazy\" decoding=\"async\" class=\"aligncenter size-full wp-image-4868\" alt=\"Maria Luisa Carvalho van den Bergen 1\" src=\"http:\/\/folhadosudeste.com\/site\/wp-content\/uploads\/2014\/09\/Maria-Luisa-Carvalho-van-den-Bergen-1.jpg\" width=\"3429\" height=\"1200\" srcset=\"http:\/\/folhadosudeste.com\/site\/wp-content\/uploads\/2014\/09\/Maria-Luisa-Carvalho-van-den-Bergen-1.jpg 3429w, http:\/\/folhadosudeste.com\/site\/wp-content\/uploads\/2014\/09\/Maria-Luisa-Carvalho-van-den-Bergen-1-300x104.jpg 300w, http:\/\/folhadosudeste.com\/site\/wp-content\/uploads\/2014\/09\/Maria-Luisa-Carvalho-van-den-Bergen-1-1024x358.jpg 1024w\" sizes=\"auto, (max-width: 3429px) 100vw, 3429px\" \/><\/a> <a href=\"http:\/\/folhadosudeste.com\/site\/wp-content\/uploads\/2014\/09\/Maria-Luisa-Carvalho-van-den-Bergen-2.jpg\"><img loading=\"lazy\" decoding=\"async\" class=\"aligncenter size-full wp-image-4869\" alt=\"Maria Luisa Carvalho van den Bergen 2\" src=\"http:\/\/folhadosudeste.com\/site\/wp-content\/uploads\/2014\/09\/Maria-Luisa-Carvalho-van-den-Bergen-2.jpg\" width=\"1595\" height=\"1585\" srcset=\"http:\/\/folhadosudeste.com\/site\/wp-content\/uploads\/2014\/09\/Maria-Luisa-Carvalho-van-den-Bergen-2.jpg 1595w, http:\/\/folhadosudeste.com\/site\/wp-content\/uploads\/2014\/09\/Maria-Luisa-Carvalho-van-den-Bergen-2-150x150.jpg 150w, http:\/\/folhadosudeste.com\/site\/wp-content\/uploads\/2014\/09\/Maria-Luisa-Carvalho-van-den-Bergen-2-300x298.jpg 300w, http:\/\/folhadosudeste.com\/site\/wp-content\/uploads\/2014\/09\/Maria-Luisa-Carvalho-van-den-Bergen-2-1024x1017.jpg 1024w, http:\/\/folhadosudeste.com\/site\/wp-content\/uploads\/2014\/09\/Maria-Luisa-Carvalho-van-den-Bergen-2-55x55.jpg 55w\" sizes=\"auto, (max-width: 1595px) 100vw, 1595px\" \/><\/a><\/p>\n<p style=\"text-align: justify;\">Exposi\u00e7\u00e3o CRISTO DA MINHA JANELA de MARIA LUISA CARVALHO VAN DEN BERGEN<br \/>\nDe 08 a 30 de setembro de 2014<br \/>\nNa Galeria Fundarte (Rua Maestro Sans\u00e3o, 400, Centro Muria\u00e9 \u2013 MG<br \/>\n(anexo ao Terminal Rodovi\u00e1rio) (32) 3696-3366<\/p>\n<p style=\"text-align: justify;\">O trabalho que apresento nesta exposi\u00e7\u00e3o tem o nome Cristo da Minha<br \/>\nJanela e comp\u00f5e-se de uma exposi\u00e7\u00e3o fotogr\u00e1fica trabalhada com l\u00e1pis<br \/>\naquarela. Registro trovas de minha autoria sob imagens do Cristo<br \/>\nRedentor de Muria\u00e9, que capturei de diversas janelas de minha cidade<br \/>\nnatal.<\/p>\n<p style=\"text-align: justify;\">Apesar de toda a transforma\u00e7\u00e3o social e urban\u00edstica da minha cidade de<br \/>\ninf\u00e2ncia, o Cristo continua sendo um \u00edcone de grande import\u00e2ncia para<br \/>\nMuria\u00e9. Ao capturar imagens em 2014, do ponto de vista de v\u00e1rios<br \/>\nmoradores atuais, deparo-me com imagens in\u00e9ditas e surpreendentes para<br \/>\nmim.<\/p>\n<p style=\"text-align: justify;\">Sobre aquelas imagens capturadas expresso minhas impress\u00f5es como se<br \/>\nfossem vindas da mem\u00f3ria, sem muita nitidez, mesclando passado e<br \/>\npresente.<br \/>\nFazem parte da mostra tamb\u00e9m trabalhos feitos em nos anteriores e<br \/>\nt\u00e9cnicas diversas.<\/p>\n<p style=\"text-align: justify;\">MARIA LUISA CARVALHO VAN DEN BERGEN<br \/>\nNasceu em Muria\u00e9 em 1940, graduou-se em Geografia e Artes Pl\u00e1sticas<br \/>\nna Universidade Federal do Esp\u00edrito Santo. Atua como artista pl\u00e1stica,<br \/>\narte-educadora, escritora, ilustradora e contadora de hist\u00f3rias, em<br \/>\ndiversas escolas p\u00fablicas, particulares, empresas e centros culturais<br \/>\nno Esp\u00edrito Santo e Minas Gerais.<br \/>\nEscreveu e ilustrou diversos livros infantis sendo que 12 deles foram<br \/>\nlan\u00e7ados pela Grafi tusa na S\u00e9rie Pirilampo. Este trabalho procura<br \/>\nresgatar valores pertencentes ao imagin\u00e1rio infantil, com a proposta<br \/>\nde uma viagem l\u00fadica, na qual o ato de contar hist\u00f3rias est\u00e1 em seu<br \/>\nsentido pleno e n\u00e3o apenas em palavras, mas em formas, texturas e<br \/>\ncores, que foram cuidadosamente elaboras por meio de t\u00e9cnicas como o<br \/>\ndesenho, a pintura e a colagem.<br \/>\nNa \u00e1rea das artes pl\u00e1sticas j\u00e1 participou de diversas mostras<br \/>\nindividuais e coletivas em cidades como Bras\u00edlia, Vit\u00f3ria, Vila Velha,<br \/>\nBelo Horizonte e Teres\u00f3polis, expondo trabalhos em tinta \u00f3leo,<br \/>\nacr\u00edlica, desenho e t\u00e9cnica mista em temas como natureza morta,<br \/>\npaisagens e composi\u00e7\u00f5es retratando com delicadeza seu rico universo<br \/>\ninterior. Possui obras em acervos no Brasil, Jap\u00e3o, Holanda e<br \/>\nPortugal.<\/p>\n<p style=\"text-align: justify;\">A exposi\u00e7\u00e3o \u201cCristo da Minha Janela\u201d de MARIA LUISA CARVALHO VAN DEN<br \/>\nBERGEN faz parte do Circuito Cultural Grande Hotel Muriah\u00e9,<br \/>\npatrocinado pelo Grupo Energisa e realizado pela Sociedade Musical<br \/>\nUni\u00e3o dos Artistas, com apoio da Prefeitura de Muria\u00e9 e da Fundarte, e<br \/>\nexecutado por meio da Lei Estadual de Incentivo \u00e0 Cultura de Minas<br \/>\nGerais.<\/p>\n<p style=\"text-align: justify;\">Fonte:Fundarte Muria\u00e9<\/p>\n","protected":false},"excerpt":{"rendered":"<p>Exposi\u00e7\u00e3o CRISTO DA MINHA JANELA de MARIA LUISA CARVALHO VAN DEN BERGEN De 08 a 30 de setembro de 2014 Na Galeria Fundarte (Rua Maestro Sans\u00e3o, 400, Centro Muria\u00e9 \u2013 MG (anexo ao Terminal Rodovi\u00e1rio) (32) 3696-3366 O trabalho que apresento nesta exposi\u00e7\u00e3o tem o nome Cristo da Minha Janela e comp\u00f5e-se de uma exposi\u00e7\u00e3o [&hellip;]<\/p>\n","protected":false},"author":4,"featured_media":4869,"comment_status":"open","ping_status":"closed","sticky":false,"template":"","format":"standard","meta":{"_joinchat":[],"footnotes":""},"categories":[1],"tags":[],"class_list":["post-4865","post","type-post","status-publish","format-standard","has-post-thumbnail","hentry","category-sem-categoria"],"_links":{"self":[{"href":"http:\/\/folhadosudeste.com\/site\/index.php?rest_route=\/wp\/v2\/posts\/4865","targetHints":{"allow":["GET"]}}],"collection":[{"href":"http:\/\/folhadosudeste.com\/site\/index.php?rest_route=\/wp\/v2\/posts"}],"about":[{"href":"http:\/\/folhadosudeste.com\/site\/index.php?rest_route=\/wp\/v2\/types\/post"}],"author":[{"embeddable":true,"href":"http:\/\/folhadosudeste.com\/site\/index.php?rest_route=\/wp\/v2\/users\/4"}],"replies":[{"embeddable":true,"href":"http:\/\/folhadosudeste.com\/site\/index.php?rest_route=%2Fwp%2Fv2%2Fcomments&post=4865"}],"version-history":[{"count":1,"href":"http:\/\/folhadosudeste.com\/site\/index.php?rest_route=\/wp\/v2\/posts\/4865\/revisions"}],"predecessor-version":[{"id":4870,"href":"http:\/\/folhadosudeste.com\/site\/index.php?rest_route=\/wp\/v2\/posts\/4865\/revisions\/4870"}],"wp:featuredmedia":[{"embeddable":true,"href":"http:\/\/folhadosudeste.com\/site\/index.php?rest_route=\/wp\/v2\/media\/4869"}],"wp:attachment":[{"href":"http:\/\/folhadosudeste.com\/site\/index.php?rest_route=%2Fwp%2Fv2%2Fmedia&parent=4865"}],"wp:term":[{"taxonomy":"category","embeddable":true,"href":"http:\/\/folhadosudeste.com\/site\/index.php?rest_route=%2Fwp%2Fv2%2Fcategories&post=4865"},{"taxonomy":"post_tag","embeddable":true,"href":"http:\/\/folhadosudeste.com\/site\/index.php?rest_route=%2Fwp%2Fv2%2Ftags&post=4865"}],"curies":[{"name":"wp","href":"https:\/\/api.w.org\/{rel}","templated":true}]}}