{"id":4874,"date":"2014-09-03T20:21:08","date_gmt":"2014-09-03T20:21:08","guid":{"rendered":"http:\/\/folhadosudeste.com\/site\/?p=4874"},"modified":"2014-09-03T20:21:08","modified_gmt":"2014-09-03T20:21:08","slug":"desfile-civico-enaltece-a-diversidade-cultural-brasileira","status":"publish","type":"post","link":"http:\/\/folhadosudeste.com\/site\/?p=4874","title":{"rendered":"Desfile c\u00edvico enaltece a Diversidade Cultural Brasileira"},"content":{"rendered":"<div>\n<p><a href=\"http:\/\/folhadosudeste.com\/site\/wp-content\/uploads\/2014\/09\/variadas-059.jpg\"><img loading=\"lazy\" decoding=\"async\" class=\"aligncenter size-full wp-image-4875\" alt=\"variadas 059\" src=\"http:\/\/folhadosudeste.com\/site\/wp-content\/uploads\/2014\/09\/variadas-059.jpg\" width=\"3264\" height=\"2176\" srcset=\"http:\/\/folhadosudeste.com\/site\/wp-content\/uploads\/2014\/09\/variadas-059.jpg 3264w, http:\/\/folhadosudeste.com\/site\/wp-content\/uploads\/2014\/09\/variadas-059-300x200.jpg 300w, http:\/\/folhadosudeste.com\/site\/wp-content\/uploads\/2014\/09\/variadas-059-1024x682.jpg 1024w\" sizes=\"auto, (max-width: 3264px) 100vw, 3264px\" \/><\/a> <a href=\"http:\/\/folhadosudeste.com\/site\/wp-content\/uploads\/2014\/09\/variadas-022.jpg\"><img loading=\"lazy\" decoding=\"async\" class=\"aligncenter size-full wp-image-4876\" alt=\"variadas 022\" src=\"http:\/\/folhadosudeste.com\/site\/wp-content\/uploads\/2014\/09\/variadas-022.jpg\" width=\"3264\" height=\"2176\" srcset=\"http:\/\/folhadosudeste.com\/site\/wp-content\/uploads\/2014\/09\/variadas-022.jpg 3264w, http:\/\/folhadosudeste.com\/site\/wp-content\/uploads\/2014\/09\/variadas-022-300x200.jpg 300w, http:\/\/folhadosudeste.com\/site\/wp-content\/uploads\/2014\/09\/variadas-022-1024x682.jpg 1024w\" sizes=\"auto, (max-width: 3264px) 100vw, 3264px\" \/><\/a><\/p>\n<p>Desfile c\u00edvico enaltece a Diversidade Cultural Brasileira<\/p>\n<\/div>\n<p>\u201cDiversidade Cultural Brasileira\u201d, este \u00e9 o tema do desfile c\u00edvico 2014 realizado pela Prefeitura de Muria\u00e9 &#8211; Secretaria Municipal de Educa\u00e7\u00e3o, Desenvolvimento Social, Esporte e Lazer e Fundarte. Nos dias 06 e 07 de setembro, Dia do Muriaeense e Dia da P\u00e1tria \u2013 consecutivamente, as escolas, projetos e institui\u00e7\u00f5es sociais ir\u00e3o \u00e0s ruas para lembrar a popula\u00e7\u00e3o a multiplicidade cultural existente no Brasil.<\/p>\n<p>O in\u00edcio das atividades ser\u00e1 no dia 6 de setembro, \u00e0s 7:30 horas, na Pra\u00e7a S\u00e3o Paulo, quando acontecer\u00e1 a homenagem ao instituidor do Dia do Muriaeense, Dr. Ant\u00f4nio Can\u00eado. Ap\u00f3s as 8 horas, os estudantes estar\u00e3o nas ruas para desfilar e, seguir\u00e3o pela S\u00e3o Pedro, Dr. Silveira Brum e Pra\u00e7a Jo\u00e3o Pinheiro. Na programa\u00e7\u00e3o, ser\u00e3o apresentados os projetos: Mais Educa\u00e7\u00e3o, Brasil Alfabetizado, PROEJA FIC, Fanfarra da Escola Municipal Gilberto Jos\u00e9 Tanus Braz, Proerd, Escoteiros e Escola Estadual Walter Vasconcelos (APAE).<\/p>\n<p>No dia 07 de setembro, \u00e0s 7:30, acontecer\u00e1 o hasteamento das bandeiras nos pavilh\u00f5es Nacional, Estadual e Municipal, tamb\u00e9m na Pra\u00e7a Jo\u00e3o Pinheiro. O desfile come\u00e7a \u00e0s 8 horas, e, entre os participantes est\u00e3o o Corpo de Bombeiros, a Penitenci\u00e1ria Dr. Manoel Martins Lisboa J\u00fanior, o Tiro de Guerra, a Fundarte, a Secretaria Municipal de Desenvolvimento Social, a Secretaria Municipal de Esportes e institui\u00e7\u00f5es convidadas.<\/p>\n<p>Fonte:<\/p>\n<div>luciah_imp<wbr \/>@muriae.mg.gov.br<\/p>\n<div><\/div>\n<\/div>\n<p>&nbsp;<\/p>\n<div><\/div>\n","protected":false},"excerpt":{"rendered":"<p>Desfile c\u00edvico enaltece a Diversidade Cultural Brasileira \u201cDiversidade Cultural Brasileira\u201d, este \u00e9 o tema do desfile c\u00edvico 2014 realizado pela Prefeitura de Muria\u00e9 &#8211; Secretaria Municipal de Educa\u00e7\u00e3o, Desenvolvimento Social, Esporte e Lazer e Fundarte. Nos dias 06 e 07 de setembro, Dia do Muriaeense e Dia da P\u00e1tria \u2013 consecutivamente, as escolas, projetos e [&hellip;]<\/p>\n","protected":false},"author":4,"featured_media":4876,"comment_status":"open","ping_status":"closed","sticky":false,"template":"","format":"standard","meta":{"_joinchat":[],"footnotes":""},"categories":[1],"tags":[],"class_list":["post-4874","post","type-post","status-publish","format-standard","has-post-thumbnail","hentry","category-sem-categoria"],"_links":{"self":[{"href":"http:\/\/folhadosudeste.com\/site\/index.php?rest_route=\/wp\/v2\/posts\/4874","targetHints":{"allow":["GET"]}}],"collection":[{"href":"http:\/\/folhadosudeste.com\/site\/index.php?rest_route=\/wp\/v2\/posts"}],"about":[{"href":"http:\/\/folhadosudeste.com\/site\/index.php?rest_route=\/wp\/v2\/types\/post"}],"author":[{"embeddable":true,"href":"http:\/\/folhadosudeste.com\/site\/index.php?rest_route=\/wp\/v2\/users\/4"}],"replies":[{"embeddable":true,"href":"http:\/\/folhadosudeste.com\/site\/index.php?rest_route=%2Fwp%2Fv2%2Fcomments&post=4874"}],"version-history":[{"count":1,"href":"http:\/\/folhadosudeste.com\/site\/index.php?rest_route=\/wp\/v2\/posts\/4874\/revisions"}],"predecessor-version":[{"id":4877,"href":"http:\/\/folhadosudeste.com\/site\/index.php?rest_route=\/wp\/v2\/posts\/4874\/revisions\/4877"}],"wp:featuredmedia":[{"embeddable":true,"href":"http:\/\/folhadosudeste.com\/site\/index.php?rest_route=\/wp\/v2\/media\/4876"}],"wp:attachment":[{"href":"http:\/\/folhadosudeste.com\/site\/index.php?rest_route=%2Fwp%2Fv2%2Fmedia&parent=4874"}],"wp:term":[{"taxonomy":"category","embeddable":true,"href":"http:\/\/folhadosudeste.com\/site\/index.php?rest_route=%2Fwp%2Fv2%2Fcategories&post=4874"},{"taxonomy":"post_tag","embeddable":true,"href":"http:\/\/folhadosudeste.com\/site\/index.php?rest_route=%2Fwp%2Fv2%2Ftags&post=4874"}],"curies":[{"name":"wp","href":"https:\/\/api.w.org\/{rel}","templated":true}]}}