{"id":4883,"date":"2014-09-04T09:59:01","date_gmt":"2014-09-04T09:59:01","guid":{"rendered":"http:\/\/folhadosudeste.com\/site\/?p=4883"},"modified":"2014-09-04T09:59:19","modified_gmt":"2014-09-04T09:59:19","slug":"policiais-militares-do-47o-bpm-recebem-premio-em-juiz-de-fora","status":"publish","type":"post","link":"http:\/\/folhadosudeste.com\/site\/?p=4883","title":{"rendered":"\u201cPOLICIAIS MILITARES DO 47\u00ba BPM RECEBEM PR\u00caMIO EM JUIZ DE FORA\u201d"},"content":{"rendered":"<p style=\"text-align: justify;\"><a href=\"http:\/\/folhadosudeste.com\/site\/wp-content\/uploads\/2014\/09\/20140903_104719.jpg\"><img loading=\"lazy\" decoding=\"async\" class=\"aligncenter size-full wp-image-4884\" alt=\"20140903_104719\" src=\"http:\/\/folhadosudeste.com\/site\/wp-content\/uploads\/2014\/09\/20140903_104719.jpg\" width=\"1180\" height=\"1920\" srcset=\"http:\/\/folhadosudeste.com\/site\/wp-content\/uploads\/2014\/09\/20140903_104719.jpg 1180w, http:\/\/folhadosudeste.com\/site\/wp-content\/uploads\/2014\/09\/20140903_104719-184x300.jpg 184w, http:\/\/folhadosudeste.com\/site\/wp-content\/uploads\/2014\/09\/20140903_104719-629x1024.jpg 629w\" sizes=\"auto, (max-width: 1180px) 100vw, 1180px\" \/><\/a> <a href=\"http:\/\/folhadosudeste.com\/site\/wp-content\/uploads\/2014\/09\/cap.miqueias.jpg\"><img loading=\"lazy\" decoding=\"async\" class=\"aligncenter size-full wp-image-4885\" alt=\"cap.miqueias\" src=\"http:\/\/folhadosudeste.com\/site\/wp-content\/uploads\/2014\/09\/cap.miqueias.jpg\" width=\"720\" height=\"960\" srcset=\"http:\/\/folhadosudeste.com\/site\/wp-content\/uploads\/2014\/09\/cap.miqueias.jpg 720w, http:\/\/folhadosudeste.com\/site\/wp-content\/uploads\/2014\/09\/cap.miqueias-225x300.jpg 225w\" sizes=\"auto, (max-width: 720px) 100vw, 720px\" \/><\/a> <a href=\"http:\/\/folhadosudeste.com\/site\/wp-content\/uploads\/2014\/09\/comando1.jpg\"><img loading=\"lazy\" decoding=\"async\" class=\"aligncenter size-full wp-image-4886\" alt=\"comando1\" src=\"http:\/\/folhadosudeste.com\/site\/wp-content\/uploads\/2014\/09\/comando1.jpg\" width=\"960\" height=\"720\" srcset=\"http:\/\/folhadosudeste.com\/site\/wp-content\/uploads\/2014\/09\/comando1.jpg 960w, http:\/\/folhadosudeste.com\/site\/wp-content\/uploads\/2014\/09\/comando1-300x225.jpg 300w\" sizes=\"auto, (max-width: 960px) 100vw, 960px\" \/><\/a> <a href=\"http:\/\/folhadosudeste.com\/site\/wp-content\/uploads\/2014\/09\/comando-47BPM.jpg\"><img loading=\"lazy\" decoding=\"async\" class=\"aligncenter size-full wp-image-4887\" alt=\"comando-47BPM\" src=\"http:\/\/folhadosudeste.com\/site\/wp-content\/uploads\/2014\/09\/comando-47BPM.jpg\" width=\"960\" height=\"720\" srcset=\"http:\/\/folhadosudeste.com\/site\/wp-content\/uploads\/2014\/09\/comando-47BPM.jpg 960w, http:\/\/folhadosudeste.com\/site\/wp-content\/uploads\/2014\/09\/comando-47BPM-300x225.jpg 300w\" sizes=\"auto, (max-width: 960px) 100vw, 960px\" \/><\/a> <a href=\"http:\/\/folhadosudeste.com\/site\/wp-content\/uploads\/2014\/09\/homenageados.jpg\"><img loading=\"lazy\" decoding=\"async\" class=\"aligncenter size-full wp-image-4888\" alt=\"homenageados\" src=\"http:\/\/folhadosudeste.com\/site\/wp-content\/uploads\/2014\/09\/homenageados.jpg\" width=\"960\" height=\"720\" srcset=\"http:\/\/folhadosudeste.com\/site\/wp-content\/uploads\/2014\/09\/homenageados.jpg 960w, http:\/\/folhadosudeste.com\/site\/wp-content\/uploads\/2014\/09\/homenageados-300x225.jpg 300w\" sizes=\"auto, (max-width: 960px) 100vw, 960px\" \/><\/a><\/p>\n<p style=\"text-align: justify;\"><i>Foi realizado na manh\u00e3 do dia 03 de setembro de 2014, a Solenidade de Anivers\u00e1rio do 2\u00ba Batalh\u00e3o da Pol\u00edcia Militar, sediado na cidade de Juiz de Fora, ocasi\u00e3o em que diversos militares foram homenageados pelos excelentes servi\u00e7os prestados e por destacarem em suas atividades di\u00e1rias.<\/i><\/p>\n<p style=\"text-align: justify;\"><i>\u00a0\u00a0\u00a0\u00a0\u00a0\u00a0\u00a0\u00a0\u00a0\u00a0\u00a0\u00a0\u00a0\u00a0\u00a0\u00a0 Na ocasi\u00e3o, foram outorgados a tr\u00eas militares do 47\u00ba BPM o Pr\u00eamio Guardi\u00e3o da Zona da Mata, sendo eles Cap PM Miqu\u00e9ias, 1\u00ba Sgt PM Gerson e Cb PM Rodrigo. Os homenageados receberam a premia\u00e7\u00e3o e os cumprimentos do Comandante Geral da Pol\u00edcia Militar &#8211; Coronel Sant&#8217; Ana e do Comandante da 4\u00aa Regi\u00e3o da Pol\u00edcia Militar \u2013 Coronel Geraldo.<\/i><\/p>\n<p style=\"text-align: justify;\"><i>\u00a0\u00a0\u00a0\u00a0\u00a0\u00a0\u00a0\u00a0\u00a0\u00a0\u00a0\u00a0\u00a0\u00a0\u00a0\u00a0 O Pr\u00eamio <\/i><i>Guardi\u00e3o da Zona da Mata constitui em um gesto de reconhecimento do Comando da 4\u00aa Regi\u00e3o da Pol\u00edcia Militar, ao trabalho realizado diariamente e de forma incans\u00e1vel pelos integrantes da\u00a0 Regi\u00e3o, compreendida pelos 86 munic\u00edpios da Zona da Mata Mineira. Ao final da solenidade, o Comandante do 47\u00ba BPM Ten Cel Naz\u00e1rio, parabenizou os homenageados e tamb\u00e9m seus comandados.<\/i><\/p>\n<p>Fonte: 47bpm<\/p>\n","protected":false},"excerpt":{"rendered":"<p>Foi realizado na manh\u00e3 do dia 03 de setembro de 2014, a Solenidade de Anivers\u00e1rio do 2\u00ba Batalh\u00e3o da Pol\u00edcia Militar, sediado na cidade de Juiz de Fora, ocasi\u00e3o em que diversos militares foram homenageados pelos excelentes servi\u00e7os prestados e por destacarem em suas atividades di\u00e1rias. \u00a0\u00a0\u00a0\u00a0\u00a0\u00a0\u00a0\u00a0\u00a0\u00a0\u00a0\u00a0\u00a0\u00a0\u00a0\u00a0 Na ocasi\u00e3o, foram outorgados a tr\u00eas militares do [&hellip;]<\/p>\n","protected":false},"author":4,"featured_media":4887,"comment_status":"open","ping_status":"closed","sticky":false,"template":"","format":"standard","meta":{"_joinchat":[],"footnotes":""},"categories":[1],"tags":[],"class_list":["post-4883","post","type-post","status-publish","format-standard","has-post-thumbnail","hentry","category-sem-categoria"],"_links":{"self":[{"href":"http:\/\/folhadosudeste.com\/site\/index.php?rest_route=\/wp\/v2\/posts\/4883","targetHints":{"allow":["GET"]}}],"collection":[{"href":"http:\/\/folhadosudeste.com\/site\/index.php?rest_route=\/wp\/v2\/posts"}],"about":[{"href":"http:\/\/folhadosudeste.com\/site\/index.php?rest_route=\/wp\/v2\/types\/post"}],"author":[{"embeddable":true,"href":"http:\/\/folhadosudeste.com\/site\/index.php?rest_route=\/wp\/v2\/users\/4"}],"replies":[{"embeddable":true,"href":"http:\/\/folhadosudeste.com\/site\/index.php?rest_route=%2Fwp%2Fv2%2Fcomments&post=4883"}],"version-history":[{"count":1,"href":"http:\/\/folhadosudeste.com\/site\/index.php?rest_route=\/wp\/v2\/posts\/4883\/revisions"}],"predecessor-version":[{"id":4889,"href":"http:\/\/folhadosudeste.com\/site\/index.php?rest_route=\/wp\/v2\/posts\/4883\/revisions\/4889"}],"wp:featuredmedia":[{"embeddable":true,"href":"http:\/\/folhadosudeste.com\/site\/index.php?rest_route=\/wp\/v2\/media\/4887"}],"wp:attachment":[{"href":"http:\/\/folhadosudeste.com\/site\/index.php?rest_route=%2Fwp%2Fv2%2Fmedia&parent=4883"}],"wp:term":[{"taxonomy":"category","embeddable":true,"href":"http:\/\/folhadosudeste.com\/site\/index.php?rest_route=%2Fwp%2Fv2%2Fcategories&post=4883"},{"taxonomy":"post_tag","embeddable":true,"href":"http:\/\/folhadosudeste.com\/site\/index.php?rest_route=%2Fwp%2Fv2%2Ftags&post=4883"}],"curies":[{"name":"wp","href":"https:\/\/api.w.org\/{rel}","templated":true}]}}