{"id":4900,"date":"2014-09-04T17:24:07","date_gmt":"2014-09-04T17:24:07","guid":{"rendered":"http:\/\/folhadosudeste.com\/site\/?p=4900"},"modified":"2014-09-04T17:24:07","modified_gmt":"2014-09-04T17:24:07","slug":"bdmg-investira-r-10-milhoes-no-criatec-iii","status":"publish","type":"post","link":"http:\/\/folhadosudeste.com\/site\/?p=4900","title":{"rendered":"BDMG investir\u00e1 R$ 10 milh\u00f5es no Criatec III"},"content":{"rendered":"<p><a href=\"http:\/\/folhadosudeste.com\/site\/wp-content\/uploads\/2014\/09\/DSC01312.jpg\"><img loading=\"lazy\" decoding=\"async\" class=\"aligncenter size-full wp-image-4901\" alt=\"DSC01312\" src=\"http:\/\/folhadosudeste.com\/site\/wp-content\/uploads\/2014\/09\/DSC01312.jpg\" width=\"620\" height=\"229\" srcset=\"http:\/\/folhadosudeste.com\/site\/wp-content\/uploads\/2014\/09\/DSC01312.jpg 620w, http:\/\/folhadosudeste.com\/site\/wp-content\/uploads\/2014\/09\/DSC01312-300x110.jpg 300w\" sizes=\"auto, (max-width: 620px) 100vw, 620px\" \/><\/a><\/p>\n<p><strong>BDMG investir\u00e1 R$ 10 milh\u00f5es no Criatec III<\/strong><\/p>\n<div dir=\"ltr\">\n<div dir=\"ltr\">\n<div dir=\"ltr\">\n<div dir=\"ltr\">\n<div dir=\"ltr\">\n<div dir=\"ltr\">\n<div dir=\"ltr\">\n<div dir=\"ltr\">\n<div dir=\"ltr\">\n<div dir=\"ltr\">\n<div dir=\"ltr\">\n<div dir=\"ltr\">\n<div dir=\"ltr\">\n<div dir=\"ltr\">\n<div dir=\"ltr\">\n<div dir=\"ltr\">\n<div dir=\"ltr\">\n<div dir=\"ltr\">\n<div dir=\"ltr\">\n<div dir=\"ltr\">\n<div dir=\"ltr\">\n<div dir=\"ltr\">\n<div dir=\"ltr\">\n<div dir=\"ltr\">\n<div dir=\"ltr\">\n<p><em>\u00a0<\/em><\/p>\n<p><em>Fundo estruturado pelo BNDES ter\u00e1 patrim\u00f4nio comprometido de R$ 200 milh\u00f5es e apoiar\u00e1 micro e pequenas empresas inovadoras<\/em><\/p>\n<p><strong>\u00a0<\/strong><\/p>\n<p><strong>Belo Horizonte, setembro de 2014 \u2013\u00a0<\/strong>Seguindo a estrat\u00e9gia de apoio a empresas de base tecnol\u00f3gica, o Banco de Desenvolvimento de Minas Gerais (BDMG) confirma mais um compromisso para investimento em fundos de\u00a0<em>venture capital<\/em>. O Banco ter\u00e1 participa\u00e7\u00e3o de R$ 10 milh\u00f5es no fundo Criatec III, estruturado pelo Banco Nacional de Desenvolvimento Econ\u00f4mico e Social (BNDES) e que tem patrim\u00f4nio comprometido de R$ 200 milh\u00f5es. A chamada p\u00fablica para sele\u00e7\u00e3o do gestor foi publicada no dia 29 de agosto de 2014 e ter\u00e1 participa\u00e7\u00e3o ativa do BDMG junto ao BNDES.<\/p>\n<p>&nbsp;<\/p>\n<p>Com o novo compromisso, a carteira atual do BDMG abranger\u00e1 seis fundos \u2013 AvanTI, HorizonTI, Brasil Sustentabilidade, DLM Brasil TI, Criatec II e Criatec III \u2013 e R$ 43,75 milh\u00f5es em valores comprometidos, dos quais R$ 10,5 milh\u00f5es j\u00e1 foram integralizados para o apoio de 17 empresas investidas ou com investimento aprovado pelos cotistas dos respectivos fundos.No Criatec III, uma regional ser\u00e1 instalada em Minas Gerais e o valor investido pelo BDMG ser\u00e1 destinado a empresas presentes no estado. A primeira integraliza\u00e7\u00e3o est\u00e1 prevista para o in\u00edcio de 2015.<\/p>\n<p>&nbsp;<\/p>\n<p>O BDMG est\u00e1 presente em fundos que atuam desde capital semente at\u00e9 a \u00faltima faixa de capital de crescimento \u2013 R$ 120 mil a R$ 200 milh\u00f5es de faturamento anual. O comprometimento no Criatec III representa a continuidade de atua\u00e7\u00e3o conjunta do BDMG com o BNDES, j\u00e1 que o Banco apoia o Criatec II. \u201cA atua\u00e7\u00e3o em fundos de investimento em participa\u00e7\u00e3o representa o fomento ao ecossistema mineiro de empreendedorismo e inova\u00e7\u00e3o, bem como o aumento da visibilidade do Estado no mercado de capitais brasileiro\u201d, afirma a gerente de Opera\u00e7\u00f5es Estruturadas do BDMG, Larissa Wolochate.<\/p>\n<p>&nbsp;<\/p>\n<p>Neste ano, o Banco firmou compromisso de investimento de R$ 6,25 milh\u00f5es no fundo AvanTI, gerido pela Confrapar e Truffle Capital, refor\u00e7ando seu objetivo de fomentar gestores mineiros.<\/p>\n<p>&nbsp;<\/p>\n<p>&nbsp;<\/p>\n<table width=\"100%\" cellspacing=\"0\">\n<tbody>\n<tr>\n<td>Fundo de Investimento em Participa\u00e7\u00e3o (FIP)<\/td>\n<td>Valor comprometido<\/td>\n<td>Valor j\u00e1 integralizado<\/td>\n<\/tr>\n<tr>\n<td>HorizonTI<\/td>\n<td>R$ 2,5 milh\u00f5es<\/td>\n<td>R$ 2,3 milh\u00f5es<\/td>\n<\/tr>\n<tr>\n<td>Brasil Sustentabilidade<\/td>\n<td>R$ 10,0 milh\u00f5es<\/td>\n<td>R$ 6,0 milh\u00f5es<\/td>\n<\/tr>\n<tr>\n<td>DLM Brasil TI<\/td>\n<td>R$ 5,0 milh\u00f5es<\/td>\n<td>R$ 1,8 milh\u00f5es<\/td>\n<\/tr>\n<tr>\n<td>CriatecII<\/td>\n<td>R$ 10,0 milh\u00f5es<\/td>\n<td>R$ 0,3 milh\u00e3o<\/td>\n<\/tr>\n<tr>\n<td>AvanTI<\/td>\n<td>R$ 6,25 milh\u00f5es<\/td>\n<td>R$ 0,1 milh\u00e3o<\/td>\n<\/tr>\n<tr>\n<td>Criatec III<\/td>\n<td>R$ 10,0 milh\u00f5es<\/td>\n<td>&#8211;<\/td>\n<\/tr>\n<tr>\n<td>Total<\/td>\n<td>R$ 43,75 milh\u00f5es<\/td>\n<td>R$ 10,5 milh\u00f5es<\/td>\n<\/tr>\n<\/tbody>\n<\/table>\n<p>&nbsp;<\/p>\n<p>&nbsp;<\/p>\n<p><strong>Assessoria de Imprensa BDMG<\/strong><\/p>\n<p><strong>\u00a0\u200b<\/strong><\/p>\n<p>&nbsp;<\/p>\n<p>&nbsp;<\/p>\n<p>&nbsp;<\/p>\n<div>\n<div>\n<p><b>Wagner Rodrigo Arratia Concha\u00a0<\/b><br \/>\n<b>FSB COMUNICA\u00c7\u00d5ES<\/b><\/p>\n<p><b><img decoding=\"async\" alt=\"\" src=\"https:\/\/ci4.googleusercontent.com\/proxy\/rxISMGcQutmHmlvaWXuz251dpgQXqy6uVD3jaiB3StSoICSow38Yi2kubZU58ak-bR_8Tea6rkg_eXsAUJDnexmqKbri=s0-d-e1-ft#http:\/\/www.fsb.com.br\/assinatura\/assinatura.jpg\" \/><br \/>\n<\/b><\/p>\n<p>&nbsp;<\/p>\n<p>Tel.: + 55 31\u00a0<b>3228.1000<br \/>\n<\/b>Cel.: + 55 31\u00a0<b>8846.2908<br \/>\n<\/b>Fax: + 55 31\u00a0<b>3228.1001<br \/>\n<\/b>Website:\u00a0<a title=\"http:\/\/www.fsb.com.br\/\" href=\"http:\/\/www.fsb.com.br\/\" target=\"_blank\"><b>http:\/\/www.fsb.com.br<\/b><\/a><\/p>\n<\/div>\n<\/div>\n<\/div>\n<\/div>\n<\/div>\n<\/div>\n<\/div>\n<\/div>\n<\/div>\n<\/div>\n<\/div>\n<\/div>\n<\/div>\n<\/div>\n<\/div>\n<\/div>\n<\/div>\n<\/div>\n<\/div>\n<\/div>\n<\/div>\n<\/div>\n<\/div>\n<\/div>\n<\/div>\n<\/div>\n<\/div>\n","protected":false},"excerpt":{"rendered":"<p>BDMG investir\u00e1 R$ 10 milh\u00f5es no Criatec III \u00a0 Fundo estruturado pelo BNDES ter\u00e1 patrim\u00f4nio comprometido de R$ 200 milh\u00f5es e apoiar\u00e1 micro e pequenas empresas inovadoras \u00a0 Belo Horizonte, setembro de 2014 \u2013\u00a0Seguindo a estrat\u00e9gia de apoio a empresas de base tecnol\u00f3gica, o Banco de Desenvolvimento de Minas Gerais (BDMG) confirma mais um compromisso [&hellip;]<\/p>\n","protected":false},"author":4,"featured_media":4901,"comment_status":"open","ping_status":"closed","sticky":false,"template":"","format":"standard","meta":{"_joinchat":[],"footnotes":""},"categories":[1],"tags":[],"class_list":["post-4900","post","type-post","status-publish","format-standard","has-post-thumbnail","hentry","category-sem-categoria"],"_links":{"self":[{"href":"http:\/\/folhadosudeste.com\/site\/index.php?rest_route=\/wp\/v2\/posts\/4900","targetHints":{"allow":["GET"]}}],"collection":[{"href":"http:\/\/folhadosudeste.com\/site\/index.php?rest_route=\/wp\/v2\/posts"}],"about":[{"href":"http:\/\/folhadosudeste.com\/site\/index.php?rest_route=\/wp\/v2\/types\/post"}],"author":[{"embeddable":true,"href":"http:\/\/folhadosudeste.com\/site\/index.php?rest_route=\/wp\/v2\/users\/4"}],"replies":[{"embeddable":true,"href":"http:\/\/folhadosudeste.com\/site\/index.php?rest_route=%2Fwp%2Fv2%2Fcomments&post=4900"}],"version-history":[{"count":1,"href":"http:\/\/folhadosudeste.com\/site\/index.php?rest_route=\/wp\/v2\/posts\/4900\/revisions"}],"predecessor-version":[{"id":4902,"href":"http:\/\/folhadosudeste.com\/site\/index.php?rest_route=\/wp\/v2\/posts\/4900\/revisions\/4902"}],"wp:featuredmedia":[{"embeddable":true,"href":"http:\/\/folhadosudeste.com\/site\/index.php?rest_route=\/wp\/v2\/media\/4901"}],"wp:attachment":[{"href":"http:\/\/folhadosudeste.com\/site\/index.php?rest_route=%2Fwp%2Fv2%2Fmedia&parent=4900"}],"wp:term":[{"taxonomy":"category","embeddable":true,"href":"http:\/\/folhadosudeste.com\/site\/index.php?rest_route=%2Fwp%2Fv2%2Fcategories&post=4900"},{"taxonomy":"post_tag","embeddable":true,"href":"http:\/\/folhadosudeste.com\/site\/index.php?rest_route=%2Fwp%2Fv2%2Ftags&post=4900"}],"curies":[{"name":"wp","href":"https:\/\/api.w.org\/{rel}","templated":true}]}}