{"id":4906,"date":"2014-09-05T10:43:17","date_gmt":"2014-09-05T10:43:17","guid":{"rendered":"http:\/\/folhadosudeste.com\/site\/?p=4906"},"modified":"2014-09-05T10:43:17","modified_gmt":"2014-09-05T10:43:17","slug":"gabinete-particular-dos-vereadores-e-inaugurado-na-camara-municipal","status":"publish","type":"post","link":"http:\/\/folhadosudeste.com\/site\/?p=4906","title":{"rendered":"Gabinete particular dos vereadores \u00e9 inaugurado na C\u00e2mara Municipal"},"content":{"rendered":"<p><a href=\"http:\/\/folhadosudeste.com\/site\/wp-content\/uploads\/2014\/09\/DSC_0058.jpg\"><img loading=\"lazy\" decoding=\"async\" class=\"aligncenter size-full wp-image-4907\" alt=\"DSC_0058\" src=\"http:\/\/folhadosudeste.com\/site\/wp-content\/uploads\/2014\/09\/DSC_0058.jpg\" width=\"800\" height=\"533\" srcset=\"http:\/\/folhadosudeste.com\/site\/wp-content\/uploads\/2014\/09\/DSC_0058.jpg 800w, http:\/\/folhadosudeste.com\/site\/wp-content\/uploads\/2014\/09\/DSC_0058-300x199.jpg 300w\" sizes=\"auto, (max-width: 800px) 100vw, 800px\" \/><\/a><\/p>\n<p><b>Gabinete particular dos vereadores \u00e9 inaugurado na C\u00e2mara Municipal<\/b><\/p>\n<p>&nbsp;<\/p>\n<p>Na \u00faltima sexta (29), os vereadores comemoraram, junto \u00e0 popula\u00e7\u00e3o muriaeense, a inaugura\u00e7\u00e3o de seus gabinetes particulares na C\u00e2mara Municipal. Atualmente, o cargo de presidente do Poder Legislativo encontra-se na responsabilidade de Sgto. Joel, que o assumiu depois de ter sido eleito o vereador mais votado do \u00faltimo pleito eleitoral.<\/p>\n<p>Ele conta que seu ponto de partida foi reestruturar toda a quest\u00e3o f\u00edsica da C\u00e2mara e retirar o Ipsemg do local, que estava l\u00e1 h\u00e1 mais 40 anos. <i>\u201cConsegui com uma equipe de licita\u00e7\u00f5es com o&#8230;<\/i> Saiba mais no Jornal Folha do Sudeste edi\u00e7\u00e3o 626, nas bancas a partir desse final de semana.[dopwgg id=&#8221;407&#8243;]<\/p>\n","protected":false},"excerpt":{"rendered":"<p>Gabinete particular dos vereadores \u00e9 inaugurado na C\u00e2mara Municipal &nbsp; Na \u00faltima sexta (29), os vereadores comemoraram, junto \u00e0 popula\u00e7\u00e3o muriaeense, a inaugura\u00e7\u00e3o de seus gabinetes particulares na C\u00e2mara Municipal. Atualmente, o cargo de presidente do Poder Legislativo encontra-se na responsabilidade de Sgto. Joel, que o assumiu depois de ter sido eleito o vereador mais [&hellip;]<\/p>\n","protected":false},"author":4,"featured_media":4907,"comment_status":"open","ping_status":"closed","sticky":false,"template":"","format":"standard","meta":{"_joinchat":[],"footnotes":""},"categories":[1],"tags":[],"class_list":["post-4906","post","type-post","status-publish","format-standard","has-post-thumbnail","hentry","category-sem-categoria"],"_links":{"self":[{"href":"http:\/\/folhadosudeste.com\/site\/index.php?rest_route=\/wp\/v2\/posts\/4906","targetHints":{"allow":["GET"]}}],"collection":[{"href":"http:\/\/folhadosudeste.com\/site\/index.php?rest_route=\/wp\/v2\/posts"}],"about":[{"href":"http:\/\/folhadosudeste.com\/site\/index.php?rest_route=\/wp\/v2\/types\/post"}],"author":[{"embeddable":true,"href":"http:\/\/folhadosudeste.com\/site\/index.php?rest_route=\/wp\/v2\/users\/4"}],"replies":[{"embeddable":true,"href":"http:\/\/folhadosudeste.com\/site\/index.php?rest_route=%2Fwp%2Fv2%2Fcomments&post=4906"}],"version-history":[{"count":1,"href":"http:\/\/folhadosudeste.com\/site\/index.php?rest_route=\/wp\/v2\/posts\/4906\/revisions"}],"predecessor-version":[{"id":4908,"href":"http:\/\/folhadosudeste.com\/site\/index.php?rest_route=\/wp\/v2\/posts\/4906\/revisions\/4908"}],"wp:featuredmedia":[{"embeddable":true,"href":"http:\/\/folhadosudeste.com\/site\/index.php?rest_route=\/wp\/v2\/media\/4907"}],"wp:attachment":[{"href":"http:\/\/folhadosudeste.com\/site\/index.php?rest_route=%2Fwp%2Fv2%2Fmedia&parent=4906"}],"wp:term":[{"taxonomy":"category","embeddable":true,"href":"http:\/\/folhadosudeste.com\/site\/index.php?rest_route=%2Fwp%2Fv2%2Fcategories&post=4906"},{"taxonomy":"post_tag","embeddable":true,"href":"http:\/\/folhadosudeste.com\/site\/index.php?rest_route=%2Fwp%2Fv2%2Ftags&post=4906"}],"curies":[{"name":"wp","href":"https:\/\/api.w.org\/{rel}","templated":true}]}}