{"id":4920,"date":"2014-09-05T10:59:15","date_gmt":"2014-09-05T10:59:15","guid":{"rendered":"http:\/\/folhadosudeste.com\/site\/?p=4920"},"modified":"2014-09-05T10:59:15","modified_gmt":"2014-09-05T10:59:15","slug":"festividades-prometem-agitar-final-de-semana-em-muriae","status":"publish","type":"post","link":"http:\/\/folhadosudeste.com\/site\/?p=4920","title":{"rendered":"Festividades prometem agitar final de semana em Muria\u00e9"},"content":{"rendered":"<p style=\"text-align: justify;\"><a href=\"http:\/\/folhadosudeste.com\/site\/wp-content\/uploads\/2014\/09\/DSC_0006.jpg\"><img loading=\"lazy\" decoding=\"async\" class=\"aligncenter size-full wp-image-4921\" alt=\"DSC_0006\" src=\"http:\/\/folhadosudeste.com\/site\/wp-content\/uploads\/2014\/09\/DSC_0006.jpg\" width=\"800\" height=\"533\" srcset=\"http:\/\/folhadosudeste.com\/site\/wp-content\/uploads\/2014\/09\/DSC_0006.jpg 800w, http:\/\/folhadosudeste.com\/site\/wp-content\/uploads\/2014\/09\/DSC_0006-300x199.jpg 300w\" sizes=\"auto, (max-width: 800px) 100vw, 800px\" \/><\/a> <a href=\"http:\/\/folhadosudeste.com\/site\/wp-content\/uploads\/2014\/09\/DSC_0003.jpg\"><img loading=\"lazy\" decoding=\"async\" class=\"aligncenter size-full wp-image-4922\" alt=\"DSC_0003\" src=\"http:\/\/folhadosudeste.com\/site\/wp-content\/uploads\/2014\/09\/DSC_0003.jpg\" width=\"800\" height=\"533\" srcset=\"http:\/\/folhadosudeste.com\/site\/wp-content\/uploads\/2014\/09\/DSC_0003.jpg 800w, http:\/\/folhadosudeste.com\/site\/wp-content\/uploads\/2014\/09\/DSC_0003-300x199.jpg 300w\" sizes=\"auto, (max-width: 800px) 100vw, 800px\" \/><\/a><\/p>\n<p style=\"text-align: justify;\"><b>Festividades prometem agitar final de semana em Muria\u00e9<\/b><\/p>\n<p style=\"text-align: justify;\">\n<p style=\"text-align: justify;\">O final de semana promete ser de muitas comemora\u00e7\u00f5es para os muriaeenses. V\u00e1rios eventos ser\u00e3o celebrados na cidade, com previs\u00e3o de serem prestigiados por um grande p\u00fablico. Separamos nessa mat\u00e9ria as principais celebra\u00e7\u00f5es programadas.<\/p>\n<p style=\"text-align: justify;\">\n<p style=\"text-align: justify;\"><b>59\u00aa Exp\u00f4 de Muria\u00e9<\/b><\/p>\n<p style=\"text-align: justify;\">\n<p style=\"text-align: justify;\">A Prefeitura de Muria\u00e9 est\u00e1 realizando a 59\u00aa Exposi\u00e7\u00e3o Agropecu\u00e1ria e Industrial de Muria\u00e9 em parceria com o Sindicato Rural.<\/p>\n<p style=\"text-align: justify;\">Na \u00faltima ter\u00e7a-feira (2), a abertura teve o show gospel de Andr\u00e9 &amp; Felipe (evang\u00e9lico). Na quarta (3), foi a vez do grupo Un\u00e7\u00e3o (cat\u00f3lico) e outras bandas da cidade.<\/p>\n<p style=\"text-align: justify;\">J\u00e1 nesta quinta-feira (4), aconteceu a inaugura\u00e7\u00e3o do Pavilh\u00e3o Comercial e, para abrir a noite, o som ficou por conta da banda \u2018Pequeno John\u2019, com um show de rock\u00b4n roll.<\/p>\n<p style=\"text-align: justify;\">Por sua vez, nesta sexta-feira (5), a Banda Zem e a dupla sertaneja \u2018Humberto e Ronaldo\u2019 comandar\u00e3o a noite. Amanh\u00e3 (06\/09), \u00e9 a vez do grupo \u2018Molejo\u2019 que embalar\u00e1 a madrugada.<\/p>\n<p style=\"text-align: justify;\">E, no domingo (7)&#8230; Saiba mais no Jornal Folha do Sudeste edi\u00e7\u00e3o 626, nas bancas a partir desse final de semana.[dopwgg id=&#8221;409&#8243;]<\/p>\n","protected":false},"excerpt":{"rendered":"<p>Festividades prometem agitar final de semana em Muria\u00e9 O final de semana promete ser de muitas comemora\u00e7\u00f5es para os muriaeenses. V\u00e1rios eventos ser\u00e3o celebrados na cidade, com previs\u00e3o de serem prestigiados por um grande p\u00fablico. Separamos nessa mat\u00e9ria as principais celebra\u00e7\u00f5es programadas. 59\u00aa Exp\u00f4 de Muria\u00e9 A Prefeitura de Muria\u00e9 est\u00e1 realizando a 59\u00aa Exposi\u00e7\u00e3o [&hellip;]<\/p>\n","protected":false},"author":4,"featured_media":4922,"comment_status":"open","ping_status":"closed","sticky":false,"template":"","format":"standard","meta":{"_joinchat":[],"footnotes":""},"categories":[1],"tags":[],"class_list":["post-4920","post","type-post","status-publish","format-standard","has-post-thumbnail","hentry","category-sem-categoria"],"_links":{"self":[{"href":"http:\/\/folhadosudeste.com\/site\/index.php?rest_route=\/wp\/v2\/posts\/4920","targetHints":{"allow":["GET"]}}],"collection":[{"href":"http:\/\/folhadosudeste.com\/site\/index.php?rest_route=\/wp\/v2\/posts"}],"about":[{"href":"http:\/\/folhadosudeste.com\/site\/index.php?rest_route=\/wp\/v2\/types\/post"}],"author":[{"embeddable":true,"href":"http:\/\/folhadosudeste.com\/site\/index.php?rest_route=\/wp\/v2\/users\/4"}],"replies":[{"embeddable":true,"href":"http:\/\/folhadosudeste.com\/site\/index.php?rest_route=%2Fwp%2Fv2%2Fcomments&post=4920"}],"version-history":[{"count":1,"href":"http:\/\/folhadosudeste.com\/site\/index.php?rest_route=\/wp\/v2\/posts\/4920\/revisions"}],"predecessor-version":[{"id":4923,"href":"http:\/\/folhadosudeste.com\/site\/index.php?rest_route=\/wp\/v2\/posts\/4920\/revisions\/4923"}],"wp:featuredmedia":[{"embeddable":true,"href":"http:\/\/folhadosudeste.com\/site\/index.php?rest_route=\/wp\/v2\/media\/4922"}],"wp:attachment":[{"href":"http:\/\/folhadosudeste.com\/site\/index.php?rest_route=%2Fwp%2Fv2%2Fmedia&parent=4920"}],"wp:term":[{"taxonomy":"category","embeddable":true,"href":"http:\/\/folhadosudeste.com\/site\/index.php?rest_route=%2Fwp%2Fv2%2Fcategories&post=4920"},{"taxonomy":"post_tag","embeddable":true,"href":"http:\/\/folhadosudeste.com\/site\/index.php?rest_route=%2Fwp%2Fv2%2Ftags&post=4920"}],"curies":[{"name":"wp","href":"https:\/\/api.w.org\/{rel}","templated":true}]}}