{"id":4937,"date":"2014-09-05T19:27:15","date_gmt":"2014-09-05T19:27:15","guid":{"rendered":"http:\/\/folhadosudeste.com\/site\/?p=4937"},"modified":"2014-09-05T19:27:15","modified_gmt":"2014-09-05T19:27:15","slug":"com-arquitetura-ousada-e-moderna-memorial-da-fundacao-cristiano-varella-e-inaugurado-em-muriae","status":"publish","type":"post","link":"http:\/\/folhadosudeste.com\/site\/?p=4937","title":{"rendered":"Com arquitetura ousada e moderna, Memorial da Funda\u00e7\u00e3o Cristiano Varella \u00e9 inaugurado em Muria\u00e9"},"content":{"rendered":"<p style=\"text-align: justify;\"><a href=\"http:\/\/folhadosudeste.com\/site\/wp-content\/uploads\/2014\/09\/DSC_0328.jpg\"><img loading=\"lazy\" decoding=\"async\" class=\"aligncenter size-full wp-image-4938\" alt=\"DSC_0328\" src=\"http:\/\/folhadosudeste.com\/site\/wp-content\/uploads\/2014\/09\/DSC_0328.jpg\" width=\"800\" height=\"533\" srcset=\"http:\/\/folhadosudeste.com\/site\/wp-content\/uploads\/2014\/09\/DSC_0328.jpg 800w, http:\/\/folhadosudeste.com\/site\/wp-content\/uploads\/2014\/09\/DSC_0328-300x199.jpg 300w\" sizes=\"auto, (max-width: 800px) 100vw, 800px\" \/><\/a><\/p>\n<p><b>Com arquitetura ousada e moderna, Memorial da Funda\u00e7\u00e3o Cristiano Varella \u00e9 inaugurado em Muria\u00e9<\/b><\/p>\n<p>&nbsp;<\/p>\n<p>O Memorial da Funda\u00e7\u00e3o Cristiano Varella, ao lado do Hospital do C\u00e2ncer de Muria\u00e9, foi inaugurado na tarde da \u00faltima quinta (4), data em que o patrono da institui\u00e7\u00e3o completaria 42 anos. O objetivo \u00e9 resgatar a mem\u00f3ria do jovem Cristiano Ferreira Varella, que faleceu ap\u00f3s um acidente automobil\u00edstico aos 22 anos de idade. O espa\u00e7o possui uma arquitetura ousada e moderna, que chama aten\u00e7\u00e3o pelos objetos pessoais que remetem e fazem refer\u00eancia \u00e0 vida e hist\u00f3ria de Cristiano, o qual deu uma grande contribui\u00e7\u00e3o social para a comunidade mineira, apesar de falecer prematuramente. Destaque para uma est\u00e1tua de cera, r\u00e9plica fiel de sua figura, e outra de bronze, al\u00e9m do cavalo preferido do jovem, Fedro, preservado por taxidermia \u2013 arte de montar ou reproduzir animais para exibi\u00e7\u00e3o ou estudo. A est\u00e1tua de bronze, com 2,70 metros, foi executada pelo artista pl\u00e1stico Pedro C\u00e9sar Almeida Santos.<\/p>\n<p>Na ocasi\u00e3o da inaugura\u00e7\u00e3o, com grande presen\u00e7a e&#8230; Saiba mais no Jornal Folha do Sudeste edi\u00e7\u00e3o 626, nas bancas a partir desse final de semana.[dopwgg id=&#8221;413&#8243;]<\/p>\n","protected":false},"excerpt":{"rendered":"<p>Com arquitetura ousada e moderna, Memorial da Funda\u00e7\u00e3o Cristiano Varella \u00e9 inaugurado em Muria\u00e9 &nbsp; O Memorial da Funda\u00e7\u00e3o Cristiano Varella, ao lado do Hospital do C\u00e2ncer de Muria\u00e9, foi inaugurado na tarde da \u00faltima quinta (4), data em que o patrono da institui\u00e7\u00e3o completaria 42 anos. O objetivo \u00e9 resgatar a mem\u00f3ria do jovem [&hellip;]<\/p>\n","protected":false},"author":4,"featured_media":4938,"comment_status":"open","ping_status":"closed","sticky":false,"template":"","format":"standard","meta":{"_joinchat":[],"footnotes":""},"categories":[1],"tags":[],"class_list":["post-4937","post","type-post","status-publish","format-standard","has-post-thumbnail","hentry","category-sem-categoria"],"_links":{"self":[{"href":"http:\/\/folhadosudeste.com\/site\/index.php?rest_route=\/wp\/v2\/posts\/4937","targetHints":{"allow":["GET"]}}],"collection":[{"href":"http:\/\/folhadosudeste.com\/site\/index.php?rest_route=\/wp\/v2\/posts"}],"about":[{"href":"http:\/\/folhadosudeste.com\/site\/index.php?rest_route=\/wp\/v2\/types\/post"}],"author":[{"embeddable":true,"href":"http:\/\/folhadosudeste.com\/site\/index.php?rest_route=\/wp\/v2\/users\/4"}],"replies":[{"embeddable":true,"href":"http:\/\/folhadosudeste.com\/site\/index.php?rest_route=%2Fwp%2Fv2%2Fcomments&post=4937"}],"version-history":[{"count":1,"href":"http:\/\/folhadosudeste.com\/site\/index.php?rest_route=\/wp\/v2\/posts\/4937\/revisions"}],"predecessor-version":[{"id":4939,"href":"http:\/\/folhadosudeste.com\/site\/index.php?rest_route=\/wp\/v2\/posts\/4937\/revisions\/4939"}],"wp:featuredmedia":[{"embeddable":true,"href":"http:\/\/folhadosudeste.com\/site\/index.php?rest_route=\/wp\/v2\/media\/4938"}],"wp:attachment":[{"href":"http:\/\/folhadosudeste.com\/site\/index.php?rest_route=%2Fwp%2Fv2%2Fmedia&parent=4937"}],"wp:term":[{"taxonomy":"category","embeddable":true,"href":"http:\/\/folhadosudeste.com\/site\/index.php?rest_route=%2Fwp%2Fv2%2Fcategories&post=4937"},{"taxonomy":"post_tag","embeddable":true,"href":"http:\/\/folhadosudeste.com\/site\/index.php?rest_route=%2Fwp%2Fv2%2Ftags&post=4937"}],"curies":[{"name":"wp","href":"https:\/\/api.w.org\/{rel}","templated":true}]}}